{"id":947,"date":"2011-06-05T15:07:00","date_gmt":"2011-06-05T13:07:00","guid":{"rendered":"http:\/\/www.alongo.it\/?p=947"},"modified":"2011-06-05T15:08:45","modified_gmt":"2011-06-05T13:08:45","slug":"riganelli-e-i-commenti-offensivi-su-facebook","status":"publish","type":"post","link":"https:\/\/www.alongo.it\/?p=947","title":{"rendered":"Riganelli e i commenti offensivi su Facebook"},"content":{"rendered":"<p><a href=\"http:\/\/tuttoggi.info\/articolo\/32840\/\">Altro scandalo per una pagina dell&#8217;orrore su Facebook. <\/a>La polizia ha identificato gli autori dei commenti di cattivo gusto sulla morte del bambino lasciato in auto dal padre. <a href=\"http:\/\/www.facebook.com\/pages\/JACOPO-RIGANELLI-Un-altro-angelo-volato-in-cielo-11-mesi\/219801121371811\">Leggo per esempio di paragoni con un pollo arrosto.<\/a> La pagina \u00e8 ancora online e, a quanto mi dice anche <a href=\"http:\/\/www.fulviosarzana.it\/\">Fulvio Sarzana<\/a>, \u00e8 difficile ascrivere quei commenti a qualche reato. Forse la polizia ha voluto identificare gli autori per valutarne la pericolosit\u00e0 sociale.<\/p>\n<p>E&#8217; interessante per\u00f2 sottolineare come gli utenti ancora ignorino l&#8217;effetto a cascata di quanto pubblicato sul web. Sar\u00e0 l&#8217;altra faccia della medaglia dei tanti politici secondo cui &#8220;internet \u00e8 un far west&#8221; e &#8220;va regolata&#8221;. Non \u00e8 un far west, chi lo crede scrive quello che vuole e appunto fa danni. Cadendo in reati penali o ammaccando la propria reputazione (nota come sia anche fuorviante parlare solo di &#8220;reputazione online&#8221;. Abbiamo una sola reputazione).<\/p>\n<p>C&#8217;\u00e8 anche l&#8217;eterogenesi dei fini di quanto scritto sul web, che non ci si pu\u00f2 permettere di sottovalutare o ignorare dopo averlo pubblicato. Cos\u00ec chi ha aperto una pagina sul bambino forse voleva solo commemorarlo. Ma ora, poich\u00e9 si \u00e8 ostinato a lasciarla aperta, viene associato ai commentatori sgradevoli.<\/p>\n<div><div style=\"padding-top:10px;margin-bottom:10px;font-size:10pt;font-family:arial;font-weight:bold;\"><\/div><div class=simplesocial><a href=\"http:\/\/twitter.com\/share\" data-url=\"https:\/\/www.alongo.it\/?p=947\" data-text=\"Riganelli+e+i+commenti+offensivi+su+Facebook\" class=\"twitter-share-button\" data-count=\"horizontal\">Tweet<\/a><script type=\"text\/javascript\" src=\"http:\/\/platform.twitter.com\/widgets.js\"><\/script><\/div><div class=simplesocial><iframe src=\"http:\/\/www.facebook.com\/plugins\/like.php?href=https%3A%2F%2Fwww.alongo.it%2F%3Fp%3D947&layout=standard&show_faces=false&width=450&action=like&colorscheme=light&height=35\" scrolling=\"no\" frameborder=\"0\" style=\"border:none; overflow:hidden; width:450px; height:25px;\" allowTransparency=\"true\"><\/iframe><\/div><div style=\"clear:both\"><\/div><a class=simplesocial onclick=\"return simplesocial(this,500,400)\" title=\"Share on Facebook\" style=\"background:url(http:\/\/www.alongo.it\/wp-content\/plugins\/simple-social-sharing-widgets-icons\/icons_16\/facebook.png)\" href=\"http:\/\/www.facebook.com\/share.php?u=https%3A%2F%2Fwww.alongo.it%2F%3Fp%3D947&t=Riganelli+e+i+commenti+offensivi+su+Facebook\"><\/a><a class=simplesocial onclick=\"return simplesocial(this,812,420)\" title=\"Share on Twitter\" style=\"background:url(http:\/\/www.alongo.it\/wp-content\/plugins\/simple-social-sharing-widgets-icons\/icons_16\/twitter.png)\" href=\"http:\/\/twitter.com\/home?status=https%3A%2F%2Fwww.alongo.it%2F%3Fp%3D947\"><\/a><a class=simplesocial onclick=\"return simplesocial(this,435,500)\" title=\"Email a Friend\" style=\"background:url(http:\/\/www.alongo.it\/wp-content\/plugins\/simple-social-sharing-widgets-icons\/icons_16\/email.png)\" href=\"http:\/\/www.freetellafriend.com\/tell\/?heading=Share+This+Article&bg=1&option=email&url=https%3A%2F%2Fwww.alongo.it%2F%3Fp%3D947\"><\/a><\/div><div style=\"clear:both;margin-bottom:20px\"><\/div>","protected":false},"excerpt":{"rendered":"<p>Altro scandalo per una pagina dell&#8217;orrore su Facebook. La polizia ha identificato gli autori dei commenti di cattivo gusto sulla morte del bambino lasciato in auto dal padre. Leggo per esempio di paragoni con un pollo arrosto. La pagina \u00e8 ancora online e, a quanto mi dice anche Fulvio Sarzana, \u00e8 difficile ascrivere quei commenti [&hellip;]<\/p>\n","protected":false},"author":1,"featured_media":0,"comment_status":"open","ping_status":"open","sticky":false,"template":"","format":"standard","meta":{"footnotes":""},"categories":[1],"tags":[30],"class_list":["post-947","post","type-post","status-publish","format-standard","hentry","category-articoli","tag-facebook"],"yoast_head":"<!-- This site is optimized with the Yoast SEO plugin v27.5 - https:\/\/yoast.com\/product\/yoast-seo-wordpress\/ -->\n<title>Riganelli e i commenti offensivi su Facebook - Alessandro Longo<\/title>\n<meta name=\"robots\" content=\"index, follow, max-snippet:-1, max-image-preview:large, max-video-preview:-1\" \/>\n<link rel=\"canonical\" href=\"https:\/\/www.alongo.it\/?p=947\" \/>\n<meta property=\"og:locale\" content=\"it_IT\" \/>\n<meta property=\"og:type\" content=\"article\" \/>\n<meta property=\"og:title\" content=\"Riganelli e i commenti offensivi su Facebook - Alessandro Longo\" \/>\n<meta property=\"og:description\" content=\"Altro scandalo per una pagina dell&#8217;orrore su Facebook. La polizia ha identificato gli autori dei commenti di cattivo gusto sulla morte del bambino lasciato in auto dal padre. Leggo per esempio di paragoni con un pollo arrosto. La pagina \u00e8 ancora online e, a quanto mi dice anche Fulvio Sarzana, \u00e8 difficile ascrivere quei commenti [&hellip;]\" \/>\n<meta property=\"og:url\" content=\"https:\/\/www.alongo.it\/?p=947\" \/>\n<meta property=\"og:site_name\" content=\"Alessandro Longo\" \/>\n<meta property=\"article:published_time\" content=\"2011-06-05T13:07:00+00:00\" \/>\n<meta property=\"article:modified_time\" content=\"2011-06-05T13:08:45+00:00\" \/>\n<meta name=\"author\" content=\"alex\" \/>\n<meta name=\"twitter:card\" content=\"summary_large_image\" \/>\n<meta name=\"twitter:label1\" content=\"Scritto da\" \/>\n\t<meta name=\"twitter:data1\" content=\"alex\" \/>\n\t<meta name=\"twitter:label2\" content=\"Tempo di lettura stimato\" \/>\n\t<meta name=\"twitter:data2\" content=\"1 minuto\" \/>\n<script type=\"application\/ld+json\" class=\"yoast-schema-graph\">{\"@context\":\"https:\\\/\\\/schema.org\",\"@graph\":[{\"@type\":\"Article\",\"@id\":\"https:\\\/\\\/www.alongo.it\\\/?p=947#article\",\"isPartOf\":{\"@id\":\"https:\\\/\\\/www.alongo.it\\\/?p=947\"},\"author\":{\"name\":\"alex\",\"@id\":\"https:\\\/\\\/www.alongo.it\\\/#\\\/schema\\\/person\\\/eb81a41f49bbca65b55a93a8a3f2a8bd\"},\"headline\":\"Riganelli e i commenti offensivi su Facebook\",\"datePublished\":\"2011-06-05T13:07:00+00:00\",\"dateModified\":\"2011-06-05T13:08:45+00:00\",\"mainEntityOfPage\":{\"@id\":\"https:\\\/\\\/www.alongo.it\\\/?p=947\"},\"wordCount\":196,\"commentCount\":0,\"publisher\":{\"@id\":\"https:\\\/\\\/www.alongo.it\\\/#\\\/schema\\\/person\\\/eb81a41f49bbca65b55a93a8a3f2a8bd\"},\"keywords\":[\"facebook\"],\"articleSection\":[\"articoli\"],\"inLanguage\":\"it-IT\",\"potentialAction\":[{\"@type\":\"CommentAction\",\"name\":\"Comment\",\"target\":[\"https:\\\/\\\/www.alongo.it\\\/?p=947#respond\"]}]},{\"@type\":\"WebPage\",\"@id\":\"https:\\\/\\\/www.alongo.it\\\/?p=947\",\"url\":\"https:\\\/\\\/www.alongo.it\\\/?p=947\",\"name\":\"Riganelli e i commenti offensivi su Facebook - Alessandro Longo\",\"isPartOf\":{\"@id\":\"https:\\\/\\\/www.alongo.it\\\/#website\"},\"datePublished\":\"2011-06-05T13:07:00+00:00\",\"dateModified\":\"2011-06-05T13:08:45+00:00\",\"breadcrumb\":{\"@id\":\"https:\\\/\\\/www.alongo.it\\\/?p=947#breadcrumb\"},\"inLanguage\":\"it-IT\",\"potentialAction\":[{\"@type\":\"ReadAction\",\"target\":[\"https:\\\/\\\/www.alongo.it\\\/?p=947\"]}]},{\"@type\":\"BreadcrumbList\",\"@id\":\"https:\\\/\\\/www.alongo.it\\\/?p=947#breadcrumb\",\"itemListElement\":[{\"@type\":\"ListItem\",\"position\":1,\"name\":\"Home\",\"item\":\"https:\\\/\\\/www.alongo.it\\\/\"},{\"@type\":\"ListItem\",\"position\":2,\"name\":\"Riganelli e i commenti offensivi su Facebook\"}]},{\"@type\":\"WebSite\",\"@id\":\"https:\\\/\\\/www.alongo.it\\\/#website\",\"url\":\"https:\\\/\\\/www.alongo.it\\\/\",\"name\":\"Alessandro Longo\",\"description\":\"Telefonia, hi-tech e giornalismo\",\"publisher\":{\"@id\":\"https:\\\/\\\/www.alongo.it\\\/#\\\/schema\\\/person\\\/eb81a41f49bbca65b55a93a8a3f2a8bd\"},\"potentialAction\":[{\"@type\":\"SearchAction\",\"target\":{\"@type\":\"EntryPoint\",\"urlTemplate\":\"https:\\\/\\\/www.alongo.it\\\/?s={search_term_string}\"},\"query-input\":{\"@type\":\"PropertyValueSpecification\",\"valueRequired\":true,\"valueName\":\"search_term_string\"}}],\"inLanguage\":\"it-IT\"},{\"@type\":[\"Person\",\"Organization\"],\"@id\":\"https:\\\/\\\/www.alongo.it\\\/#\\\/schema\\\/person\\\/eb81a41f49bbca65b55a93a8a3f2a8bd\",\"name\":\"alex\",\"image\":{\"@type\":\"ImageObject\",\"inLanguage\":\"it-IT\",\"@id\":\"https:\\\/\\\/www.alongo.it\\\/wp-content\\\/uploads\\\/2012\\\/10\\\/longo.jpg\",\"url\":\"https:\\\/\\\/www.alongo.it\\\/wp-content\\\/uploads\\\/2012\\\/10\\\/longo.jpg\",\"contentUrl\":\"https:\\\/\\\/www.alongo.it\\\/wp-content\\\/uploads\\\/2012\\\/10\\\/longo.jpg\",\"width\":\"896\",\"height\":\"616\",\"caption\":\"alex\"},\"logo\":{\"@id\":\"https:\\\/\\\/www.alongo.it\\\/wp-content\\\/uploads\\\/2012\\\/10\\\/longo.jpg\"},\"url\":\"https:\\\/\\\/www.alongo.it\\\/?author=1\"}]}<\/script>\n<!-- \/ Yoast SEO plugin. -->","yoast_head_json":{"title":"Riganelli e i commenti offensivi su Facebook - Alessandro Longo","robots":{"index":"index","follow":"follow","max-snippet":"max-snippet:-1","max-image-preview":"max-image-preview:large","max-video-preview":"max-video-preview:-1"},"canonical":"https:\/\/www.alongo.it\/?p=947","og_locale":"it_IT","og_type":"article","og_title":"Riganelli e i commenti offensivi su Facebook - Alessandro Longo","og_description":"Altro scandalo per una pagina dell&#8217;orrore su Facebook. La polizia ha identificato gli autori dei commenti di cattivo gusto sulla morte del bambino lasciato in auto dal padre. Leggo per esempio di paragoni con un pollo arrosto. La pagina \u00e8 ancora online e, a quanto mi dice anche Fulvio Sarzana, \u00e8 difficile ascrivere quei commenti [&hellip;]","og_url":"https:\/\/www.alongo.it\/?p=947","og_site_name":"Alessandro Longo","article_published_time":"2011-06-05T13:07:00+00:00","article_modified_time":"2011-06-05T13:08:45+00:00","author":"alex","twitter_card":"summary_large_image","twitter_misc":{"Scritto da":"alex","Tempo di lettura stimato":"1 minuto"},"schema":{"@context":"https:\/\/schema.org","@graph":[{"@type":"Article","@id":"https:\/\/www.alongo.it\/?p=947#article","isPartOf":{"@id":"https:\/\/www.alongo.it\/?p=947"},"author":{"name":"alex","@id":"https:\/\/www.alongo.it\/#\/schema\/person\/eb81a41f49bbca65b55a93a8a3f2a8bd"},"headline":"Riganelli e i commenti offensivi su Facebook","datePublished":"2011-06-05T13:07:00+00:00","dateModified":"2011-06-05T13:08:45+00:00","mainEntityOfPage":{"@id":"https:\/\/www.alongo.it\/?p=947"},"wordCount":196,"commentCount":0,"publisher":{"@id":"https:\/\/www.alongo.it\/#\/schema\/person\/eb81a41f49bbca65b55a93a8a3f2a8bd"},"keywords":["facebook"],"articleSection":["articoli"],"inLanguage":"it-IT","potentialAction":[{"@type":"CommentAction","name":"Comment","target":["https:\/\/www.alongo.it\/?p=947#respond"]}]},{"@type":"WebPage","@id":"https:\/\/www.alongo.it\/?p=947","url":"https:\/\/www.alongo.it\/?p=947","name":"Riganelli e i commenti offensivi su Facebook - Alessandro Longo","isPartOf":{"@id":"https:\/\/www.alongo.it\/#website"},"datePublished":"2011-06-05T13:07:00+00:00","dateModified":"2011-06-05T13:08:45+00:00","breadcrumb":{"@id":"https:\/\/www.alongo.it\/?p=947#breadcrumb"},"inLanguage":"it-IT","potentialAction":[{"@type":"ReadAction","target":["https:\/\/www.alongo.it\/?p=947"]}]},{"@type":"BreadcrumbList","@id":"https:\/\/www.alongo.it\/?p=947#breadcrumb","itemListElement":[{"@type":"ListItem","position":1,"name":"Home","item":"https:\/\/www.alongo.it\/"},{"@type":"ListItem","position":2,"name":"Riganelli e i commenti offensivi su Facebook"}]},{"@type":"WebSite","@id":"https:\/\/www.alongo.it\/#website","url":"https:\/\/www.alongo.it\/","name":"Alessandro Longo","description":"Telefonia, hi-tech e giornalismo","publisher":{"@id":"https:\/\/www.alongo.it\/#\/schema\/person\/eb81a41f49bbca65b55a93a8a3f2a8bd"},"potentialAction":[{"@type":"SearchAction","target":{"@type":"EntryPoint","urlTemplate":"https:\/\/www.alongo.it\/?s={search_term_string}"},"query-input":{"@type":"PropertyValueSpecification","valueRequired":true,"valueName":"search_term_string"}}],"inLanguage":"it-IT"},{"@type":["Person","Organization"],"@id":"https:\/\/www.alongo.it\/#\/schema\/person\/eb81a41f49bbca65b55a93a8a3f2a8bd","name":"alex","image":{"@type":"ImageObject","inLanguage":"it-IT","@id":"https:\/\/www.alongo.it\/wp-content\/uploads\/2012\/10\/longo.jpg","url":"https:\/\/www.alongo.it\/wp-content\/uploads\/2012\/10\/longo.jpg","contentUrl":"https:\/\/www.alongo.it\/wp-content\/uploads\/2012\/10\/longo.jpg","width":"896","height":"616","caption":"alex"},"logo":{"@id":"https:\/\/www.alongo.it\/wp-content\/uploads\/2012\/10\/longo.jpg"},"url":"https:\/\/www.alongo.it\/?author=1"}]}},"_links":{"self":[{"href":"https:\/\/www.alongo.it\/index.php?rest_route=\/wp\/v2\/posts\/947","targetHints":{"allow":["GET"]}}],"collection":[{"href":"https:\/\/www.alongo.it\/index.php?rest_route=\/wp\/v2\/posts"}],"about":[{"href":"https:\/\/www.alongo.it\/index.php?rest_route=\/wp\/v2\/types\/post"}],"author":[{"embeddable":true,"href":"https:\/\/www.alongo.it\/index.php?rest_route=\/wp\/v2\/users\/1"}],"replies":[{"embeddable":true,"href":"https:\/\/www.alongo.it\/index.php?rest_route=%2Fwp%2Fv2%2Fcomments&post=947"}],"version-history":[{"count":3,"href":"https:\/\/www.alongo.it\/index.php?rest_route=\/wp\/v2\/posts\/947\/revisions"}],"predecessor-version":[{"id":949,"href":"https:\/\/www.alongo.it\/index.php?rest_route=\/wp\/v2\/posts\/947\/revisions\/949"}],"wp:attachment":[{"href":"https:\/\/www.alongo.it\/index.php?rest_route=%2Fwp%2Fv2%2Fmedia&parent=947"}],"wp:term":[{"taxonomy":"category","embeddable":true,"href":"https:\/\/www.alongo.it\/index.php?rest_route=%2Fwp%2Fv2%2Fcategories&post=947"},{"taxonomy":"post_tag","embeddable":true,"href":"https:\/\/www.alongo.it\/index.php?rest_route=%2Fwp%2Fv2%2Ftags&post=947"}],"curies":[{"name":"wp","href":"https:\/\/api.w.org\/{rel}","templated":true}]}}