{"id":853,"date":"2011-02-03T22:37:58","date_gmt":"2011-02-03T21:37:58","guid":{"rendered":"http:\/\/www.alongo.it\/?p=853"},"modified":"2011-02-03T22:37:58","modified_gmt":"2011-02-03T21:37:58","slug":"agcom-rinvia-la-decisione-sulla-fibra-di-telecom","status":"publish","type":"post","link":"https:\/\/www.alongo.it\/?p=853","title":{"rendered":"Agcom rinvia la decisione sulla fibra di Telecom"},"content":{"rendered":"<div class=\"article_content\">Nulla di fatto, si sapeva che sarebbe stata una decisione sofferta e  cos\u00ec Agcom la rinvia al 9 febbraio. Per adesso niente autorizzazione,  alla riunione di consiglio di oggi, all&#8217;offerta 100 Megabit di Telecom  Italia (quella promessa gi\u00e0 da settembre).<\/p>\n<p>Arduo compito, per la nostra Autorit\u00e0. Se chiede a Telecom di fare  un&#8217;offerta all&#8217;ingrosso molto diversa da quella gi\u00e0 disponibile, ci  vorr\u00e0 tempo per predisporla, e l&#8217;offerta al dettaglio potrebbe essere  ritardata di mesi. Se d\u00e0 un via libero leggero per Telecom, i  concorrenti faranno ricorso al Tar (come annunciato) e l&#8217;offerta al  dettaglio potrebbe essere ritardata di mesi.<\/p>\n<p>Ricordiamo infatti che Agcom autorizzer\u00e0 l&#8217;offerta agli utenti solo se  riterr\u00e0 adeguata quella corrispondente all&#8217;ingrosso (quella cio\u00e8 con cui  gli operatori alternativi possono lanciare le proprie connessioni 100  Megabit sfruttando la rete Telecom).<\/p>\n<p>Come ne uscir\u00e0 Agcom? Probabilmente con una via di mezzo tra quei due scenari. Chieder\u00e0 a Telecom di ritoccare<a target=\"_blank\" href=\"http:\/\/www.wholesale-telecomitalia.it\/cgi-bin\/wholesale.dll\/Wholesale\/external\/TI_WS_FSCatalogo.jsp?BV_SessionID=@@@@1018799988.1296756640@@@@&#038;BV_EngineID=ccceademjjigighcflgcegndffjdgjn.0&#038;sito=\/wsintranet\/swn\/1075061805\/Easy_IP_Fibra.htm&#038;oidCatalogo=1075908069&#038;areaServizio=1075496262\"> l&#8217;attuale offerta all&#8217;ingrosso, che costa in effetti molto<\/a>:  47 euro al mese pi\u00f9 Iva. Contro i 35 euro al mese dell&#8217;offerta al  dettaglio 100 Megabit di Fastweb. I concorrenti hanno calcolato che da  quell&#8217;offerta all&#8217;ingrosso possono nascere solo offerte al dettaglio da  circa 70 euro al mese. Una follia.<\/p>\n<p>Non \u00e8 solo una questione di costi. L&#8217;offerta all&#8217;ingrosso attuale ha  solo 200 Kbps di banda garantita per utente e inoltre non consente  davvero agli operatori di creare servizi differenziati (perch\u00e9 non \u00e8  bitstream). Ma forse per adesso Agcom chieder\u00e0 di migliorare prezzi e  badna dell&#8217;attuale offerta all&#8217;ingrosso e rimander\u00e0 di pochi mesi  l&#8217;obbligo a Telecom di fare il bitstream.<\/p>\n<p>P.S.<\/p>\n<p>Approfittiamone per registrare la nuova promessa del ministro Romani.  Ora dice che eliminer\u00e0 il digital divide nel 2013 (prima prometteva  entro il 2012).<\/p>\n<p><em>&#8216;In due anni abbiamo portato la banda larga a oltre 2,2 milioni di  italiani&#8217; e abbiamo stanziato &#8216;ulteriori risorse per raggiungere un  altro milione di cittadini entro meta&#8217; 2011, confermando la nostra  volonta&#8217; di azzerare il divario entro il 2013&#8242;: cosi&#8217; il Ministro per lo  Sviluppo Economico, Paolo Romani, in una nota diffusa durante il  convegno &#8216;Banda Larga: le parole chiave per la nuova generazione&#8217;  organizzato da I-Com, Istituto per la Competitivita&#8217;.<\/em><\/div>\n<div><div style=\"padding-top:10px;margin-bottom:10px;font-size:10pt;font-family:arial;font-weight:bold;\"><\/div><div class=simplesocial><a href=\"http:\/\/twitter.com\/share\" data-url=\"https:\/\/www.alongo.it\/?p=853\" data-text=\"Agcom+rinvia+la+decisione+sulla+fibra+di+Telecom\" class=\"twitter-share-button\" data-count=\"horizontal\">Tweet<\/a><script type=\"text\/javascript\" src=\"http:\/\/platform.twitter.com\/widgets.js\"><\/script><\/div><div class=simplesocial><iframe src=\"http:\/\/www.facebook.com\/plugins\/like.php?href=https%3A%2F%2Fwww.alongo.it%2F%3Fp%3D853&layout=standard&show_faces=false&width=450&action=like&colorscheme=light&height=35\" scrolling=\"no\" frameborder=\"0\" style=\"border:none; overflow:hidden; width:450px; height:25px;\" allowTransparency=\"true\"><\/iframe><\/div><div style=\"clear:both\"><\/div><a class=simplesocial onclick=\"return simplesocial(this,500,400)\" title=\"Share on Facebook\" style=\"background:url(http:\/\/www.alongo.it\/wp-content\/plugins\/simple-social-sharing-widgets-icons\/icons_16\/facebook.png)\" href=\"http:\/\/www.facebook.com\/share.php?u=https%3A%2F%2Fwww.alongo.it%2F%3Fp%3D853&t=Agcom+rinvia+la+decisione+sulla+fibra+di+Telecom\"><\/a><a class=simplesocial onclick=\"return simplesocial(this,812,420)\" title=\"Share on Twitter\" style=\"background:url(http:\/\/www.alongo.it\/wp-content\/plugins\/simple-social-sharing-widgets-icons\/icons_16\/twitter.png)\" href=\"http:\/\/twitter.com\/home?status=https%3A%2F%2Fwww.alongo.it%2F%3Fp%3D853\"><\/a><a class=simplesocial onclick=\"return simplesocial(this,435,500)\" title=\"Email a Friend\" style=\"background:url(http:\/\/www.alongo.it\/wp-content\/plugins\/simple-social-sharing-widgets-icons\/icons_16\/email.png)\" href=\"http:\/\/www.freetellafriend.com\/tell\/?heading=Share+This+Article&bg=1&option=email&url=https%3A%2F%2Fwww.alongo.it%2F%3Fp%3D853\"><\/a><\/div><div style=\"clear:both;margin-bottom:20px\"><\/div>","protected":false},"excerpt":{"rendered":"<p>Nulla di fatto, si sapeva che sarebbe stata una decisione sofferta e cos\u00ec Agcom la rinvia al 9 febbraio. Per adesso niente autorizzazione, alla riunione di consiglio di oggi, all&#8217;offerta 100 Megabit di Telecom Italia (quella promessa gi\u00e0 da settembre). Arduo compito, per la nostra Autorit\u00e0. Se chiede a Telecom di fare un&#8217;offerta all&#8217;ingrosso molto [&hellip;]<\/p>\n","protected":false},"author":1,"featured_media":0,"comment_status":"open","ping_status":"open","sticky":false,"template":"","format":"standard","meta":{"footnotes":""},"categories":[1],"tags":[],"class_list":["post-853","post","type-post","status-publish","format-standard","hentry","category-articoli"],"yoast_head":"<!-- This site is optimized with the Yoast SEO plugin v27.5 - https:\/\/yoast.com\/product\/yoast-seo-wordpress\/ -->\n<title>Agcom rinvia la decisione sulla fibra di Telecom - Alessandro Longo<\/title>\n<meta name=\"robots\" content=\"index, follow, max-snippet:-1, max-image-preview:large, max-video-preview:-1\" \/>\n<link rel=\"canonical\" href=\"https:\/\/www.alongo.it\/?p=853\" \/>\n<meta property=\"og:locale\" content=\"it_IT\" \/>\n<meta property=\"og:type\" content=\"article\" \/>\n<meta property=\"og:title\" content=\"Agcom rinvia la decisione sulla fibra di Telecom - Alessandro Longo\" \/>\n<meta property=\"og:description\" content=\"Nulla di fatto, si sapeva che sarebbe stata una decisione sofferta e cos\u00ec Agcom la rinvia al 9 febbraio. Per adesso niente autorizzazione, alla riunione di consiglio di oggi, all&#8217;offerta 100 Megabit di Telecom Italia (quella promessa gi\u00e0 da settembre). Arduo compito, per la nostra Autorit\u00e0. Se chiede a Telecom di fare un&#8217;offerta all&#8217;ingrosso molto [&hellip;]\" \/>\n<meta property=\"og:url\" content=\"https:\/\/www.alongo.it\/?p=853\" \/>\n<meta property=\"og:site_name\" content=\"Alessandro Longo\" \/>\n<meta property=\"article:published_time\" content=\"2011-02-03T21:37:58+00:00\" \/>\n<meta name=\"author\" content=\"alex\" \/>\n<meta name=\"twitter:card\" content=\"summary_large_image\" \/>\n<meta name=\"twitter:label1\" content=\"Scritto da\" \/>\n\t<meta name=\"twitter:data1\" content=\"alex\" \/>\n\t<meta name=\"twitter:label2\" content=\"Tempo di lettura stimato\" \/>\n\t<meta name=\"twitter:data2\" content=\"2 minuti\" \/>\n<script type=\"application\/ld+json\" class=\"yoast-schema-graph\">{\"@context\":\"https:\\\/\\\/schema.org\",\"@graph\":[{\"@type\":\"Article\",\"@id\":\"https:\\\/\\\/www.alongo.it\\\/?p=853#article\",\"isPartOf\":{\"@id\":\"https:\\\/\\\/www.alongo.it\\\/?p=853\"},\"author\":{\"name\":\"alex\",\"@id\":\"https:\\\/\\\/www.alongo.it\\\/#\\\/schema\\\/person\\\/eb81a41f49bbca65b55a93a8a3f2a8bd\"},\"headline\":\"Agcom rinvia la decisione sulla fibra di Telecom\",\"datePublished\":\"2011-02-03T21:37:58+00:00\",\"mainEntityOfPage\":{\"@id\":\"https:\\\/\\\/www.alongo.it\\\/?p=853\"},\"wordCount\":351,\"commentCount\":0,\"publisher\":{\"@id\":\"https:\\\/\\\/www.alongo.it\\\/#\\\/schema\\\/person\\\/eb81a41f49bbca65b55a93a8a3f2a8bd\"},\"articleSection\":[\"articoli\"],\"inLanguage\":\"it-IT\",\"potentialAction\":[{\"@type\":\"CommentAction\",\"name\":\"Comment\",\"target\":[\"https:\\\/\\\/www.alongo.it\\\/?p=853#respond\"]}]},{\"@type\":\"WebPage\",\"@id\":\"https:\\\/\\\/www.alongo.it\\\/?p=853\",\"url\":\"https:\\\/\\\/www.alongo.it\\\/?p=853\",\"name\":\"Agcom rinvia la decisione sulla fibra di Telecom - Alessandro Longo\",\"isPartOf\":{\"@id\":\"https:\\\/\\\/www.alongo.it\\\/#website\"},\"datePublished\":\"2011-02-03T21:37:58+00:00\",\"breadcrumb\":{\"@id\":\"https:\\\/\\\/www.alongo.it\\\/?p=853#breadcrumb\"},\"inLanguage\":\"it-IT\",\"potentialAction\":[{\"@type\":\"ReadAction\",\"target\":[\"https:\\\/\\\/www.alongo.it\\\/?p=853\"]}]},{\"@type\":\"BreadcrumbList\",\"@id\":\"https:\\\/\\\/www.alongo.it\\\/?p=853#breadcrumb\",\"itemListElement\":[{\"@type\":\"ListItem\",\"position\":1,\"name\":\"Home\",\"item\":\"https:\\\/\\\/www.alongo.it\\\/\"},{\"@type\":\"ListItem\",\"position\":2,\"name\":\"Agcom rinvia la decisione sulla fibra di Telecom\"}]},{\"@type\":\"WebSite\",\"@id\":\"https:\\\/\\\/www.alongo.it\\\/#website\",\"url\":\"https:\\\/\\\/www.alongo.it\\\/\",\"name\":\"Alessandro Longo\",\"description\":\"Telefonia, hi-tech e giornalismo\",\"publisher\":{\"@id\":\"https:\\\/\\\/www.alongo.it\\\/#\\\/schema\\\/person\\\/eb81a41f49bbca65b55a93a8a3f2a8bd\"},\"potentialAction\":[{\"@type\":\"SearchAction\",\"target\":{\"@type\":\"EntryPoint\",\"urlTemplate\":\"https:\\\/\\\/www.alongo.it\\\/?s={search_term_string}\"},\"query-input\":{\"@type\":\"PropertyValueSpecification\",\"valueRequired\":true,\"valueName\":\"search_term_string\"}}],\"inLanguage\":\"it-IT\"},{\"@type\":[\"Person\",\"Organization\"],\"@id\":\"https:\\\/\\\/www.alongo.it\\\/#\\\/schema\\\/person\\\/eb81a41f49bbca65b55a93a8a3f2a8bd\",\"name\":\"alex\",\"image\":{\"@type\":\"ImageObject\",\"inLanguage\":\"it-IT\",\"@id\":\"https:\\\/\\\/www.alongo.it\\\/wp-content\\\/uploads\\\/2012\\\/10\\\/longo.jpg\",\"url\":\"https:\\\/\\\/www.alongo.it\\\/wp-content\\\/uploads\\\/2012\\\/10\\\/longo.jpg\",\"contentUrl\":\"https:\\\/\\\/www.alongo.it\\\/wp-content\\\/uploads\\\/2012\\\/10\\\/longo.jpg\",\"width\":\"896\",\"height\":\"616\",\"caption\":\"alex\"},\"logo\":{\"@id\":\"https:\\\/\\\/www.alongo.it\\\/wp-content\\\/uploads\\\/2012\\\/10\\\/longo.jpg\"},\"url\":\"https:\\\/\\\/www.alongo.it\\\/?author=1\"}]}<\/script>\n<!-- \/ Yoast SEO plugin. -->","yoast_head_json":{"title":"Agcom rinvia la decisione sulla fibra di Telecom - Alessandro Longo","robots":{"index":"index","follow":"follow","max-snippet":"max-snippet:-1","max-image-preview":"max-image-preview:large","max-video-preview":"max-video-preview:-1"},"canonical":"https:\/\/www.alongo.it\/?p=853","og_locale":"it_IT","og_type":"article","og_title":"Agcom rinvia la decisione sulla fibra di Telecom - Alessandro Longo","og_description":"Nulla di fatto, si sapeva che sarebbe stata una decisione sofferta e cos\u00ec Agcom la rinvia al 9 febbraio. Per adesso niente autorizzazione, alla riunione di consiglio di oggi, all&#8217;offerta 100 Megabit di Telecom Italia (quella promessa gi\u00e0 da settembre). Arduo compito, per la nostra Autorit\u00e0. Se chiede a Telecom di fare un&#8217;offerta all&#8217;ingrosso molto [&hellip;]","og_url":"https:\/\/www.alongo.it\/?p=853","og_site_name":"Alessandro Longo","article_published_time":"2011-02-03T21:37:58+00:00","author":"alex","twitter_card":"summary_large_image","twitter_misc":{"Scritto da":"alex","Tempo di lettura stimato":"2 minuti"},"schema":{"@context":"https:\/\/schema.org","@graph":[{"@type":"Article","@id":"https:\/\/www.alongo.it\/?p=853#article","isPartOf":{"@id":"https:\/\/www.alongo.it\/?p=853"},"author":{"name":"alex","@id":"https:\/\/www.alongo.it\/#\/schema\/person\/eb81a41f49bbca65b55a93a8a3f2a8bd"},"headline":"Agcom rinvia la decisione sulla fibra di Telecom","datePublished":"2011-02-03T21:37:58+00:00","mainEntityOfPage":{"@id":"https:\/\/www.alongo.it\/?p=853"},"wordCount":351,"commentCount":0,"publisher":{"@id":"https:\/\/www.alongo.it\/#\/schema\/person\/eb81a41f49bbca65b55a93a8a3f2a8bd"},"articleSection":["articoli"],"inLanguage":"it-IT","potentialAction":[{"@type":"CommentAction","name":"Comment","target":["https:\/\/www.alongo.it\/?p=853#respond"]}]},{"@type":"WebPage","@id":"https:\/\/www.alongo.it\/?p=853","url":"https:\/\/www.alongo.it\/?p=853","name":"Agcom rinvia la decisione sulla fibra di Telecom - Alessandro Longo","isPartOf":{"@id":"https:\/\/www.alongo.it\/#website"},"datePublished":"2011-02-03T21:37:58+00:00","breadcrumb":{"@id":"https:\/\/www.alongo.it\/?p=853#breadcrumb"},"inLanguage":"it-IT","potentialAction":[{"@type":"ReadAction","target":["https:\/\/www.alongo.it\/?p=853"]}]},{"@type":"BreadcrumbList","@id":"https:\/\/www.alongo.it\/?p=853#breadcrumb","itemListElement":[{"@type":"ListItem","position":1,"name":"Home","item":"https:\/\/www.alongo.it\/"},{"@type":"ListItem","position":2,"name":"Agcom rinvia la decisione sulla fibra di Telecom"}]},{"@type":"WebSite","@id":"https:\/\/www.alongo.it\/#website","url":"https:\/\/www.alongo.it\/","name":"Alessandro Longo","description":"Telefonia, hi-tech e giornalismo","publisher":{"@id":"https:\/\/www.alongo.it\/#\/schema\/person\/eb81a41f49bbca65b55a93a8a3f2a8bd"},"potentialAction":[{"@type":"SearchAction","target":{"@type":"EntryPoint","urlTemplate":"https:\/\/www.alongo.it\/?s={search_term_string}"},"query-input":{"@type":"PropertyValueSpecification","valueRequired":true,"valueName":"search_term_string"}}],"inLanguage":"it-IT"},{"@type":["Person","Organization"],"@id":"https:\/\/www.alongo.it\/#\/schema\/person\/eb81a41f49bbca65b55a93a8a3f2a8bd","name":"alex","image":{"@type":"ImageObject","inLanguage":"it-IT","@id":"https:\/\/www.alongo.it\/wp-content\/uploads\/2012\/10\/longo.jpg","url":"https:\/\/www.alongo.it\/wp-content\/uploads\/2012\/10\/longo.jpg","contentUrl":"https:\/\/www.alongo.it\/wp-content\/uploads\/2012\/10\/longo.jpg","width":"896","height":"616","caption":"alex"},"logo":{"@id":"https:\/\/www.alongo.it\/wp-content\/uploads\/2012\/10\/longo.jpg"},"url":"https:\/\/www.alongo.it\/?author=1"}]}},"_links":{"self":[{"href":"https:\/\/www.alongo.it\/index.php?rest_route=\/wp\/v2\/posts\/853","targetHints":{"allow":["GET"]}}],"collection":[{"href":"https:\/\/www.alongo.it\/index.php?rest_route=\/wp\/v2\/posts"}],"about":[{"href":"https:\/\/www.alongo.it\/index.php?rest_route=\/wp\/v2\/types\/post"}],"author":[{"embeddable":true,"href":"https:\/\/www.alongo.it\/index.php?rest_route=\/wp\/v2\/users\/1"}],"replies":[{"embeddable":true,"href":"https:\/\/www.alongo.it\/index.php?rest_route=%2Fwp%2Fv2%2Fcomments&post=853"}],"version-history":[{"count":0,"href":"https:\/\/www.alongo.it\/index.php?rest_route=\/wp\/v2\/posts\/853\/revisions"}],"wp:attachment":[{"href":"https:\/\/www.alongo.it\/index.php?rest_route=%2Fwp%2Fv2%2Fmedia&parent=853"}],"wp:term":[{"taxonomy":"category","embeddable":true,"href":"https:\/\/www.alongo.it\/index.php?rest_route=%2Fwp%2Fv2%2Fcategories&post=853"},{"taxonomy":"post_tag","embeddable":true,"href":"https:\/\/www.alongo.it\/index.php?rest_route=%2Fwp%2Fv2%2Ftags&post=853"}],"curies":[{"name":"wp","href":"https:\/\/api.w.org\/{rel}","templated":true}]}}