{"id":841,"date":"2010-11-08T13:34:11","date_gmt":"2010-11-08T12:34:11","guid":{"rendered":"http:\/\/www.alongo.it\/?p=841"},"modified":"2010-11-08T13:35:15","modified_gmt":"2010-11-08T12:35:15","slug":"laddio-al-pisanu-non-e-una-presa-in-giro","status":"publish","type":"post","link":"https:\/\/www.alongo.it\/?p=841","title":{"rendered":"L&#8217;addio al Pisanu non \u00e8 una presa in giro"},"content":{"rendered":"<p>D&#8217;accordo, non sar\u00e0 Wi-Fi davvero libero. Ma il punto non \u00e8 questo, bens\u00ec se dal primo gennaio sar\u00e0 abbastanza libero perch\u00e9 il suo sviluppo non sia tarpato. Ebbene s\u00ec, in questo caso non facciamo gli estremisti: in Francia, Germania e Regno Unito c&#8217;\u00e8 un <a href=\"http:\/\/www.fulviosarzana.it\/blog\/il-wi-fi-e-il-pacchetto-sicurezza-tutti-liberi-e-d%E2%80%99accordo-ma-il-procuratore-antimafia-grasso-non-ha-tutti-i-torti\/\">logging del traffico anonimo <\/a>degli access point, a scopo di controllo dei reati. L&#8217;importante \u00e8 che non ci sia identificazione obbligatoria preventiva degli utenti: a questo dobbiamo mirare, con la liberazione del Wi-Fi, quanto ai nuovi obblighi di sicurezza che i ministri decideranno entro il 31 dicembre.<\/p>\n<p>Nel fare le battaglie bisogna essere tattici: cedere su qualcosa per avere quello che davvero conta. Se si chiede tutto si rischia di non avere niente. Adesso accontentiamoci, dico io, di allinearci al resto d&#8217;Europa, dove il Wi-Fi non \u00e8 tarpato dalla normativa. Se ci mettono obblighi di identificazione utenti via sms, sar\u00f2 io il primo a dire che non va bene&#8230;ma non \u00e8 ancora venuto il momento di gridare che \u00e8 tutto sbagliato, che non \u00e8 stata una vittoria&#8230;<\/p>\n<div><div style=\"padding-top:10px;margin-bottom:10px;font-size:10pt;font-family:arial;font-weight:bold;\"><\/div><div class=simplesocial><a href=\"http:\/\/twitter.com\/share\" data-url=\"https:\/\/www.alongo.it\/?p=841\" data-text=\"L%26%238217%3Baddio+al+Pisanu+non+%C3%A8+una+presa+in+giro\" class=\"twitter-share-button\" data-count=\"horizontal\">Tweet<\/a><script type=\"text\/javascript\" src=\"http:\/\/platform.twitter.com\/widgets.js\"><\/script><\/div><div class=simplesocial><iframe src=\"http:\/\/www.facebook.com\/plugins\/like.php?href=https%3A%2F%2Fwww.alongo.it%2F%3Fp%3D841&layout=standard&show_faces=false&width=450&action=like&colorscheme=light&height=35\" scrolling=\"no\" frameborder=\"0\" style=\"border:none; overflow:hidden; width:450px; height:25px;\" allowTransparency=\"true\"><\/iframe><\/div><div style=\"clear:both\"><\/div><a class=simplesocial onclick=\"return simplesocial(this,500,400)\" title=\"Share on Facebook\" style=\"background:url(http:\/\/www.alongo.it\/wp-content\/plugins\/simple-social-sharing-widgets-icons\/icons_16\/facebook.png)\" href=\"http:\/\/www.facebook.com\/share.php?u=https%3A%2F%2Fwww.alongo.it%2F%3Fp%3D841&t=L%26%238217%3Baddio+al+Pisanu+non+%C3%A8+una+presa+in+giro\"><\/a><a class=simplesocial onclick=\"return simplesocial(this,812,420)\" title=\"Share on Twitter\" style=\"background:url(http:\/\/www.alongo.it\/wp-content\/plugins\/simple-social-sharing-widgets-icons\/icons_16\/twitter.png)\" href=\"http:\/\/twitter.com\/home?status=https%3A%2F%2Fwww.alongo.it%2F%3Fp%3D841\"><\/a><a class=simplesocial onclick=\"return simplesocial(this,435,500)\" title=\"Email a Friend\" style=\"background:url(http:\/\/www.alongo.it\/wp-content\/plugins\/simple-social-sharing-widgets-icons\/icons_16\/email.png)\" href=\"http:\/\/www.freetellafriend.com\/tell\/?heading=Share+This+Article&bg=1&option=email&url=https%3A%2F%2Fwww.alongo.it%2F%3Fp%3D841\"><\/a><\/div><div style=\"clear:both;margin-bottom:20px\"><\/div>","protected":false},"excerpt":{"rendered":"<p>D&#8217;accordo, non sar\u00e0 Wi-Fi davvero libero. Ma il punto non \u00e8 questo, bens\u00ec se dal primo gennaio sar\u00e0 abbastanza libero perch\u00e9 il suo sviluppo non sia tarpato. Ebbene s\u00ec, in questo caso non facciamo gli estremisti: in Francia, Germania e Regno Unito c&#8217;\u00e8 un logging del traffico anonimo degli access point, a scopo di controllo [&hellip;]<\/p>\n","protected":false},"author":1,"featured_media":0,"comment_status":"open","ping_status":"open","sticky":false,"template":"","format":"standard","meta":{"footnotes":""},"categories":[1],"tags":[],"class_list":["post-841","post","type-post","status-publish","format-standard","hentry","category-articoli"],"yoast_head":"<!-- This site is optimized with the Yoast SEO plugin v27.5 - https:\/\/yoast.com\/product\/yoast-seo-wordpress\/ -->\n<title>L&#039;addio al Pisanu non \u00e8 una presa in giro - Alessandro Longo<\/title>\n<meta name=\"robots\" content=\"index, follow, max-snippet:-1, max-image-preview:large, max-video-preview:-1\" \/>\n<link rel=\"canonical\" href=\"https:\/\/www.alongo.it\/?p=841\" \/>\n<meta property=\"og:locale\" content=\"it_IT\" \/>\n<meta property=\"og:type\" content=\"article\" \/>\n<meta property=\"og:title\" content=\"L&#039;addio al Pisanu non \u00e8 una presa in giro - Alessandro Longo\" \/>\n<meta property=\"og:description\" content=\"D&#8217;accordo, non sar\u00e0 Wi-Fi davvero libero. Ma il punto non \u00e8 questo, bens\u00ec se dal primo gennaio sar\u00e0 abbastanza libero perch\u00e9 il suo sviluppo non sia tarpato. Ebbene s\u00ec, in questo caso non facciamo gli estremisti: in Francia, Germania e Regno Unito c&#8217;\u00e8 un logging del traffico anonimo degli access point, a scopo di controllo [&hellip;]\" \/>\n<meta property=\"og:url\" content=\"https:\/\/www.alongo.it\/?p=841\" \/>\n<meta property=\"og:site_name\" content=\"Alessandro Longo\" \/>\n<meta property=\"article:published_time\" content=\"2010-11-08T12:34:11+00:00\" \/>\n<meta property=\"article:modified_time\" content=\"2010-11-08T12:35:15+00:00\" \/>\n<meta name=\"author\" content=\"alex\" \/>\n<meta name=\"twitter:card\" content=\"summary_large_image\" \/>\n<meta name=\"twitter:label1\" content=\"Scritto da\" \/>\n\t<meta name=\"twitter:data1\" content=\"alex\" \/>\n\t<meta name=\"twitter:label2\" content=\"Tempo di lettura stimato\" \/>\n\t<meta name=\"twitter:data2\" content=\"1 minuto\" \/>\n<script type=\"application\/ld+json\" class=\"yoast-schema-graph\">{\"@context\":\"https:\\\/\\\/schema.org\",\"@graph\":[{\"@type\":\"Article\",\"@id\":\"https:\\\/\\\/www.alongo.it\\\/?p=841#article\",\"isPartOf\":{\"@id\":\"https:\\\/\\\/www.alongo.it\\\/?p=841\"},\"author\":{\"name\":\"alex\",\"@id\":\"https:\\\/\\\/www.alongo.it\\\/#\\\/schema\\\/person\\\/eb81a41f49bbca65b55a93a8a3f2a8bd\"},\"headline\":\"L&#8217;addio al Pisanu non \u00e8 una presa in giro\",\"datePublished\":\"2010-11-08T12:34:11+00:00\",\"dateModified\":\"2010-11-08T12:35:15+00:00\",\"mainEntityOfPage\":{\"@id\":\"https:\\\/\\\/www.alongo.it\\\/?p=841\"},\"wordCount\":173,\"commentCount\":10,\"publisher\":{\"@id\":\"https:\\\/\\\/www.alongo.it\\\/#\\\/schema\\\/person\\\/eb81a41f49bbca65b55a93a8a3f2a8bd\"},\"articleSection\":[\"articoli\"],\"inLanguage\":\"it-IT\",\"potentialAction\":[{\"@type\":\"CommentAction\",\"name\":\"Comment\",\"target\":[\"https:\\\/\\\/www.alongo.it\\\/?p=841#respond\"]}]},{\"@type\":\"WebPage\",\"@id\":\"https:\\\/\\\/www.alongo.it\\\/?p=841\",\"url\":\"https:\\\/\\\/www.alongo.it\\\/?p=841\",\"name\":\"L'addio al Pisanu non \u00e8 una presa in giro - Alessandro Longo\",\"isPartOf\":{\"@id\":\"https:\\\/\\\/www.alongo.it\\\/#website\"},\"datePublished\":\"2010-11-08T12:34:11+00:00\",\"dateModified\":\"2010-11-08T12:35:15+00:00\",\"breadcrumb\":{\"@id\":\"https:\\\/\\\/www.alongo.it\\\/?p=841#breadcrumb\"},\"inLanguage\":\"it-IT\",\"potentialAction\":[{\"@type\":\"ReadAction\",\"target\":[\"https:\\\/\\\/www.alongo.it\\\/?p=841\"]}]},{\"@type\":\"BreadcrumbList\",\"@id\":\"https:\\\/\\\/www.alongo.it\\\/?p=841#breadcrumb\",\"itemListElement\":[{\"@type\":\"ListItem\",\"position\":1,\"name\":\"Home\",\"item\":\"https:\\\/\\\/www.alongo.it\\\/\"},{\"@type\":\"ListItem\",\"position\":2,\"name\":\"L&#8217;addio al Pisanu non \u00e8 una presa in giro\"}]},{\"@type\":\"WebSite\",\"@id\":\"https:\\\/\\\/www.alongo.it\\\/#website\",\"url\":\"https:\\\/\\\/www.alongo.it\\\/\",\"name\":\"Alessandro Longo\",\"description\":\"Telefonia, hi-tech e giornalismo\",\"publisher\":{\"@id\":\"https:\\\/\\\/www.alongo.it\\\/#\\\/schema\\\/person\\\/eb81a41f49bbca65b55a93a8a3f2a8bd\"},\"potentialAction\":[{\"@type\":\"SearchAction\",\"target\":{\"@type\":\"EntryPoint\",\"urlTemplate\":\"https:\\\/\\\/www.alongo.it\\\/?s={search_term_string}\"},\"query-input\":{\"@type\":\"PropertyValueSpecification\",\"valueRequired\":true,\"valueName\":\"search_term_string\"}}],\"inLanguage\":\"it-IT\"},{\"@type\":[\"Person\",\"Organization\"],\"@id\":\"https:\\\/\\\/www.alongo.it\\\/#\\\/schema\\\/person\\\/eb81a41f49bbca65b55a93a8a3f2a8bd\",\"name\":\"alex\",\"image\":{\"@type\":\"ImageObject\",\"inLanguage\":\"it-IT\",\"@id\":\"https:\\\/\\\/www.alongo.it\\\/wp-content\\\/uploads\\\/2012\\\/10\\\/longo.jpg\",\"url\":\"https:\\\/\\\/www.alongo.it\\\/wp-content\\\/uploads\\\/2012\\\/10\\\/longo.jpg\",\"contentUrl\":\"https:\\\/\\\/www.alongo.it\\\/wp-content\\\/uploads\\\/2012\\\/10\\\/longo.jpg\",\"width\":\"896\",\"height\":\"616\",\"caption\":\"alex\"},\"logo\":{\"@id\":\"https:\\\/\\\/www.alongo.it\\\/wp-content\\\/uploads\\\/2012\\\/10\\\/longo.jpg\"},\"url\":\"https:\\\/\\\/www.alongo.it\\\/?author=1\"}]}<\/script>\n<!-- \/ Yoast SEO plugin. -->","yoast_head_json":{"title":"L'addio al Pisanu non \u00e8 una presa in giro - Alessandro Longo","robots":{"index":"index","follow":"follow","max-snippet":"max-snippet:-1","max-image-preview":"max-image-preview:large","max-video-preview":"max-video-preview:-1"},"canonical":"https:\/\/www.alongo.it\/?p=841","og_locale":"it_IT","og_type":"article","og_title":"L'addio al Pisanu non \u00e8 una presa in giro - Alessandro Longo","og_description":"D&#8217;accordo, non sar\u00e0 Wi-Fi davvero libero. Ma il punto non \u00e8 questo, bens\u00ec se dal primo gennaio sar\u00e0 abbastanza libero perch\u00e9 il suo sviluppo non sia tarpato. Ebbene s\u00ec, in questo caso non facciamo gli estremisti: in Francia, Germania e Regno Unito c&#8217;\u00e8 un logging del traffico anonimo degli access point, a scopo di controllo [&hellip;]","og_url":"https:\/\/www.alongo.it\/?p=841","og_site_name":"Alessandro Longo","article_published_time":"2010-11-08T12:34:11+00:00","article_modified_time":"2010-11-08T12:35:15+00:00","author":"alex","twitter_card":"summary_large_image","twitter_misc":{"Scritto da":"alex","Tempo di lettura stimato":"1 minuto"},"schema":{"@context":"https:\/\/schema.org","@graph":[{"@type":"Article","@id":"https:\/\/www.alongo.it\/?p=841#article","isPartOf":{"@id":"https:\/\/www.alongo.it\/?p=841"},"author":{"name":"alex","@id":"https:\/\/www.alongo.it\/#\/schema\/person\/eb81a41f49bbca65b55a93a8a3f2a8bd"},"headline":"L&#8217;addio al Pisanu non \u00e8 una presa in giro","datePublished":"2010-11-08T12:34:11+00:00","dateModified":"2010-11-08T12:35:15+00:00","mainEntityOfPage":{"@id":"https:\/\/www.alongo.it\/?p=841"},"wordCount":173,"commentCount":10,"publisher":{"@id":"https:\/\/www.alongo.it\/#\/schema\/person\/eb81a41f49bbca65b55a93a8a3f2a8bd"},"articleSection":["articoli"],"inLanguage":"it-IT","potentialAction":[{"@type":"CommentAction","name":"Comment","target":["https:\/\/www.alongo.it\/?p=841#respond"]}]},{"@type":"WebPage","@id":"https:\/\/www.alongo.it\/?p=841","url":"https:\/\/www.alongo.it\/?p=841","name":"L'addio al Pisanu non \u00e8 una presa in giro - Alessandro Longo","isPartOf":{"@id":"https:\/\/www.alongo.it\/#website"},"datePublished":"2010-11-08T12:34:11+00:00","dateModified":"2010-11-08T12:35:15+00:00","breadcrumb":{"@id":"https:\/\/www.alongo.it\/?p=841#breadcrumb"},"inLanguage":"it-IT","potentialAction":[{"@type":"ReadAction","target":["https:\/\/www.alongo.it\/?p=841"]}]},{"@type":"BreadcrumbList","@id":"https:\/\/www.alongo.it\/?p=841#breadcrumb","itemListElement":[{"@type":"ListItem","position":1,"name":"Home","item":"https:\/\/www.alongo.it\/"},{"@type":"ListItem","position":2,"name":"L&#8217;addio al Pisanu non \u00e8 una presa in giro"}]},{"@type":"WebSite","@id":"https:\/\/www.alongo.it\/#website","url":"https:\/\/www.alongo.it\/","name":"Alessandro Longo","description":"Telefonia, hi-tech e giornalismo","publisher":{"@id":"https:\/\/www.alongo.it\/#\/schema\/person\/eb81a41f49bbca65b55a93a8a3f2a8bd"},"potentialAction":[{"@type":"SearchAction","target":{"@type":"EntryPoint","urlTemplate":"https:\/\/www.alongo.it\/?s={search_term_string}"},"query-input":{"@type":"PropertyValueSpecification","valueRequired":true,"valueName":"search_term_string"}}],"inLanguage":"it-IT"},{"@type":["Person","Organization"],"@id":"https:\/\/www.alongo.it\/#\/schema\/person\/eb81a41f49bbca65b55a93a8a3f2a8bd","name":"alex","image":{"@type":"ImageObject","inLanguage":"it-IT","@id":"https:\/\/www.alongo.it\/wp-content\/uploads\/2012\/10\/longo.jpg","url":"https:\/\/www.alongo.it\/wp-content\/uploads\/2012\/10\/longo.jpg","contentUrl":"https:\/\/www.alongo.it\/wp-content\/uploads\/2012\/10\/longo.jpg","width":"896","height":"616","caption":"alex"},"logo":{"@id":"https:\/\/www.alongo.it\/wp-content\/uploads\/2012\/10\/longo.jpg"},"url":"https:\/\/www.alongo.it\/?author=1"}]}},"_links":{"self":[{"href":"https:\/\/www.alongo.it\/index.php?rest_route=\/wp\/v2\/posts\/841","targetHints":{"allow":["GET"]}}],"collection":[{"href":"https:\/\/www.alongo.it\/index.php?rest_route=\/wp\/v2\/posts"}],"about":[{"href":"https:\/\/www.alongo.it\/index.php?rest_route=\/wp\/v2\/types\/post"}],"author":[{"embeddable":true,"href":"https:\/\/www.alongo.it\/index.php?rest_route=\/wp\/v2\/users\/1"}],"replies":[{"embeddable":true,"href":"https:\/\/www.alongo.it\/index.php?rest_route=%2Fwp%2Fv2%2Fcomments&post=841"}],"version-history":[{"count":0,"href":"https:\/\/www.alongo.it\/index.php?rest_route=\/wp\/v2\/posts\/841\/revisions"}],"wp:attachment":[{"href":"https:\/\/www.alongo.it\/index.php?rest_route=%2Fwp%2Fv2%2Fmedia&parent=841"}],"wp:term":[{"taxonomy":"category","embeddable":true,"href":"https:\/\/www.alongo.it\/index.php?rest_route=%2Fwp%2Fv2%2Fcategories&post=841"},{"taxonomy":"post_tag","embeddable":true,"href":"https:\/\/www.alongo.it\/index.php?rest_route=%2Fwp%2Fv2%2Ftags&post=841"}],"curies":[{"name":"wp","href":"https:\/\/api.w.org\/{rel}","templated":true}]}}