{"id":827,"date":"2010-07-01T10:38:23","date_gmt":"2010-07-01T09:38:23","guid":{"rendered":"http:\/\/www.alongo.it\/?p=827"},"modified":"2010-07-01T10:38:23","modified_gmt":"2010-07-01T09:38:23","slug":"da-oggi-la-banda-larga-e-un-diritto-legale-in-finlandia","status":"publish","type":"post","link":"https:\/\/www.alongo.it\/?p=827","title":{"rendered":"Da oggi la banda larga \u00e8 un diritto legale. In Finlandia"},"content":{"rendered":"<p><a href=\"http:\/\/news.bbc.co.uk\/2\/hi\/technology\/10461048.stm\">Ecco il primo Paese al mondo <\/a>in cui la banda larga \u00e8 un diritto legale. Da noi sarebbe eresia. Ma queste cose diventano legge solo quando sono gi\u00e0 assicurate di fatto da tanto tempo. La cosa pi\u00f9 rilevante \u00e8 che adesso ci sar\u00e0 per legge una spinta verso i 100 Mbps. In Finlandia, ovvio. Da noi se ne parla e <a href=\"http:\/\/www.key4biz.it\/News\/2010\/06\/25\/Policy\/NGN_Paolo_Romani_Telecom_Italia_Vodafone_Fastweb_Wind_Tiscali_3_Italia_Infracom.html\">se ne parla ancora<\/a>.<\/p>\n<div><div style=\"padding-top:10px;margin-bottom:10px;font-size:10pt;font-family:arial;font-weight:bold;\"><\/div><div class=simplesocial><a href=\"http:\/\/twitter.com\/share\" data-url=\"https:\/\/www.alongo.it\/?p=827\" data-text=\"Da+oggi+la+banda+larga+%C3%A8+un+diritto+legale.+In+Finlandia\" class=\"twitter-share-button\" data-count=\"horizontal\">Tweet<\/a><script type=\"text\/javascript\" src=\"http:\/\/platform.twitter.com\/widgets.js\"><\/script><\/div><div class=simplesocial><iframe src=\"http:\/\/www.facebook.com\/plugins\/like.php?href=https%3A%2F%2Fwww.alongo.it%2F%3Fp%3D827&layout=standard&show_faces=false&width=450&action=like&colorscheme=light&height=35\" scrolling=\"no\" frameborder=\"0\" style=\"border:none; overflow:hidden; width:450px; height:25px;\" allowTransparency=\"true\"><\/iframe><\/div><div style=\"clear:both\"><\/div><a class=simplesocial onclick=\"return simplesocial(this,500,400)\" title=\"Share on Facebook\" style=\"background:url(http:\/\/www.alongo.it\/wp-content\/plugins\/simple-social-sharing-widgets-icons\/icons_16\/facebook.png)\" href=\"http:\/\/www.facebook.com\/share.php?u=https%3A%2F%2Fwww.alongo.it%2F%3Fp%3D827&t=Da+oggi+la+banda+larga+%C3%A8+un+diritto+legale.+In+Finlandia\"><\/a><a class=simplesocial onclick=\"return simplesocial(this,812,420)\" title=\"Share on Twitter\" style=\"background:url(http:\/\/www.alongo.it\/wp-content\/plugins\/simple-social-sharing-widgets-icons\/icons_16\/twitter.png)\" href=\"http:\/\/twitter.com\/home?status=https%3A%2F%2Fwww.alongo.it%2F%3Fp%3D827\"><\/a><a class=simplesocial onclick=\"return simplesocial(this,435,500)\" title=\"Email a Friend\" style=\"background:url(http:\/\/www.alongo.it\/wp-content\/plugins\/simple-social-sharing-widgets-icons\/icons_16\/email.png)\" href=\"http:\/\/www.freetellafriend.com\/tell\/?heading=Share+This+Article&bg=1&option=email&url=https%3A%2F%2Fwww.alongo.it%2F%3Fp%3D827\"><\/a><\/div><div style=\"clear:both;margin-bottom:20px\"><\/div>","protected":false},"excerpt":{"rendered":"<p>Ecco il primo Paese al mondo in cui la banda larga \u00e8 un diritto legale. Da noi sarebbe eresia. Ma queste cose diventano legge solo quando sono gi\u00e0 assicurate di fatto da tanto tempo. La cosa pi\u00f9 rilevante \u00e8 che adesso ci sar\u00e0 per legge una spinta verso i 100 Mbps. In Finlandia, ovvio. Da [&hellip;]<\/p>\n","protected":false},"author":1,"featured_media":0,"comment_status":"open","ping_status":"open","sticky":false,"template":"","format":"standard","meta":{"footnotes":""},"categories":[1],"tags":[],"class_list":["post-827","post","type-post","status-publish","format-standard","hentry","category-articoli"],"yoast_head":"<!-- This site is optimized with the Yoast SEO plugin v27.5 - https:\/\/yoast.com\/product\/yoast-seo-wordpress\/ -->\n<title>Da oggi la banda larga \u00e8 un diritto legale. In Finlandia - Alessandro Longo<\/title>\n<meta name=\"robots\" content=\"index, follow, max-snippet:-1, max-image-preview:large, max-video-preview:-1\" \/>\n<link rel=\"canonical\" href=\"https:\/\/www.alongo.it\/?p=827\" \/>\n<meta property=\"og:locale\" content=\"it_IT\" \/>\n<meta property=\"og:type\" content=\"article\" \/>\n<meta property=\"og:title\" content=\"Da oggi la banda larga \u00e8 un diritto legale. In Finlandia - Alessandro Longo\" \/>\n<meta property=\"og:description\" content=\"Ecco il primo Paese al mondo in cui la banda larga \u00e8 un diritto legale. Da noi sarebbe eresia. Ma queste cose diventano legge solo quando sono gi\u00e0 assicurate di fatto da tanto tempo. La cosa pi\u00f9 rilevante \u00e8 che adesso ci sar\u00e0 per legge una spinta verso i 100 Mbps. In Finlandia, ovvio. Da [&hellip;]\" \/>\n<meta property=\"og:url\" content=\"https:\/\/www.alongo.it\/?p=827\" \/>\n<meta property=\"og:site_name\" content=\"Alessandro Longo\" \/>\n<meta property=\"article:published_time\" content=\"2010-07-01T09:38:23+00:00\" \/>\n<meta name=\"author\" content=\"alex\" \/>\n<meta name=\"twitter:card\" content=\"summary_large_image\" \/>\n<meta name=\"twitter:label1\" content=\"Scritto da\" \/>\n\t<meta name=\"twitter:data1\" content=\"alex\" \/>\n<script type=\"application\/ld+json\" class=\"yoast-schema-graph\">{\"@context\":\"https:\\\/\\\/schema.org\",\"@graph\":[{\"@type\":\"Article\",\"@id\":\"https:\\\/\\\/www.alongo.it\\\/?p=827#article\",\"isPartOf\":{\"@id\":\"https:\\\/\\\/www.alongo.it\\\/?p=827\"},\"author\":{\"name\":\"alex\",\"@id\":\"https:\\\/\\\/www.alongo.it\\\/#\\\/schema\\\/person\\\/eb81a41f49bbca65b55a93a8a3f2a8bd\"},\"headline\":\"Da oggi la banda larga \u00e8 un diritto legale. In Finlandia\",\"datePublished\":\"2010-07-01T09:38:23+00:00\",\"mainEntityOfPage\":{\"@id\":\"https:\\\/\\\/www.alongo.it\\\/?p=827\"},\"wordCount\":71,\"commentCount\":1,\"publisher\":{\"@id\":\"https:\\\/\\\/www.alongo.it\\\/#\\\/schema\\\/person\\\/eb81a41f49bbca65b55a93a8a3f2a8bd\"},\"articleSection\":[\"articoli\"],\"inLanguage\":\"it-IT\",\"potentialAction\":[{\"@type\":\"CommentAction\",\"name\":\"Comment\",\"target\":[\"https:\\\/\\\/www.alongo.it\\\/?p=827#respond\"]}]},{\"@type\":\"WebPage\",\"@id\":\"https:\\\/\\\/www.alongo.it\\\/?p=827\",\"url\":\"https:\\\/\\\/www.alongo.it\\\/?p=827\",\"name\":\"Da oggi la banda larga \u00e8 un diritto legale. In Finlandia - Alessandro Longo\",\"isPartOf\":{\"@id\":\"https:\\\/\\\/www.alongo.it\\\/#website\"},\"datePublished\":\"2010-07-01T09:38:23+00:00\",\"breadcrumb\":{\"@id\":\"https:\\\/\\\/www.alongo.it\\\/?p=827#breadcrumb\"},\"inLanguage\":\"it-IT\",\"potentialAction\":[{\"@type\":\"ReadAction\",\"target\":[\"https:\\\/\\\/www.alongo.it\\\/?p=827\"]}]},{\"@type\":\"BreadcrumbList\",\"@id\":\"https:\\\/\\\/www.alongo.it\\\/?p=827#breadcrumb\",\"itemListElement\":[{\"@type\":\"ListItem\",\"position\":1,\"name\":\"Home\",\"item\":\"https:\\\/\\\/www.alongo.it\\\/\"},{\"@type\":\"ListItem\",\"position\":2,\"name\":\"Da oggi la banda larga \u00e8 un diritto legale. In Finlandia\"}]},{\"@type\":\"WebSite\",\"@id\":\"https:\\\/\\\/www.alongo.it\\\/#website\",\"url\":\"https:\\\/\\\/www.alongo.it\\\/\",\"name\":\"Alessandro Longo\",\"description\":\"Telefonia, hi-tech e giornalismo\",\"publisher\":{\"@id\":\"https:\\\/\\\/www.alongo.it\\\/#\\\/schema\\\/person\\\/eb81a41f49bbca65b55a93a8a3f2a8bd\"},\"potentialAction\":[{\"@type\":\"SearchAction\",\"target\":{\"@type\":\"EntryPoint\",\"urlTemplate\":\"https:\\\/\\\/www.alongo.it\\\/?s={search_term_string}\"},\"query-input\":{\"@type\":\"PropertyValueSpecification\",\"valueRequired\":true,\"valueName\":\"search_term_string\"}}],\"inLanguage\":\"it-IT\"},{\"@type\":[\"Person\",\"Organization\"],\"@id\":\"https:\\\/\\\/www.alongo.it\\\/#\\\/schema\\\/person\\\/eb81a41f49bbca65b55a93a8a3f2a8bd\",\"name\":\"alex\",\"image\":{\"@type\":\"ImageObject\",\"inLanguage\":\"it-IT\",\"@id\":\"https:\\\/\\\/www.alongo.it\\\/wp-content\\\/uploads\\\/2012\\\/10\\\/longo.jpg\",\"url\":\"https:\\\/\\\/www.alongo.it\\\/wp-content\\\/uploads\\\/2012\\\/10\\\/longo.jpg\",\"contentUrl\":\"https:\\\/\\\/www.alongo.it\\\/wp-content\\\/uploads\\\/2012\\\/10\\\/longo.jpg\",\"width\":\"896\",\"height\":\"616\",\"caption\":\"alex\"},\"logo\":{\"@id\":\"https:\\\/\\\/www.alongo.it\\\/wp-content\\\/uploads\\\/2012\\\/10\\\/longo.jpg\"},\"url\":\"https:\\\/\\\/www.alongo.it\\\/?author=1\"}]}<\/script>\n<!-- \/ Yoast SEO plugin. -->","yoast_head_json":{"title":"Da oggi la banda larga \u00e8 un diritto legale. In Finlandia - Alessandro Longo","robots":{"index":"index","follow":"follow","max-snippet":"max-snippet:-1","max-image-preview":"max-image-preview:large","max-video-preview":"max-video-preview:-1"},"canonical":"https:\/\/www.alongo.it\/?p=827","og_locale":"it_IT","og_type":"article","og_title":"Da oggi la banda larga \u00e8 un diritto legale. In Finlandia - Alessandro Longo","og_description":"Ecco il primo Paese al mondo in cui la banda larga \u00e8 un diritto legale. Da noi sarebbe eresia. Ma queste cose diventano legge solo quando sono gi\u00e0 assicurate di fatto da tanto tempo. La cosa pi\u00f9 rilevante \u00e8 che adesso ci sar\u00e0 per legge una spinta verso i 100 Mbps. In Finlandia, ovvio. Da [&hellip;]","og_url":"https:\/\/www.alongo.it\/?p=827","og_site_name":"Alessandro Longo","article_published_time":"2010-07-01T09:38:23+00:00","author":"alex","twitter_card":"summary_large_image","twitter_misc":{"Scritto da":"alex"},"schema":{"@context":"https:\/\/schema.org","@graph":[{"@type":"Article","@id":"https:\/\/www.alongo.it\/?p=827#article","isPartOf":{"@id":"https:\/\/www.alongo.it\/?p=827"},"author":{"name":"alex","@id":"https:\/\/www.alongo.it\/#\/schema\/person\/eb81a41f49bbca65b55a93a8a3f2a8bd"},"headline":"Da oggi la banda larga \u00e8 un diritto legale. In Finlandia","datePublished":"2010-07-01T09:38:23+00:00","mainEntityOfPage":{"@id":"https:\/\/www.alongo.it\/?p=827"},"wordCount":71,"commentCount":1,"publisher":{"@id":"https:\/\/www.alongo.it\/#\/schema\/person\/eb81a41f49bbca65b55a93a8a3f2a8bd"},"articleSection":["articoli"],"inLanguage":"it-IT","potentialAction":[{"@type":"CommentAction","name":"Comment","target":["https:\/\/www.alongo.it\/?p=827#respond"]}]},{"@type":"WebPage","@id":"https:\/\/www.alongo.it\/?p=827","url":"https:\/\/www.alongo.it\/?p=827","name":"Da oggi la banda larga \u00e8 un diritto legale. In Finlandia - Alessandro Longo","isPartOf":{"@id":"https:\/\/www.alongo.it\/#website"},"datePublished":"2010-07-01T09:38:23+00:00","breadcrumb":{"@id":"https:\/\/www.alongo.it\/?p=827#breadcrumb"},"inLanguage":"it-IT","potentialAction":[{"@type":"ReadAction","target":["https:\/\/www.alongo.it\/?p=827"]}]},{"@type":"BreadcrumbList","@id":"https:\/\/www.alongo.it\/?p=827#breadcrumb","itemListElement":[{"@type":"ListItem","position":1,"name":"Home","item":"https:\/\/www.alongo.it\/"},{"@type":"ListItem","position":2,"name":"Da oggi la banda larga \u00e8 un diritto legale. In Finlandia"}]},{"@type":"WebSite","@id":"https:\/\/www.alongo.it\/#website","url":"https:\/\/www.alongo.it\/","name":"Alessandro Longo","description":"Telefonia, hi-tech e giornalismo","publisher":{"@id":"https:\/\/www.alongo.it\/#\/schema\/person\/eb81a41f49bbca65b55a93a8a3f2a8bd"},"potentialAction":[{"@type":"SearchAction","target":{"@type":"EntryPoint","urlTemplate":"https:\/\/www.alongo.it\/?s={search_term_string}"},"query-input":{"@type":"PropertyValueSpecification","valueRequired":true,"valueName":"search_term_string"}}],"inLanguage":"it-IT"},{"@type":["Person","Organization"],"@id":"https:\/\/www.alongo.it\/#\/schema\/person\/eb81a41f49bbca65b55a93a8a3f2a8bd","name":"alex","image":{"@type":"ImageObject","inLanguage":"it-IT","@id":"https:\/\/www.alongo.it\/wp-content\/uploads\/2012\/10\/longo.jpg","url":"https:\/\/www.alongo.it\/wp-content\/uploads\/2012\/10\/longo.jpg","contentUrl":"https:\/\/www.alongo.it\/wp-content\/uploads\/2012\/10\/longo.jpg","width":"896","height":"616","caption":"alex"},"logo":{"@id":"https:\/\/www.alongo.it\/wp-content\/uploads\/2012\/10\/longo.jpg"},"url":"https:\/\/www.alongo.it\/?author=1"}]}},"_links":{"self":[{"href":"https:\/\/www.alongo.it\/index.php?rest_route=\/wp\/v2\/posts\/827","targetHints":{"allow":["GET"]}}],"collection":[{"href":"https:\/\/www.alongo.it\/index.php?rest_route=\/wp\/v2\/posts"}],"about":[{"href":"https:\/\/www.alongo.it\/index.php?rest_route=\/wp\/v2\/types\/post"}],"author":[{"embeddable":true,"href":"https:\/\/www.alongo.it\/index.php?rest_route=\/wp\/v2\/users\/1"}],"replies":[{"embeddable":true,"href":"https:\/\/www.alongo.it\/index.php?rest_route=%2Fwp%2Fv2%2Fcomments&post=827"}],"version-history":[{"count":0,"href":"https:\/\/www.alongo.it\/index.php?rest_route=\/wp\/v2\/posts\/827\/revisions"}],"wp:attachment":[{"href":"https:\/\/www.alongo.it\/index.php?rest_route=%2Fwp%2Fv2%2Fmedia&parent=827"}],"wp:term":[{"taxonomy":"category","embeddable":true,"href":"https:\/\/www.alongo.it\/index.php?rest_route=%2Fwp%2Fv2%2Fcategories&post=827"},{"taxonomy":"post_tag","embeddable":true,"href":"https:\/\/www.alongo.it\/index.php?rest_route=%2Fwp%2Fv2%2Ftags&post=827"}],"curies":[{"name":"wp","href":"https:\/\/api.w.org\/{rel}","templated":true}]}}