{"id":754,"date":"2009-06-09T21:00:41","date_gmt":"2009-06-09T20:00:41","guid":{"rendered":"http:\/\/www.alongo.it\/?p=754"},"modified":"2009-06-10T15:29:32","modified_gmt":"2009-06-10T14:29:32","slug":"davvero-stavolta-banda-larga-a-tutti-entro-il-2012","status":"publish","type":"post","link":"https:\/\/www.alongo.it\/?p=754","title":{"rendered":"Davvero stavolta banda larga a tutti entro il 2012?"},"content":{"rendered":"<p>Il governo <a href=\"http:\/\/www.key4biz.it\/News\/2009\/06\/09\/Policy\/gap_digitale_digital_divide_paolo_romani_francesco_caio_agcom_corrado_calabro_banda_larga.html?utm_source=infomail&#038;utm_medium=email&#038;utm_campaign=Dailyletter+n.1428+del+09+giugno+2009\">promette<\/a>: stanzieranno 1,47 miliardi per dare banda larga a tutti, lameno 2 Megabit, entro il 2012. Che \u00e8 un po&#8217; quanto consigliato dal superconsulente ministeriale Francesco Caio, con il suo recente rapporto.<\/p>\n<p>Stavolta sar\u00e0 la volta buona? Si noti che una promessa di questo tipo \u00e8 stata fatta <a href=\"http:\/\/punto-informatico.it\/1862148\/PI\/News\/gentiloni-banda-larga-servizio-universale.aspx\">pi\u00f9 volte<\/a>, in <a href=\"http:\/\/punto-informatico.it\/1041035\/Telefonia\/News\/adsl-gasparri-pensa-alla-copertura-totale.aspx\">diverse legislature<\/a>. E anche questa volta, per ora, non si va oltre la promessa e l&#8217;annuncio. Non c&#8217;\u00e8 insomma niente nero su bianco. Di questi 1,47 miliardi fanno parte 800 milioni di fondi CIPE che erano stati assegnati a questo scopo (anti digital divide) un anno fa e che poi sono rimasti bloccati.<br \/>\nE sono i soli soldi dello Stato nel computo degli 1,47 miliardi; il resto sono fondi europei e (forse) di privati. Insomma, invece di dire: &#8220;accidenti, adesso questi 800 milioni li sblocchiamo, scusate per il ritardo&#8221;, Romani li ritira fuori come se fossero una cosa nuova. <\/p>\n<p>Se si \u00e8 perso un anno come se niente fosse, riusciranno a rispettare stavolta la scadenza del 2012?<br \/>\n<!--more--><br \/>\nI fondi da dove verranno?<\/p>\n<p><em>&#8220;Romani ha ricordato gli 800 milioni gi\u00e0 stanziati e ora all&#8217;esame del Cipe, i 264 milioni gi\u00e0 adibiti al progetto banda larga e un&#8217;ulteriore integrazione dei fondi pari a 188 milioni provenienti da fondi europei da investire nelle aree &#8216;C&#8217; ovvero rurali a sviluppo intermedio e aree &#8216;D&#8217; ovvero rurali con problemi complessivi di sviluppo&#8221;. <\/em><\/p>\n<p>E il resto?<\/p>\n<p>Interessnati comunque i dettagli: fibra, ponti wireless e rinnovamento apparati\/centrali.<\/p>\n<p><em>&#8220;La copertura sar\u00e0 realizzata &#8211; ha continuato Romani &#8211; prevalentemente in fibra, offrendo cos\u00ec una connettivit\u00e0 sino a 20 mb\/s al 95,6% degli italiani e in tecnologie radio nelle aree scarsamente abitate dove non risulta conveniente intervenire con infrastrutture fisse. L&#8217;accesso radio interesser\u00e0 il 3,9% della popolazione a cui sar\u00e0 garantita una capacit\u00e0 di 2 megabit, raggiungibile con il wireless&#8221;. Un investimento del genere permetter\u00e0 di estendere la fibra sostituendo l&#8217;attuale rete in rame: &#8220;Investiremo 564 milioni di euro per connettere 2900 centrali in fibra ottica e mille centrali con sistemi wireless&#8221;. <\/p>\n<p>Inoltre il governo intende rinnovare i vecchi apparati &#8220;in circa 8.000 nuove centrali investendo 161 milioni di euro&#8221;. E ancora &#8220;bonificare la rete di accesso incrementando la connettivit\u00e0 sia fissa sia mobile. Un intervento &#8211; ha aggiunto Romani &#8211; oneroso che implica una spesa di 747 milioni di euro&#8221;. <\/p>\n<p>Nel dettaglio il valore totale del progetto prevede la realizzazione di opere civili e la relativa fornitura di materiali per 763, 85 milioni; fornitura hardware e software per 617,66 milioni e attivit\u00e0 di progettazione per ulteriori 89,81 milioni. <\/p>\n<p>&#8220;Queste attivit\u00e0 &#8211; ha concluso Romani &#8211; interesseranno nel progetto circa 50.000 lavoratori nei quasi 4 anni necessari a eseguire i lavori&#8221;. <\/em><\/p>\n<div><div style=\"padding-top:10px;margin-bottom:10px;font-size:10pt;font-family:arial;font-weight:bold;\"><\/div><div class=simplesocial><a href=\"http:\/\/twitter.com\/share\" data-url=\"https:\/\/www.alongo.it\/?p=754\" data-text=\"Davvero+stavolta+banda+larga+a+tutti+entro+il+2012%3F\" class=\"twitter-share-button\" data-count=\"horizontal\">Tweet<\/a><script type=\"text\/javascript\" src=\"http:\/\/platform.twitter.com\/widgets.js\"><\/script><\/div><div class=simplesocial><iframe src=\"http:\/\/www.facebook.com\/plugins\/like.php?href=https%3A%2F%2Fwww.alongo.it%2F%3Fp%3D754&layout=standard&show_faces=false&width=450&action=like&colorscheme=light&height=35\" scrolling=\"no\" frameborder=\"0\" style=\"border:none; overflow:hidden; width:450px; height:25px;\" allowTransparency=\"true\"><\/iframe><\/div><div style=\"clear:both\"><\/div><a class=simplesocial onclick=\"return simplesocial(this,500,400)\" title=\"Share on Facebook\" style=\"background:url(http:\/\/www.alongo.it\/wp-content\/plugins\/simple-social-sharing-widgets-icons\/icons_16\/facebook.png)\" href=\"http:\/\/www.facebook.com\/share.php?u=https%3A%2F%2Fwww.alongo.it%2F%3Fp%3D754&t=Davvero+stavolta+banda+larga+a+tutti+entro+il+2012%3F\"><\/a><a class=simplesocial onclick=\"return simplesocial(this,812,420)\" title=\"Share on Twitter\" style=\"background:url(http:\/\/www.alongo.it\/wp-content\/plugins\/simple-social-sharing-widgets-icons\/icons_16\/twitter.png)\" href=\"http:\/\/twitter.com\/home?status=https%3A%2F%2Fwww.alongo.it%2F%3Fp%3D754\"><\/a><a class=simplesocial onclick=\"return simplesocial(this,435,500)\" title=\"Email a Friend\" style=\"background:url(http:\/\/www.alongo.it\/wp-content\/plugins\/simple-social-sharing-widgets-icons\/icons_16\/email.png)\" href=\"http:\/\/www.freetellafriend.com\/tell\/?heading=Share+This+Article&bg=1&option=email&url=https%3A%2F%2Fwww.alongo.it%2F%3Fp%3D754\"><\/a><\/div><div style=\"clear:both;margin-bottom:20px\"><\/div>","protected":false},"excerpt":{"rendered":"<p>Il governo promette: stanzieranno 1,47 miliardi per dare banda larga a tutti, lameno 2 Megabit, entro il 2012. Che \u00e8 un po&#8217; quanto consigliato dal superconsulente ministeriale Francesco Caio, con il suo recente rapporto. Stavolta sar\u00e0 la volta buona? Si noti che una promessa di questo tipo \u00e8 stata fatta pi\u00f9 volte, in diverse legislature. [&hellip;]<\/p>\n","protected":false},"author":1,"featured_media":0,"comment_status":"open","ping_status":"open","sticky":false,"template":"","format":"standard","meta":{"footnotes":""},"categories":[1],"tags":[],"class_list":["post-754","post","type-post","status-publish","format-standard","hentry","category-articoli"],"yoast_head":"<!-- This site is optimized with the Yoast SEO plugin v27.5 - https:\/\/yoast.com\/product\/yoast-seo-wordpress\/ -->\n<title>Davvero stavolta banda larga a tutti entro il 2012? - Alessandro Longo<\/title>\n<meta name=\"robots\" content=\"index, follow, max-snippet:-1, max-image-preview:large, max-video-preview:-1\" \/>\n<link rel=\"canonical\" href=\"https:\/\/www.alongo.it\/?p=754\" \/>\n<meta property=\"og:locale\" content=\"it_IT\" \/>\n<meta property=\"og:type\" content=\"article\" \/>\n<meta property=\"og:title\" content=\"Davvero stavolta banda larga a tutti entro il 2012? - Alessandro Longo\" \/>\n<meta property=\"og:description\" content=\"Il governo promette: stanzieranno 1,47 miliardi per dare banda larga a tutti, lameno 2 Megabit, entro il 2012. Che \u00e8 un po&#8217; quanto consigliato dal superconsulente ministeriale Francesco Caio, con il suo recente rapporto. Stavolta sar\u00e0 la volta buona? Si noti che una promessa di questo tipo \u00e8 stata fatta pi\u00f9 volte, in diverse legislature. [&hellip;]\" \/>\n<meta property=\"og:url\" content=\"https:\/\/www.alongo.it\/?p=754\" \/>\n<meta property=\"og:site_name\" content=\"Alessandro Longo\" \/>\n<meta property=\"article:published_time\" content=\"2009-06-09T20:00:41+00:00\" \/>\n<meta property=\"article:modified_time\" content=\"2009-06-10T14:29:32+00:00\" \/>\n<meta name=\"author\" content=\"alex\" \/>\n<meta name=\"twitter:card\" content=\"summary_large_image\" \/>\n<meta name=\"twitter:label1\" content=\"Scritto da\" \/>\n\t<meta name=\"twitter:data1\" content=\"alex\" \/>\n\t<meta name=\"twitter:label2\" content=\"Tempo di lettura stimato\" \/>\n\t<meta name=\"twitter:data2\" content=\"2 minuti\" \/>\n<script type=\"application\/ld+json\" class=\"yoast-schema-graph\">{\"@context\":\"https:\\\/\\\/schema.org\",\"@graph\":[{\"@type\":\"Article\",\"@id\":\"https:\\\/\\\/www.alongo.it\\\/?p=754#article\",\"isPartOf\":{\"@id\":\"https:\\\/\\\/www.alongo.it\\\/?p=754\"},\"author\":{\"name\":\"alex\",\"@id\":\"https:\\\/\\\/www.alongo.it\\\/#\\\/schema\\\/person\\\/eb81a41f49bbca65b55a93a8a3f2a8bd\"},\"headline\":\"Davvero stavolta banda larga a tutti entro il 2012?\",\"datePublished\":\"2009-06-09T20:00:41+00:00\",\"dateModified\":\"2009-06-10T14:29:32+00:00\",\"mainEntityOfPage\":{\"@id\":\"https:\\\/\\\/www.alongo.it\\\/?p=754\"},\"wordCount\":425,\"commentCount\":2,\"publisher\":{\"@id\":\"https:\\\/\\\/www.alongo.it\\\/#\\\/schema\\\/person\\\/eb81a41f49bbca65b55a93a8a3f2a8bd\"},\"articleSection\":[\"articoli\"],\"inLanguage\":\"it-IT\",\"potentialAction\":[{\"@type\":\"CommentAction\",\"name\":\"Comment\",\"target\":[\"https:\\\/\\\/www.alongo.it\\\/?p=754#respond\"]}]},{\"@type\":\"WebPage\",\"@id\":\"https:\\\/\\\/www.alongo.it\\\/?p=754\",\"url\":\"https:\\\/\\\/www.alongo.it\\\/?p=754\",\"name\":\"Davvero stavolta banda larga a tutti entro il 2012? - Alessandro Longo\",\"isPartOf\":{\"@id\":\"https:\\\/\\\/www.alongo.it\\\/#website\"},\"datePublished\":\"2009-06-09T20:00:41+00:00\",\"dateModified\":\"2009-06-10T14:29:32+00:00\",\"breadcrumb\":{\"@id\":\"https:\\\/\\\/www.alongo.it\\\/?p=754#breadcrumb\"},\"inLanguage\":\"it-IT\",\"potentialAction\":[{\"@type\":\"ReadAction\",\"target\":[\"https:\\\/\\\/www.alongo.it\\\/?p=754\"]}]},{\"@type\":\"BreadcrumbList\",\"@id\":\"https:\\\/\\\/www.alongo.it\\\/?p=754#breadcrumb\",\"itemListElement\":[{\"@type\":\"ListItem\",\"position\":1,\"name\":\"Home\",\"item\":\"https:\\\/\\\/www.alongo.it\\\/\"},{\"@type\":\"ListItem\",\"position\":2,\"name\":\"Davvero stavolta banda larga a tutti entro il 2012?\"}]},{\"@type\":\"WebSite\",\"@id\":\"https:\\\/\\\/www.alongo.it\\\/#website\",\"url\":\"https:\\\/\\\/www.alongo.it\\\/\",\"name\":\"Alessandro Longo\",\"description\":\"Telefonia, hi-tech e giornalismo\",\"publisher\":{\"@id\":\"https:\\\/\\\/www.alongo.it\\\/#\\\/schema\\\/person\\\/eb81a41f49bbca65b55a93a8a3f2a8bd\"},\"potentialAction\":[{\"@type\":\"SearchAction\",\"target\":{\"@type\":\"EntryPoint\",\"urlTemplate\":\"https:\\\/\\\/www.alongo.it\\\/?s={search_term_string}\"},\"query-input\":{\"@type\":\"PropertyValueSpecification\",\"valueRequired\":true,\"valueName\":\"search_term_string\"}}],\"inLanguage\":\"it-IT\"},{\"@type\":[\"Person\",\"Organization\"],\"@id\":\"https:\\\/\\\/www.alongo.it\\\/#\\\/schema\\\/person\\\/eb81a41f49bbca65b55a93a8a3f2a8bd\",\"name\":\"alex\",\"image\":{\"@type\":\"ImageObject\",\"inLanguage\":\"it-IT\",\"@id\":\"https:\\\/\\\/www.alongo.it\\\/wp-content\\\/uploads\\\/2012\\\/10\\\/longo.jpg\",\"url\":\"https:\\\/\\\/www.alongo.it\\\/wp-content\\\/uploads\\\/2012\\\/10\\\/longo.jpg\",\"contentUrl\":\"https:\\\/\\\/www.alongo.it\\\/wp-content\\\/uploads\\\/2012\\\/10\\\/longo.jpg\",\"width\":\"896\",\"height\":\"616\",\"caption\":\"alex\"},\"logo\":{\"@id\":\"https:\\\/\\\/www.alongo.it\\\/wp-content\\\/uploads\\\/2012\\\/10\\\/longo.jpg\"},\"url\":\"https:\\\/\\\/www.alongo.it\\\/?author=1\"}]}<\/script>\n<!-- \/ Yoast SEO plugin. -->","yoast_head_json":{"title":"Davvero stavolta banda larga a tutti entro il 2012? - Alessandro Longo","robots":{"index":"index","follow":"follow","max-snippet":"max-snippet:-1","max-image-preview":"max-image-preview:large","max-video-preview":"max-video-preview:-1"},"canonical":"https:\/\/www.alongo.it\/?p=754","og_locale":"it_IT","og_type":"article","og_title":"Davvero stavolta banda larga a tutti entro il 2012? - Alessandro Longo","og_description":"Il governo promette: stanzieranno 1,47 miliardi per dare banda larga a tutti, lameno 2 Megabit, entro il 2012. Che \u00e8 un po&#8217; quanto consigliato dal superconsulente ministeriale Francesco Caio, con il suo recente rapporto. Stavolta sar\u00e0 la volta buona? Si noti che una promessa di questo tipo \u00e8 stata fatta pi\u00f9 volte, in diverse legislature. [&hellip;]","og_url":"https:\/\/www.alongo.it\/?p=754","og_site_name":"Alessandro Longo","article_published_time":"2009-06-09T20:00:41+00:00","article_modified_time":"2009-06-10T14:29:32+00:00","author":"alex","twitter_card":"summary_large_image","twitter_misc":{"Scritto da":"alex","Tempo di lettura stimato":"2 minuti"},"schema":{"@context":"https:\/\/schema.org","@graph":[{"@type":"Article","@id":"https:\/\/www.alongo.it\/?p=754#article","isPartOf":{"@id":"https:\/\/www.alongo.it\/?p=754"},"author":{"name":"alex","@id":"https:\/\/www.alongo.it\/#\/schema\/person\/eb81a41f49bbca65b55a93a8a3f2a8bd"},"headline":"Davvero stavolta banda larga a tutti entro il 2012?","datePublished":"2009-06-09T20:00:41+00:00","dateModified":"2009-06-10T14:29:32+00:00","mainEntityOfPage":{"@id":"https:\/\/www.alongo.it\/?p=754"},"wordCount":425,"commentCount":2,"publisher":{"@id":"https:\/\/www.alongo.it\/#\/schema\/person\/eb81a41f49bbca65b55a93a8a3f2a8bd"},"articleSection":["articoli"],"inLanguage":"it-IT","potentialAction":[{"@type":"CommentAction","name":"Comment","target":["https:\/\/www.alongo.it\/?p=754#respond"]}]},{"@type":"WebPage","@id":"https:\/\/www.alongo.it\/?p=754","url":"https:\/\/www.alongo.it\/?p=754","name":"Davvero stavolta banda larga a tutti entro il 2012? - Alessandro Longo","isPartOf":{"@id":"https:\/\/www.alongo.it\/#website"},"datePublished":"2009-06-09T20:00:41+00:00","dateModified":"2009-06-10T14:29:32+00:00","breadcrumb":{"@id":"https:\/\/www.alongo.it\/?p=754#breadcrumb"},"inLanguage":"it-IT","potentialAction":[{"@type":"ReadAction","target":["https:\/\/www.alongo.it\/?p=754"]}]},{"@type":"BreadcrumbList","@id":"https:\/\/www.alongo.it\/?p=754#breadcrumb","itemListElement":[{"@type":"ListItem","position":1,"name":"Home","item":"https:\/\/www.alongo.it\/"},{"@type":"ListItem","position":2,"name":"Davvero stavolta banda larga a tutti entro il 2012?"}]},{"@type":"WebSite","@id":"https:\/\/www.alongo.it\/#website","url":"https:\/\/www.alongo.it\/","name":"Alessandro Longo","description":"Telefonia, hi-tech e giornalismo","publisher":{"@id":"https:\/\/www.alongo.it\/#\/schema\/person\/eb81a41f49bbca65b55a93a8a3f2a8bd"},"potentialAction":[{"@type":"SearchAction","target":{"@type":"EntryPoint","urlTemplate":"https:\/\/www.alongo.it\/?s={search_term_string}"},"query-input":{"@type":"PropertyValueSpecification","valueRequired":true,"valueName":"search_term_string"}}],"inLanguage":"it-IT"},{"@type":["Person","Organization"],"@id":"https:\/\/www.alongo.it\/#\/schema\/person\/eb81a41f49bbca65b55a93a8a3f2a8bd","name":"alex","image":{"@type":"ImageObject","inLanguage":"it-IT","@id":"https:\/\/www.alongo.it\/wp-content\/uploads\/2012\/10\/longo.jpg","url":"https:\/\/www.alongo.it\/wp-content\/uploads\/2012\/10\/longo.jpg","contentUrl":"https:\/\/www.alongo.it\/wp-content\/uploads\/2012\/10\/longo.jpg","width":"896","height":"616","caption":"alex"},"logo":{"@id":"https:\/\/www.alongo.it\/wp-content\/uploads\/2012\/10\/longo.jpg"},"url":"https:\/\/www.alongo.it\/?author=1"}]}},"_links":{"self":[{"href":"https:\/\/www.alongo.it\/index.php?rest_route=\/wp\/v2\/posts\/754","targetHints":{"allow":["GET"]}}],"collection":[{"href":"https:\/\/www.alongo.it\/index.php?rest_route=\/wp\/v2\/posts"}],"about":[{"href":"https:\/\/www.alongo.it\/index.php?rest_route=\/wp\/v2\/types\/post"}],"author":[{"embeddable":true,"href":"https:\/\/www.alongo.it\/index.php?rest_route=\/wp\/v2\/users\/1"}],"replies":[{"embeddable":true,"href":"https:\/\/www.alongo.it\/index.php?rest_route=%2Fwp%2Fv2%2Fcomments&post=754"}],"version-history":[{"count":0,"href":"https:\/\/www.alongo.it\/index.php?rest_route=\/wp\/v2\/posts\/754\/revisions"}],"wp:attachment":[{"href":"https:\/\/www.alongo.it\/index.php?rest_route=%2Fwp%2Fv2%2Fmedia&parent=754"}],"wp:term":[{"taxonomy":"category","embeddable":true,"href":"https:\/\/www.alongo.it\/index.php?rest_route=%2Fwp%2Fv2%2Fcategories&post=754"},{"taxonomy":"post_tag","embeddable":true,"href":"https:\/\/www.alongo.it\/index.php?rest_route=%2Fwp%2Fv2%2Ftags&post=754"}],"curies":[{"name":"wp","href":"https:\/\/api.w.org\/{rel}","templated":true}]}}