{"id":738,"date":"2009-04-24T15:43:39","date_gmt":"2009-04-24T14:43:39","guid":{"rendered":"http:\/\/www.alongo.it\/?p=738"},"modified":"2009-04-24T22:03:00","modified_gmt":"2009-04-24T21:03:00","slug":"passa-il-dalia-ma-sara-emendato","status":"publish","type":"post","link":"https:\/\/www.alongo.it\/?p=738","title":{"rendered":"Passa il D&#8217;Alia, ma sar\u00e0 emendato"},"content":{"rendered":"<p>ERRATA CORRIGE<br \/>\nA quanto pare l&#8217;emendamento \u00e8 ancora in discussione alla camera, \u00e8 passato il pacchetto sicurezza stalking, ma il D&#8217;Alia \u00e8 in un altro pacchetto. Grazie <a href=\"http:\/\/www.sergiomaistrello.it\">Sergio<\/a>. Tutto il resto qui sotto \u00e8 ancora valido&#8230;<\/p>\n<p>Intanto il famigerato D&#8217;Alia<a href=\"http:\/\/blog.debiase.com\/2009\/04\/emendamento-allemendamento-dal.html\"> \u00e8 passato <\/a>con il pacchetto sicurezza, ma poich\u00e9 pare sia inapplicabile (non perch\u00e9 \u00e8 una porcheria mai vista, eh), sar\u00e0 emendato. Lo stesso D&#8217;Alia di recente aveva dato da intendere che aveva capito quale enormit\u00e0 aveva ideato (non si rendeva conto delle conseguenze).<\/p>\n<p>E&#8217; il solito balletto che, se va bene, ci far\u00e0 solo perdere tempo in una materia, internet, che invece avrebbe bisogno di tutta l&#8217;attenzione delle leggi perch\u00e9 l&#8217;accesso si diffonda tra la popolazione. Invece di conoscere nuove barriere. Sul tema si \u00e8 detto tutto, ma dobbiamo ora ringraziare Gilioli che ci ha fatto capire una cosa, con le sue provocazioni al convegno di ieri: non \u00e8 che la Carlucci sia pro major<a href=\"http:\/\/gilioli.blogautore.espresso.repubblica.it\/2009\/04\/23\/aiutate-lonorevole-carlucci\">, \u00e8 che la disegnano cos\u00ec.<\/a>.<\/p>\n<p>D&#8217;Alia almeno ha mostrato ripensamenti (tardivi, ma forse non troppo tardivi), dalla Carlucci non c&#8217;\u00e8 da sperare nemmeno questo. E allora? Rigiriamo la ruota, forse alla prossima tornata elettorale ci andr\u00e0 meglio (e anche a destra ci sono <a href=\"http:\/\/punto-informatico.it\/2485431\/PI\/News\/cassinelli-si-lancia-sull-emendabilita-web.aspx\">esponenti interessanti<\/a>, ma chiss\u00e0 se quando toccher\u00e0 a loro il potere saranno altrettanto coraggiosi). <\/p>\n<div><div style=\"padding-top:10px;margin-bottom:10px;font-size:10pt;font-family:arial;font-weight:bold;\"><\/div><div class=simplesocial><a href=\"http:\/\/twitter.com\/share\" data-url=\"https:\/\/www.alongo.it\/?p=738\" data-text=\"Passa+il+D%26%238217%3BAlia%2C+ma+sar%C3%A0+emendato\" class=\"twitter-share-button\" data-count=\"horizontal\">Tweet<\/a><script type=\"text\/javascript\" src=\"http:\/\/platform.twitter.com\/widgets.js\"><\/script><\/div><div class=simplesocial><iframe src=\"http:\/\/www.facebook.com\/plugins\/like.php?href=https%3A%2F%2Fwww.alongo.it%2F%3Fp%3D738&layout=standard&show_faces=false&width=450&action=like&colorscheme=light&height=35\" scrolling=\"no\" frameborder=\"0\" style=\"border:none; overflow:hidden; width:450px; height:25px;\" allowTransparency=\"true\"><\/iframe><\/div><div style=\"clear:both\"><\/div><a class=simplesocial onclick=\"return simplesocial(this,500,400)\" title=\"Share on Facebook\" style=\"background:url(http:\/\/www.alongo.it\/wp-content\/plugins\/simple-social-sharing-widgets-icons\/icons_16\/facebook.png)\" href=\"http:\/\/www.facebook.com\/share.php?u=https%3A%2F%2Fwww.alongo.it%2F%3Fp%3D738&t=Passa+il+D%26%238217%3BAlia%2C+ma+sar%C3%A0+emendato\"><\/a><a class=simplesocial onclick=\"return simplesocial(this,812,420)\" title=\"Share on Twitter\" style=\"background:url(http:\/\/www.alongo.it\/wp-content\/plugins\/simple-social-sharing-widgets-icons\/icons_16\/twitter.png)\" href=\"http:\/\/twitter.com\/home?status=https%3A%2F%2Fwww.alongo.it%2F%3Fp%3D738\"><\/a><a class=simplesocial onclick=\"return simplesocial(this,435,500)\" title=\"Email a Friend\" style=\"background:url(http:\/\/www.alongo.it\/wp-content\/plugins\/simple-social-sharing-widgets-icons\/icons_16\/email.png)\" href=\"http:\/\/www.freetellafriend.com\/tell\/?heading=Share+This+Article&bg=1&option=email&url=https%3A%2F%2Fwww.alongo.it%2F%3Fp%3D738\"><\/a><\/div><div style=\"clear:both;margin-bottom:20px\"><\/div>","protected":false},"excerpt":{"rendered":"<p>ERRATA CORRIGE A quanto pare l&#8217;emendamento \u00e8 ancora in discussione alla camera, \u00e8 passato il pacchetto sicurezza stalking, ma il D&#8217;Alia \u00e8 in un altro pacchetto. Grazie Sergio. Tutto il resto qui sotto \u00e8 ancora valido&#8230; Intanto il famigerato D&#8217;Alia \u00e8 passato con il pacchetto sicurezza, ma poich\u00e9 pare sia inapplicabile (non perch\u00e9 \u00e8 una [&hellip;]<\/p>\n","protected":false},"author":1,"featured_media":0,"comment_status":"open","ping_status":"open","sticky":false,"template":"","format":"standard","meta":{"footnotes":""},"categories":[1],"tags":[],"class_list":["post-738","post","type-post","status-publish","format-standard","hentry","category-articoli"],"yoast_head":"<!-- This site is optimized with the Yoast SEO plugin v27.5 - https:\/\/yoast.com\/product\/yoast-seo-wordpress\/ -->\n<title>Passa il D&#039;Alia, ma sar\u00e0 emendato - Alessandro Longo<\/title>\n<meta name=\"robots\" content=\"index, follow, max-snippet:-1, max-image-preview:large, max-video-preview:-1\" \/>\n<link rel=\"canonical\" href=\"https:\/\/www.alongo.it\/?p=738\" \/>\n<meta property=\"og:locale\" content=\"it_IT\" \/>\n<meta property=\"og:type\" content=\"article\" \/>\n<meta property=\"og:title\" content=\"Passa il D&#039;Alia, ma sar\u00e0 emendato - Alessandro Longo\" \/>\n<meta property=\"og:description\" content=\"ERRATA CORRIGE A quanto pare l&#8217;emendamento \u00e8 ancora in discussione alla camera, \u00e8 passato il pacchetto sicurezza stalking, ma il D&#8217;Alia \u00e8 in un altro pacchetto. Grazie Sergio. Tutto il resto qui sotto \u00e8 ancora valido&#8230; Intanto il famigerato D&#8217;Alia \u00e8 passato con il pacchetto sicurezza, ma poich\u00e9 pare sia inapplicabile (non perch\u00e9 \u00e8 una [&hellip;]\" \/>\n<meta property=\"og:url\" content=\"https:\/\/www.alongo.it\/?p=738\" \/>\n<meta property=\"og:site_name\" content=\"Alessandro Longo\" \/>\n<meta property=\"article:published_time\" content=\"2009-04-24T14:43:39+00:00\" \/>\n<meta property=\"article:modified_time\" content=\"2009-04-24T21:03:00+00:00\" \/>\n<meta name=\"author\" content=\"alex\" \/>\n<meta name=\"twitter:card\" content=\"summary_large_image\" \/>\n<meta name=\"twitter:label1\" content=\"Scritto da\" \/>\n\t<meta name=\"twitter:data1\" content=\"alex\" \/>\n\t<meta name=\"twitter:label2\" content=\"Tempo di lettura stimato\" \/>\n\t<meta name=\"twitter:data2\" content=\"1 minuto\" \/>\n<script type=\"application\/ld+json\" class=\"yoast-schema-graph\">{\"@context\":\"https:\\\/\\\/schema.org\",\"@graph\":[{\"@type\":\"Article\",\"@id\":\"https:\\\/\\\/www.alongo.it\\\/?p=738#article\",\"isPartOf\":{\"@id\":\"https:\\\/\\\/www.alongo.it\\\/?p=738\"},\"author\":{\"name\":\"alex\",\"@id\":\"https:\\\/\\\/www.alongo.it\\\/#\\\/schema\\\/person\\\/eb81a41f49bbca65b55a93a8a3f2a8bd\"},\"headline\":\"Passa il D&#8217;Alia, ma sar\u00e0 emendato\",\"datePublished\":\"2009-04-24T14:43:39+00:00\",\"dateModified\":\"2009-04-24T21:03:00+00:00\",\"mainEntityOfPage\":{\"@id\":\"https:\\\/\\\/www.alongo.it\\\/?p=738\"},\"wordCount\":209,\"commentCount\":1,\"publisher\":{\"@id\":\"https:\\\/\\\/www.alongo.it\\\/#\\\/schema\\\/person\\\/eb81a41f49bbca65b55a93a8a3f2a8bd\"},\"articleSection\":[\"articoli\"],\"inLanguage\":\"it-IT\",\"potentialAction\":[{\"@type\":\"CommentAction\",\"name\":\"Comment\",\"target\":[\"https:\\\/\\\/www.alongo.it\\\/?p=738#respond\"]}]},{\"@type\":\"WebPage\",\"@id\":\"https:\\\/\\\/www.alongo.it\\\/?p=738\",\"url\":\"https:\\\/\\\/www.alongo.it\\\/?p=738\",\"name\":\"Passa il D'Alia, ma sar\u00e0 emendato - Alessandro Longo\",\"isPartOf\":{\"@id\":\"https:\\\/\\\/www.alongo.it\\\/#website\"},\"datePublished\":\"2009-04-24T14:43:39+00:00\",\"dateModified\":\"2009-04-24T21:03:00+00:00\",\"breadcrumb\":{\"@id\":\"https:\\\/\\\/www.alongo.it\\\/?p=738#breadcrumb\"},\"inLanguage\":\"it-IT\",\"potentialAction\":[{\"@type\":\"ReadAction\",\"target\":[\"https:\\\/\\\/www.alongo.it\\\/?p=738\"]}]},{\"@type\":\"BreadcrumbList\",\"@id\":\"https:\\\/\\\/www.alongo.it\\\/?p=738#breadcrumb\",\"itemListElement\":[{\"@type\":\"ListItem\",\"position\":1,\"name\":\"Home\",\"item\":\"https:\\\/\\\/www.alongo.it\\\/\"},{\"@type\":\"ListItem\",\"position\":2,\"name\":\"Passa il D&#8217;Alia, ma sar\u00e0 emendato\"}]},{\"@type\":\"WebSite\",\"@id\":\"https:\\\/\\\/www.alongo.it\\\/#website\",\"url\":\"https:\\\/\\\/www.alongo.it\\\/\",\"name\":\"Alessandro Longo\",\"description\":\"Telefonia, hi-tech e giornalismo\",\"publisher\":{\"@id\":\"https:\\\/\\\/www.alongo.it\\\/#\\\/schema\\\/person\\\/eb81a41f49bbca65b55a93a8a3f2a8bd\"},\"potentialAction\":[{\"@type\":\"SearchAction\",\"target\":{\"@type\":\"EntryPoint\",\"urlTemplate\":\"https:\\\/\\\/www.alongo.it\\\/?s={search_term_string}\"},\"query-input\":{\"@type\":\"PropertyValueSpecification\",\"valueRequired\":true,\"valueName\":\"search_term_string\"}}],\"inLanguage\":\"it-IT\"},{\"@type\":[\"Person\",\"Organization\"],\"@id\":\"https:\\\/\\\/www.alongo.it\\\/#\\\/schema\\\/person\\\/eb81a41f49bbca65b55a93a8a3f2a8bd\",\"name\":\"alex\",\"image\":{\"@type\":\"ImageObject\",\"inLanguage\":\"it-IT\",\"@id\":\"https:\\\/\\\/www.alongo.it\\\/wp-content\\\/uploads\\\/2012\\\/10\\\/longo.jpg\",\"url\":\"https:\\\/\\\/www.alongo.it\\\/wp-content\\\/uploads\\\/2012\\\/10\\\/longo.jpg\",\"contentUrl\":\"https:\\\/\\\/www.alongo.it\\\/wp-content\\\/uploads\\\/2012\\\/10\\\/longo.jpg\",\"width\":\"896\",\"height\":\"616\",\"caption\":\"alex\"},\"logo\":{\"@id\":\"https:\\\/\\\/www.alongo.it\\\/wp-content\\\/uploads\\\/2012\\\/10\\\/longo.jpg\"},\"url\":\"https:\\\/\\\/www.alongo.it\\\/?author=1\"}]}<\/script>\n<!-- \/ Yoast SEO plugin. -->","yoast_head_json":{"title":"Passa il D'Alia, ma sar\u00e0 emendato - Alessandro Longo","robots":{"index":"index","follow":"follow","max-snippet":"max-snippet:-1","max-image-preview":"max-image-preview:large","max-video-preview":"max-video-preview:-1"},"canonical":"https:\/\/www.alongo.it\/?p=738","og_locale":"it_IT","og_type":"article","og_title":"Passa il D'Alia, ma sar\u00e0 emendato - Alessandro Longo","og_description":"ERRATA CORRIGE A quanto pare l&#8217;emendamento \u00e8 ancora in discussione alla camera, \u00e8 passato il pacchetto sicurezza stalking, ma il D&#8217;Alia \u00e8 in un altro pacchetto. Grazie Sergio. Tutto il resto qui sotto \u00e8 ancora valido&#8230; Intanto il famigerato D&#8217;Alia \u00e8 passato con il pacchetto sicurezza, ma poich\u00e9 pare sia inapplicabile (non perch\u00e9 \u00e8 una [&hellip;]","og_url":"https:\/\/www.alongo.it\/?p=738","og_site_name":"Alessandro Longo","article_published_time":"2009-04-24T14:43:39+00:00","article_modified_time":"2009-04-24T21:03:00+00:00","author":"alex","twitter_card":"summary_large_image","twitter_misc":{"Scritto da":"alex","Tempo di lettura stimato":"1 minuto"},"schema":{"@context":"https:\/\/schema.org","@graph":[{"@type":"Article","@id":"https:\/\/www.alongo.it\/?p=738#article","isPartOf":{"@id":"https:\/\/www.alongo.it\/?p=738"},"author":{"name":"alex","@id":"https:\/\/www.alongo.it\/#\/schema\/person\/eb81a41f49bbca65b55a93a8a3f2a8bd"},"headline":"Passa il D&#8217;Alia, ma sar\u00e0 emendato","datePublished":"2009-04-24T14:43:39+00:00","dateModified":"2009-04-24T21:03:00+00:00","mainEntityOfPage":{"@id":"https:\/\/www.alongo.it\/?p=738"},"wordCount":209,"commentCount":1,"publisher":{"@id":"https:\/\/www.alongo.it\/#\/schema\/person\/eb81a41f49bbca65b55a93a8a3f2a8bd"},"articleSection":["articoli"],"inLanguage":"it-IT","potentialAction":[{"@type":"CommentAction","name":"Comment","target":["https:\/\/www.alongo.it\/?p=738#respond"]}]},{"@type":"WebPage","@id":"https:\/\/www.alongo.it\/?p=738","url":"https:\/\/www.alongo.it\/?p=738","name":"Passa il D'Alia, ma sar\u00e0 emendato - Alessandro Longo","isPartOf":{"@id":"https:\/\/www.alongo.it\/#website"},"datePublished":"2009-04-24T14:43:39+00:00","dateModified":"2009-04-24T21:03:00+00:00","breadcrumb":{"@id":"https:\/\/www.alongo.it\/?p=738#breadcrumb"},"inLanguage":"it-IT","potentialAction":[{"@type":"ReadAction","target":["https:\/\/www.alongo.it\/?p=738"]}]},{"@type":"BreadcrumbList","@id":"https:\/\/www.alongo.it\/?p=738#breadcrumb","itemListElement":[{"@type":"ListItem","position":1,"name":"Home","item":"https:\/\/www.alongo.it\/"},{"@type":"ListItem","position":2,"name":"Passa il D&#8217;Alia, ma sar\u00e0 emendato"}]},{"@type":"WebSite","@id":"https:\/\/www.alongo.it\/#website","url":"https:\/\/www.alongo.it\/","name":"Alessandro Longo","description":"Telefonia, hi-tech e giornalismo","publisher":{"@id":"https:\/\/www.alongo.it\/#\/schema\/person\/eb81a41f49bbca65b55a93a8a3f2a8bd"},"potentialAction":[{"@type":"SearchAction","target":{"@type":"EntryPoint","urlTemplate":"https:\/\/www.alongo.it\/?s={search_term_string}"},"query-input":{"@type":"PropertyValueSpecification","valueRequired":true,"valueName":"search_term_string"}}],"inLanguage":"it-IT"},{"@type":["Person","Organization"],"@id":"https:\/\/www.alongo.it\/#\/schema\/person\/eb81a41f49bbca65b55a93a8a3f2a8bd","name":"alex","image":{"@type":"ImageObject","inLanguage":"it-IT","@id":"https:\/\/www.alongo.it\/wp-content\/uploads\/2012\/10\/longo.jpg","url":"https:\/\/www.alongo.it\/wp-content\/uploads\/2012\/10\/longo.jpg","contentUrl":"https:\/\/www.alongo.it\/wp-content\/uploads\/2012\/10\/longo.jpg","width":"896","height":"616","caption":"alex"},"logo":{"@id":"https:\/\/www.alongo.it\/wp-content\/uploads\/2012\/10\/longo.jpg"},"url":"https:\/\/www.alongo.it\/?author=1"}]}},"_links":{"self":[{"href":"https:\/\/www.alongo.it\/index.php?rest_route=\/wp\/v2\/posts\/738","targetHints":{"allow":["GET"]}}],"collection":[{"href":"https:\/\/www.alongo.it\/index.php?rest_route=\/wp\/v2\/posts"}],"about":[{"href":"https:\/\/www.alongo.it\/index.php?rest_route=\/wp\/v2\/types\/post"}],"author":[{"embeddable":true,"href":"https:\/\/www.alongo.it\/index.php?rest_route=\/wp\/v2\/users\/1"}],"replies":[{"embeddable":true,"href":"https:\/\/www.alongo.it\/index.php?rest_route=%2Fwp%2Fv2%2Fcomments&post=738"}],"version-history":[{"count":0,"href":"https:\/\/www.alongo.it\/index.php?rest_route=\/wp\/v2\/posts\/738\/revisions"}],"wp:attachment":[{"href":"https:\/\/www.alongo.it\/index.php?rest_route=%2Fwp%2Fv2%2Fmedia&parent=738"}],"wp:term":[{"taxonomy":"category","embeddable":true,"href":"https:\/\/www.alongo.it\/index.php?rest_route=%2Fwp%2Fv2%2Fcategories&post=738"},{"taxonomy":"post_tag","embeddable":true,"href":"https:\/\/www.alongo.it\/index.php?rest_route=%2Fwp%2Fv2%2Ftags&post=738"}],"curies":[{"name":"wp","href":"https:\/\/api.w.org\/{rel}","templated":true}]}}