{"id":701,"date":"2009-01-01T13:14:41","date_gmt":"2009-01-01T12:14:41","guid":{"rendered":"http:\/\/www.alongo.it\/?p=701"},"modified":"2009-01-01T13:16:56","modified_gmt":"2009-01-01T12:16:56","slug":"su-facebook-e-la-vacca","status":"publish","type":"post","link":"https:\/\/www.alongo.it\/?p=701","title":{"rendered":"Su Facebook e la vacca"},"content":{"rendered":"<p>Sta prendendo forma una discussione sulle capacit\u00e0 o meno di facebook di permettere relazioni e conversazioni rilevanti e importanti. Nasce da un <a href=\"http:\/\/www.bookcafe.net\/blog\/\">post <\/a>di Gilioli, la cui tesi \u00e8 che Facebook manda tutto in vacca. Se ne parla su <a href=\"http:\/\/www.bookcafe.net\/blog\/\">Granieri<\/a>, <a href=\"http:\/\/blog.debiase.com\/2009\/01\/01.html#a2222\">De Biase<\/a>, <a href=\"http:\/\/www.mantellini.it\/?p=6206#comments\">Mantellini<\/a>. Ma il tema \u00e8 stato toccato prima anche da <a href=\"http:\/\/zambardino.blogautore.repubblica.it\/2008\/12\/23\/facebook-o-della-gioiosa-farragine\/\">Vittorio Zambardino<\/a>.<\/p>\n<p>Secondo me \u00e8 che si pretende da Facebook quello che non \u00e8. Facebook \u00e8 ormai- come ha sempre voluto essere nelle intenzioni del fondatore- una piccola rappresentazione di internet &#8220;consumer&#8221; (limitata ai suoi strumenti di comunicazione e di intrattenimento). Sta a noi scegliere, scremare le relazioni. Gli strumenti per limitare i rumori di fondo ci sono e si comincia dal ridurre i contatti in friend list a quelli che riteniamo interessanti e davvero a noi vicini.<br \/>\nFacebook \u00e8 un banco di prova delle nostre caapcit\u00e0 di filtro, come hanno notato in molti in Italia \u00e8 diventato il primo approdo per chi fino a ieri guardava da lontano internet e l&#8217;informatica. Le varie richieste di partecipare a una causa mi ricordano le famigerate <a href=\"http:\/\/it.wikipedia.org\/wiki\/Catena_di_sant'Antonio\">catene di sant&#8217;antonio<\/a>, quelle che valevano al mittente la nomea di lamer o di newbie. Vi ricordate? Impareranno anche loro a non girarle (nel caso aiutiamoli noi) e prima o poi il fenomeno si stabilizzer\u00e0, quando sar\u00e0 esaurita questa massa di newbie che si appropria del mezzo.  <\/p>\n<div><div style=\"padding-top:10px;margin-bottom:10px;font-size:10pt;font-family:arial;font-weight:bold;\"><\/div><div class=simplesocial><a href=\"http:\/\/twitter.com\/share\" data-url=\"https:\/\/www.alongo.it\/?p=701\" data-text=\"Su+Facebook+e+la+vacca\" class=\"twitter-share-button\" data-count=\"horizontal\">Tweet<\/a><script type=\"text\/javascript\" src=\"http:\/\/platform.twitter.com\/widgets.js\"><\/script><\/div><div class=simplesocial><iframe src=\"http:\/\/www.facebook.com\/plugins\/like.php?href=https%3A%2F%2Fwww.alongo.it%2F%3Fp%3D701&layout=standard&show_faces=false&width=450&action=like&colorscheme=light&height=35\" scrolling=\"no\" frameborder=\"0\" style=\"border:none; overflow:hidden; width:450px; height:25px;\" allowTransparency=\"true\"><\/iframe><\/div><div style=\"clear:both\"><\/div><a class=simplesocial onclick=\"return simplesocial(this,500,400)\" title=\"Share on Facebook\" style=\"background:url(http:\/\/www.alongo.it\/wp-content\/plugins\/simple-social-sharing-widgets-icons\/icons_16\/facebook.png)\" href=\"http:\/\/www.facebook.com\/share.php?u=https%3A%2F%2Fwww.alongo.it%2F%3Fp%3D701&t=Su+Facebook+e+la+vacca\"><\/a><a class=simplesocial onclick=\"return simplesocial(this,812,420)\" title=\"Share on Twitter\" style=\"background:url(http:\/\/www.alongo.it\/wp-content\/plugins\/simple-social-sharing-widgets-icons\/icons_16\/twitter.png)\" href=\"http:\/\/twitter.com\/home?status=https%3A%2F%2Fwww.alongo.it%2F%3Fp%3D701\"><\/a><a class=simplesocial onclick=\"return simplesocial(this,435,500)\" title=\"Email a Friend\" style=\"background:url(http:\/\/www.alongo.it\/wp-content\/plugins\/simple-social-sharing-widgets-icons\/icons_16\/email.png)\" href=\"http:\/\/www.freetellafriend.com\/tell\/?heading=Share+This+Article&bg=1&option=email&url=https%3A%2F%2Fwww.alongo.it%2F%3Fp%3D701\"><\/a><\/div><div style=\"clear:both;margin-bottom:20px\"><\/div>","protected":false},"excerpt":{"rendered":"<p>Sta prendendo forma una discussione sulle capacit\u00e0 o meno di facebook di permettere relazioni e conversazioni rilevanti e importanti. Nasce da un post di Gilioli, la cui tesi \u00e8 che Facebook manda tutto in vacca. Se ne parla su Granieri, De Biase, Mantellini. Ma il tema \u00e8 stato toccato prima anche da Vittorio Zambardino. Secondo [&hellip;]<\/p>\n","protected":false},"author":1,"featured_media":0,"comment_status":"open","ping_status":"open","sticky":false,"template":"","format":"standard","meta":{"footnotes":""},"categories":[1],"tags":[],"class_list":["post-701","post","type-post","status-publish","format-standard","hentry","category-articoli"],"yoast_head":"<!-- This site is optimized with the Yoast SEO plugin v27.5 - https:\/\/yoast.com\/product\/yoast-seo-wordpress\/ -->\n<title>Su Facebook e la vacca - Alessandro Longo<\/title>\n<meta name=\"robots\" content=\"index, follow, max-snippet:-1, max-image-preview:large, max-video-preview:-1\" \/>\n<link rel=\"canonical\" href=\"https:\/\/www.alongo.it\/?p=701\" \/>\n<meta property=\"og:locale\" content=\"it_IT\" \/>\n<meta property=\"og:type\" content=\"article\" \/>\n<meta property=\"og:title\" content=\"Su Facebook e la vacca - Alessandro Longo\" \/>\n<meta property=\"og:description\" content=\"Sta prendendo forma una discussione sulle capacit\u00e0 o meno di facebook di permettere relazioni e conversazioni rilevanti e importanti. Nasce da un post di Gilioli, la cui tesi \u00e8 che Facebook manda tutto in vacca. Se ne parla su Granieri, De Biase, Mantellini. Ma il tema \u00e8 stato toccato prima anche da Vittorio Zambardino. Secondo [&hellip;]\" \/>\n<meta property=\"og:url\" content=\"https:\/\/www.alongo.it\/?p=701\" \/>\n<meta property=\"og:site_name\" content=\"Alessandro Longo\" \/>\n<meta property=\"article:published_time\" content=\"2009-01-01T12:14:41+00:00\" \/>\n<meta property=\"article:modified_time\" content=\"2009-01-01T12:16:56+00:00\" \/>\n<meta name=\"author\" content=\"alex\" \/>\n<meta name=\"twitter:card\" content=\"summary_large_image\" \/>\n<meta name=\"twitter:label1\" content=\"Scritto da\" \/>\n\t<meta name=\"twitter:data1\" content=\"alex\" \/>\n\t<meta name=\"twitter:label2\" content=\"Tempo di lettura stimato\" \/>\n\t<meta name=\"twitter:data2\" content=\"1 minuto\" \/>\n<script type=\"application\/ld+json\" class=\"yoast-schema-graph\">{\"@context\":\"https:\\\/\\\/schema.org\",\"@graph\":[{\"@type\":\"Article\",\"@id\":\"https:\\\/\\\/www.alongo.it\\\/?p=701#article\",\"isPartOf\":{\"@id\":\"https:\\\/\\\/www.alongo.it\\\/?p=701\"},\"author\":{\"name\":\"alex\",\"@id\":\"https:\\\/\\\/www.alongo.it\\\/#\\\/schema\\\/person\\\/eb81a41f49bbca65b55a93a8a3f2a8bd\"},\"headline\":\"Su Facebook e la vacca\",\"datePublished\":\"2009-01-01T12:14:41+00:00\",\"dateModified\":\"2009-01-01T12:16:56+00:00\",\"mainEntityOfPage\":{\"@id\":\"https:\\\/\\\/www.alongo.it\\\/?p=701\"},\"wordCount\":221,\"commentCount\":6,\"publisher\":{\"@id\":\"https:\\\/\\\/www.alongo.it\\\/#\\\/schema\\\/person\\\/eb81a41f49bbca65b55a93a8a3f2a8bd\"},\"articleSection\":[\"articoli\"],\"inLanguage\":\"it-IT\",\"potentialAction\":[{\"@type\":\"CommentAction\",\"name\":\"Comment\",\"target\":[\"https:\\\/\\\/www.alongo.it\\\/?p=701#respond\"]}]},{\"@type\":\"WebPage\",\"@id\":\"https:\\\/\\\/www.alongo.it\\\/?p=701\",\"url\":\"https:\\\/\\\/www.alongo.it\\\/?p=701\",\"name\":\"Su Facebook e la vacca - Alessandro Longo\",\"isPartOf\":{\"@id\":\"https:\\\/\\\/www.alongo.it\\\/#website\"},\"datePublished\":\"2009-01-01T12:14:41+00:00\",\"dateModified\":\"2009-01-01T12:16:56+00:00\",\"breadcrumb\":{\"@id\":\"https:\\\/\\\/www.alongo.it\\\/?p=701#breadcrumb\"},\"inLanguage\":\"it-IT\",\"potentialAction\":[{\"@type\":\"ReadAction\",\"target\":[\"https:\\\/\\\/www.alongo.it\\\/?p=701\"]}]},{\"@type\":\"BreadcrumbList\",\"@id\":\"https:\\\/\\\/www.alongo.it\\\/?p=701#breadcrumb\",\"itemListElement\":[{\"@type\":\"ListItem\",\"position\":1,\"name\":\"Home\",\"item\":\"https:\\\/\\\/www.alongo.it\\\/\"},{\"@type\":\"ListItem\",\"position\":2,\"name\":\"Su Facebook e la vacca\"}]},{\"@type\":\"WebSite\",\"@id\":\"https:\\\/\\\/www.alongo.it\\\/#website\",\"url\":\"https:\\\/\\\/www.alongo.it\\\/\",\"name\":\"Alessandro Longo\",\"description\":\"Telefonia, hi-tech e giornalismo\",\"publisher\":{\"@id\":\"https:\\\/\\\/www.alongo.it\\\/#\\\/schema\\\/person\\\/eb81a41f49bbca65b55a93a8a3f2a8bd\"},\"potentialAction\":[{\"@type\":\"SearchAction\",\"target\":{\"@type\":\"EntryPoint\",\"urlTemplate\":\"https:\\\/\\\/www.alongo.it\\\/?s={search_term_string}\"},\"query-input\":{\"@type\":\"PropertyValueSpecification\",\"valueRequired\":true,\"valueName\":\"search_term_string\"}}],\"inLanguage\":\"it-IT\"},{\"@type\":[\"Person\",\"Organization\"],\"@id\":\"https:\\\/\\\/www.alongo.it\\\/#\\\/schema\\\/person\\\/eb81a41f49bbca65b55a93a8a3f2a8bd\",\"name\":\"alex\",\"image\":{\"@type\":\"ImageObject\",\"inLanguage\":\"it-IT\",\"@id\":\"https:\\\/\\\/www.alongo.it\\\/wp-content\\\/uploads\\\/2012\\\/10\\\/longo.jpg\",\"url\":\"https:\\\/\\\/www.alongo.it\\\/wp-content\\\/uploads\\\/2012\\\/10\\\/longo.jpg\",\"contentUrl\":\"https:\\\/\\\/www.alongo.it\\\/wp-content\\\/uploads\\\/2012\\\/10\\\/longo.jpg\",\"width\":\"896\",\"height\":\"616\",\"caption\":\"alex\"},\"logo\":{\"@id\":\"https:\\\/\\\/www.alongo.it\\\/wp-content\\\/uploads\\\/2012\\\/10\\\/longo.jpg\"},\"url\":\"https:\\\/\\\/www.alongo.it\\\/?author=1\"}]}<\/script>\n<!-- \/ Yoast SEO plugin. -->","yoast_head_json":{"title":"Su Facebook e la vacca - Alessandro Longo","robots":{"index":"index","follow":"follow","max-snippet":"max-snippet:-1","max-image-preview":"max-image-preview:large","max-video-preview":"max-video-preview:-1"},"canonical":"https:\/\/www.alongo.it\/?p=701","og_locale":"it_IT","og_type":"article","og_title":"Su Facebook e la vacca - Alessandro Longo","og_description":"Sta prendendo forma una discussione sulle capacit\u00e0 o meno di facebook di permettere relazioni e conversazioni rilevanti e importanti. Nasce da un post di Gilioli, la cui tesi \u00e8 che Facebook manda tutto in vacca. Se ne parla su Granieri, De Biase, Mantellini. Ma il tema \u00e8 stato toccato prima anche da Vittorio Zambardino. Secondo [&hellip;]","og_url":"https:\/\/www.alongo.it\/?p=701","og_site_name":"Alessandro Longo","article_published_time":"2009-01-01T12:14:41+00:00","article_modified_time":"2009-01-01T12:16:56+00:00","author":"alex","twitter_card":"summary_large_image","twitter_misc":{"Scritto da":"alex","Tempo di lettura stimato":"1 minuto"},"schema":{"@context":"https:\/\/schema.org","@graph":[{"@type":"Article","@id":"https:\/\/www.alongo.it\/?p=701#article","isPartOf":{"@id":"https:\/\/www.alongo.it\/?p=701"},"author":{"name":"alex","@id":"https:\/\/www.alongo.it\/#\/schema\/person\/eb81a41f49bbca65b55a93a8a3f2a8bd"},"headline":"Su Facebook e la vacca","datePublished":"2009-01-01T12:14:41+00:00","dateModified":"2009-01-01T12:16:56+00:00","mainEntityOfPage":{"@id":"https:\/\/www.alongo.it\/?p=701"},"wordCount":221,"commentCount":6,"publisher":{"@id":"https:\/\/www.alongo.it\/#\/schema\/person\/eb81a41f49bbca65b55a93a8a3f2a8bd"},"articleSection":["articoli"],"inLanguage":"it-IT","potentialAction":[{"@type":"CommentAction","name":"Comment","target":["https:\/\/www.alongo.it\/?p=701#respond"]}]},{"@type":"WebPage","@id":"https:\/\/www.alongo.it\/?p=701","url":"https:\/\/www.alongo.it\/?p=701","name":"Su Facebook e la vacca - Alessandro Longo","isPartOf":{"@id":"https:\/\/www.alongo.it\/#website"},"datePublished":"2009-01-01T12:14:41+00:00","dateModified":"2009-01-01T12:16:56+00:00","breadcrumb":{"@id":"https:\/\/www.alongo.it\/?p=701#breadcrumb"},"inLanguage":"it-IT","potentialAction":[{"@type":"ReadAction","target":["https:\/\/www.alongo.it\/?p=701"]}]},{"@type":"BreadcrumbList","@id":"https:\/\/www.alongo.it\/?p=701#breadcrumb","itemListElement":[{"@type":"ListItem","position":1,"name":"Home","item":"https:\/\/www.alongo.it\/"},{"@type":"ListItem","position":2,"name":"Su Facebook e la vacca"}]},{"@type":"WebSite","@id":"https:\/\/www.alongo.it\/#website","url":"https:\/\/www.alongo.it\/","name":"Alessandro Longo","description":"Telefonia, hi-tech e giornalismo","publisher":{"@id":"https:\/\/www.alongo.it\/#\/schema\/person\/eb81a41f49bbca65b55a93a8a3f2a8bd"},"potentialAction":[{"@type":"SearchAction","target":{"@type":"EntryPoint","urlTemplate":"https:\/\/www.alongo.it\/?s={search_term_string}"},"query-input":{"@type":"PropertyValueSpecification","valueRequired":true,"valueName":"search_term_string"}}],"inLanguage":"it-IT"},{"@type":["Person","Organization"],"@id":"https:\/\/www.alongo.it\/#\/schema\/person\/eb81a41f49bbca65b55a93a8a3f2a8bd","name":"alex","image":{"@type":"ImageObject","inLanguage":"it-IT","@id":"https:\/\/www.alongo.it\/wp-content\/uploads\/2012\/10\/longo.jpg","url":"https:\/\/www.alongo.it\/wp-content\/uploads\/2012\/10\/longo.jpg","contentUrl":"https:\/\/www.alongo.it\/wp-content\/uploads\/2012\/10\/longo.jpg","width":"896","height":"616","caption":"alex"},"logo":{"@id":"https:\/\/www.alongo.it\/wp-content\/uploads\/2012\/10\/longo.jpg"},"url":"https:\/\/www.alongo.it\/?author=1"}]}},"_links":{"self":[{"href":"https:\/\/www.alongo.it\/index.php?rest_route=\/wp\/v2\/posts\/701","targetHints":{"allow":["GET"]}}],"collection":[{"href":"https:\/\/www.alongo.it\/index.php?rest_route=\/wp\/v2\/posts"}],"about":[{"href":"https:\/\/www.alongo.it\/index.php?rest_route=\/wp\/v2\/types\/post"}],"author":[{"embeddable":true,"href":"https:\/\/www.alongo.it\/index.php?rest_route=\/wp\/v2\/users\/1"}],"replies":[{"embeddable":true,"href":"https:\/\/www.alongo.it\/index.php?rest_route=%2Fwp%2Fv2%2Fcomments&post=701"}],"version-history":[{"count":0,"href":"https:\/\/www.alongo.it\/index.php?rest_route=\/wp\/v2\/posts\/701\/revisions"}],"wp:attachment":[{"href":"https:\/\/www.alongo.it\/index.php?rest_route=%2Fwp%2Fv2%2Fmedia&parent=701"}],"wp:term":[{"taxonomy":"category","embeddable":true,"href":"https:\/\/www.alongo.it\/index.php?rest_route=%2Fwp%2Fv2%2Fcategories&post=701"},{"taxonomy":"post_tag","embeddable":true,"href":"https:\/\/www.alongo.it\/index.php?rest_route=%2Fwp%2Fv2%2Ftags&post=701"}],"curies":[{"name":"wp","href":"https:\/\/api.w.org\/{rel}","templated":true}]}}