{"id":638,"date":"2008-03-14T20:15:35","date_gmt":"2008-03-14T19:15:35","guid":{"rendered":"http:\/\/www.alongo.it\/?p=638"},"modified":"2008-03-15T09:47:46","modified_gmt":"2008-03-15T08:47:46","slug":"fibra-nelle-case-litalia-torna-in-pista","status":"publish","type":"post","link":"https:\/\/www.alongo.it\/?p=638","title":{"rendered":"Fibra nelle case, l&#8217;Italia torna in pista"},"content":{"rendered":"<p>Il 2008-2009 dovrebbe vedere un rilancio del tema fibra nelle case, perch\u00e9 Telecom ha un piano per cominciare a fare seria concorrenza a Fastweb. Fastweb copre ora 2 milioni di utenti, rendendo l&#8217;Italia il Paese con migliore copertura fiber to the home in Europa (mentre \u00e8 secondo in Europa per numero di utenti), come riportato da Idate a fine febbraio <a href=\"http:\/\/www.idate.org\/pages\/download.php?id=468&#038;rub=news_telech&#038;nom=407 FTTH.pdf\">(pdf di sintesi)<\/a><\/p>\n<p>GLi utenti sono 260 mila. Telecom conta di averne 200 mila entro due anni. Telecom, BT e Fastweb hanno gi\u00e0 fibra negli uffici (ma su tecnologia Sdh), mentre per il consumer la concorrenza non \u00e8 ancora decollata. TUtto \u00e8 fermo ai primi anni del nuovo millennio, bloccato da tempi della new economy. Fastweb stessa preme pochissimo su questo tema, a livello di comuincazione. Crede ormai solo nell&#8217;Adsl, a quanto pare. Peccato, la fibra nelle case \u00e8 certo una parte importante del futuro della banda larga. <\/p>\n<p>P.S.<br \/>\nIdate associa ai dati fiber to the home quelli della fiber to the building, dove la rete si ferma un pochino prima della casa (arriva al palazzo).<\/p>\n<p>P.S.<br \/>\n<a href=\"http:\/\/blog.quintarelli.it\/blog\/2008\/03\/ma-quanto-costa.html\">Calcolo molto interessante,<\/a> di Quinta, sui costi di un&#8217;eventuale rete FTTH nazionale: sono sostenibili da un governo, perch\u00e9 sono simili a quelli di un&#8217;autostrada. Quinta esprime fondati dubbi sui numeri di Idate, sugli utenti ftth: sembrano troppo alti, dovrebbero essere rimasti ai 220 mila di inizio millennio. Contatter\u00f2 Idate per chiarimenti (di nuovo; non hanno replicato n\u00e9 a mail n\u00e9 a telefonate)<\/p>\n<div><div style=\"padding-top:10px;margin-bottom:10px;font-size:10pt;font-family:arial;font-weight:bold;\"><\/div><div class=simplesocial><a href=\"http:\/\/twitter.com\/share\" data-url=\"https:\/\/www.alongo.it\/?p=638\" data-text=\"Fibra+nelle+case%2C+l%26%238217%3BItalia+torna+in+pista\" class=\"twitter-share-button\" data-count=\"horizontal\">Tweet<\/a><script type=\"text\/javascript\" src=\"http:\/\/platform.twitter.com\/widgets.js\"><\/script><\/div><div class=simplesocial><iframe src=\"http:\/\/www.facebook.com\/plugins\/like.php?href=https%3A%2F%2Fwww.alongo.it%2F%3Fp%3D638&layout=standard&show_faces=false&width=450&action=like&colorscheme=light&height=35\" scrolling=\"no\" frameborder=\"0\" style=\"border:none; overflow:hidden; width:450px; height:25px;\" allowTransparency=\"true\"><\/iframe><\/div><div style=\"clear:both\"><\/div><a class=simplesocial onclick=\"return simplesocial(this,500,400)\" title=\"Share on Facebook\" style=\"background:url(http:\/\/www.alongo.it\/wp-content\/plugins\/simple-social-sharing-widgets-icons\/icons_16\/facebook.png)\" href=\"http:\/\/www.facebook.com\/share.php?u=https%3A%2F%2Fwww.alongo.it%2F%3Fp%3D638&t=Fibra+nelle+case%2C+l%26%238217%3BItalia+torna+in+pista\"><\/a><a class=simplesocial onclick=\"return simplesocial(this,812,420)\" title=\"Share on Twitter\" style=\"background:url(http:\/\/www.alongo.it\/wp-content\/plugins\/simple-social-sharing-widgets-icons\/icons_16\/twitter.png)\" href=\"http:\/\/twitter.com\/home?status=https%3A%2F%2Fwww.alongo.it%2F%3Fp%3D638\"><\/a><a class=simplesocial onclick=\"return simplesocial(this,435,500)\" title=\"Email a Friend\" style=\"background:url(http:\/\/www.alongo.it\/wp-content\/plugins\/simple-social-sharing-widgets-icons\/icons_16\/email.png)\" href=\"http:\/\/www.freetellafriend.com\/tell\/?heading=Share+This+Article&bg=1&option=email&url=https%3A%2F%2Fwww.alongo.it%2F%3Fp%3D638\"><\/a><\/div><div style=\"clear:both;margin-bottom:20px\"><\/div>","protected":false},"excerpt":{"rendered":"<p>Il 2008-2009 dovrebbe vedere un rilancio del tema fibra nelle case, perch\u00e9 Telecom ha un piano per cominciare a fare seria concorrenza a Fastweb. Fastweb copre ora 2 milioni di utenti, rendendo l&#8217;Italia il Paese con migliore copertura fiber to the home in Europa (mentre \u00e8 secondo in Europa per numero di utenti), come riportato [&hellip;]<\/p>\n","protected":false},"author":1,"featured_media":0,"comment_status":"open","ping_status":"open","sticky":false,"template":"","format":"standard","meta":{"footnotes":""},"categories":[1],"tags":[],"class_list":["post-638","post","type-post","status-publish","format-standard","hentry","category-articoli"],"yoast_head":"<!-- This site is optimized with the Yoast SEO plugin v27.5 - https:\/\/yoast.com\/product\/yoast-seo-wordpress\/ -->\n<title>Fibra nelle case, l&#039;Italia torna in pista - Alessandro Longo<\/title>\n<meta name=\"robots\" content=\"index, follow, max-snippet:-1, max-image-preview:large, max-video-preview:-1\" \/>\n<link rel=\"canonical\" href=\"https:\/\/www.alongo.it\/?p=638\" \/>\n<meta property=\"og:locale\" content=\"it_IT\" \/>\n<meta property=\"og:type\" content=\"article\" \/>\n<meta property=\"og:title\" content=\"Fibra nelle case, l&#039;Italia torna in pista - Alessandro Longo\" \/>\n<meta property=\"og:description\" content=\"Il 2008-2009 dovrebbe vedere un rilancio del tema fibra nelle case, perch\u00e9 Telecom ha un piano per cominciare a fare seria concorrenza a Fastweb. Fastweb copre ora 2 milioni di utenti, rendendo l&#8217;Italia il Paese con migliore copertura fiber to the home in Europa (mentre \u00e8 secondo in Europa per numero di utenti), come riportato [&hellip;]\" \/>\n<meta property=\"og:url\" content=\"https:\/\/www.alongo.it\/?p=638\" \/>\n<meta property=\"og:site_name\" content=\"Alessandro Longo\" \/>\n<meta property=\"article:published_time\" content=\"2008-03-14T19:15:35+00:00\" \/>\n<meta property=\"article:modified_time\" content=\"2008-03-15T08:47:46+00:00\" \/>\n<meta name=\"author\" content=\"alex\" \/>\n<meta name=\"twitter:card\" content=\"summary_large_image\" \/>\n<meta name=\"twitter:label1\" content=\"Scritto da\" \/>\n\t<meta name=\"twitter:data1\" content=\"alex\" \/>\n\t<meta name=\"twitter:label2\" content=\"Tempo di lettura stimato\" \/>\n\t<meta name=\"twitter:data2\" content=\"1 minuto\" \/>\n<script type=\"application\/ld+json\" class=\"yoast-schema-graph\">{\"@context\":\"https:\\\/\\\/schema.org\",\"@graph\":[{\"@type\":\"Article\",\"@id\":\"https:\\\/\\\/www.alongo.it\\\/?p=638#article\",\"isPartOf\":{\"@id\":\"https:\\\/\\\/www.alongo.it\\\/?p=638\"},\"author\":{\"name\":\"alex\",\"@id\":\"https:\\\/\\\/www.alongo.it\\\/#\\\/schema\\\/person\\\/eb81a41f49bbca65b55a93a8a3f2a8bd\"},\"headline\":\"Fibra nelle case, l&#8217;Italia torna in pista\",\"datePublished\":\"2008-03-14T19:15:35+00:00\",\"dateModified\":\"2008-03-15T08:47:46+00:00\",\"mainEntityOfPage\":{\"@id\":\"https:\\\/\\\/www.alongo.it\\\/?p=638\"},\"wordCount\":240,\"commentCount\":5,\"publisher\":{\"@id\":\"https:\\\/\\\/www.alongo.it\\\/#\\\/schema\\\/person\\\/eb81a41f49bbca65b55a93a8a3f2a8bd\"},\"articleSection\":[\"articoli\"],\"inLanguage\":\"it-IT\",\"potentialAction\":[{\"@type\":\"CommentAction\",\"name\":\"Comment\",\"target\":[\"https:\\\/\\\/www.alongo.it\\\/?p=638#respond\"]}]},{\"@type\":\"WebPage\",\"@id\":\"https:\\\/\\\/www.alongo.it\\\/?p=638\",\"url\":\"https:\\\/\\\/www.alongo.it\\\/?p=638\",\"name\":\"Fibra nelle case, l'Italia torna in pista - Alessandro Longo\",\"isPartOf\":{\"@id\":\"https:\\\/\\\/www.alongo.it\\\/#website\"},\"datePublished\":\"2008-03-14T19:15:35+00:00\",\"dateModified\":\"2008-03-15T08:47:46+00:00\",\"breadcrumb\":{\"@id\":\"https:\\\/\\\/www.alongo.it\\\/?p=638#breadcrumb\"},\"inLanguage\":\"it-IT\",\"potentialAction\":[{\"@type\":\"ReadAction\",\"target\":[\"https:\\\/\\\/www.alongo.it\\\/?p=638\"]}]},{\"@type\":\"BreadcrumbList\",\"@id\":\"https:\\\/\\\/www.alongo.it\\\/?p=638#breadcrumb\",\"itemListElement\":[{\"@type\":\"ListItem\",\"position\":1,\"name\":\"Home\",\"item\":\"https:\\\/\\\/www.alongo.it\\\/\"},{\"@type\":\"ListItem\",\"position\":2,\"name\":\"Fibra nelle case, l&#8217;Italia torna in pista\"}]},{\"@type\":\"WebSite\",\"@id\":\"https:\\\/\\\/www.alongo.it\\\/#website\",\"url\":\"https:\\\/\\\/www.alongo.it\\\/\",\"name\":\"Alessandro Longo\",\"description\":\"Telefonia, hi-tech e giornalismo\",\"publisher\":{\"@id\":\"https:\\\/\\\/www.alongo.it\\\/#\\\/schema\\\/person\\\/eb81a41f49bbca65b55a93a8a3f2a8bd\"},\"potentialAction\":[{\"@type\":\"SearchAction\",\"target\":{\"@type\":\"EntryPoint\",\"urlTemplate\":\"https:\\\/\\\/www.alongo.it\\\/?s={search_term_string}\"},\"query-input\":{\"@type\":\"PropertyValueSpecification\",\"valueRequired\":true,\"valueName\":\"search_term_string\"}}],\"inLanguage\":\"it-IT\"},{\"@type\":[\"Person\",\"Organization\"],\"@id\":\"https:\\\/\\\/www.alongo.it\\\/#\\\/schema\\\/person\\\/eb81a41f49bbca65b55a93a8a3f2a8bd\",\"name\":\"alex\",\"image\":{\"@type\":\"ImageObject\",\"inLanguage\":\"it-IT\",\"@id\":\"https:\\\/\\\/www.alongo.it\\\/wp-content\\\/uploads\\\/2012\\\/10\\\/longo.jpg\",\"url\":\"https:\\\/\\\/www.alongo.it\\\/wp-content\\\/uploads\\\/2012\\\/10\\\/longo.jpg\",\"contentUrl\":\"https:\\\/\\\/www.alongo.it\\\/wp-content\\\/uploads\\\/2012\\\/10\\\/longo.jpg\",\"width\":\"896\",\"height\":\"616\",\"caption\":\"alex\"},\"logo\":{\"@id\":\"https:\\\/\\\/www.alongo.it\\\/wp-content\\\/uploads\\\/2012\\\/10\\\/longo.jpg\"},\"url\":\"https:\\\/\\\/www.alongo.it\\\/?author=1\"}]}<\/script>\n<!-- \/ Yoast SEO plugin. -->","yoast_head_json":{"title":"Fibra nelle case, l'Italia torna in pista - Alessandro Longo","robots":{"index":"index","follow":"follow","max-snippet":"max-snippet:-1","max-image-preview":"max-image-preview:large","max-video-preview":"max-video-preview:-1"},"canonical":"https:\/\/www.alongo.it\/?p=638","og_locale":"it_IT","og_type":"article","og_title":"Fibra nelle case, l'Italia torna in pista - Alessandro Longo","og_description":"Il 2008-2009 dovrebbe vedere un rilancio del tema fibra nelle case, perch\u00e9 Telecom ha un piano per cominciare a fare seria concorrenza a Fastweb. Fastweb copre ora 2 milioni di utenti, rendendo l&#8217;Italia il Paese con migliore copertura fiber to the home in Europa (mentre \u00e8 secondo in Europa per numero di utenti), come riportato [&hellip;]","og_url":"https:\/\/www.alongo.it\/?p=638","og_site_name":"Alessandro Longo","article_published_time":"2008-03-14T19:15:35+00:00","article_modified_time":"2008-03-15T08:47:46+00:00","author":"alex","twitter_card":"summary_large_image","twitter_misc":{"Scritto da":"alex","Tempo di lettura stimato":"1 minuto"},"schema":{"@context":"https:\/\/schema.org","@graph":[{"@type":"Article","@id":"https:\/\/www.alongo.it\/?p=638#article","isPartOf":{"@id":"https:\/\/www.alongo.it\/?p=638"},"author":{"name":"alex","@id":"https:\/\/www.alongo.it\/#\/schema\/person\/eb81a41f49bbca65b55a93a8a3f2a8bd"},"headline":"Fibra nelle case, l&#8217;Italia torna in pista","datePublished":"2008-03-14T19:15:35+00:00","dateModified":"2008-03-15T08:47:46+00:00","mainEntityOfPage":{"@id":"https:\/\/www.alongo.it\/?p=638"},"wordCount":240,"commentCount":5,"publisher":{"@id":"https:\/\/www.alongo.it\/#\/schema\/person\/eb81a41f49bbca65b55a93a8a3f2a8bd"},"articleSection":["articoli"],"inLanguage":"it-IT","potentialAction":[{"@type":"CommentAction","name":"Comment","target":["https:\/\/www.alongo.it\/?p=638#respond"]}]},{"@type":"WebPage","@id":"https:\/\/www.alongo.it\/?p=638","url":"https:\/\/www.alongo.it\/?p=638","name":"Fibra nelle case, l'Italia torna in pista - Alessandro Longo","isPartOf":{"@id":"https:\/\/www.alongo.it\/#website"},"datePublished":"2008-03-14T19:15:35+00:00","dateModified":"2008-03-15T08:47:46+00:00","breadcrumb":{"@id":"https:\/\/www.alongo.it\/?p=638#breadcrumb"},"inLanguage":"it-IT","potentialAction":[{"@type":"ReadAction","target":["https:\/\/www.alongo.it\/?p=638"]}]},{"@type":"BreadcrumbList","@id":"https:\/\/www.alongo.it\/?p=638#breadcrumb","itemListElement":[{"@type":"ListItem","position":1,"name":"Home","item":"https:\/\/www.alongo.it\/"},{"@type":"ListItem","position":2,"name":"Fibra nelle case, l&#8217;Italia torna in pista"}]},{"@type":"WebSite","@id":"https:\/\/www.alongo.it\/#website","url":"https:\/\/www.alongo.it\/","name":"Alessandro Longo","description":"Telefonia, hi-tech e giornalismo","publisher":{"@id":"https:\/\/www.alongo.it\/#\/schema\/person\/eb81a41f49bbca65b55a93a8a3f2a8bd"},"potentialAction":[{"@type":"SearchAction","target":{"@type":"EntryPoint","urlTemplate":"https:\/\/www.alongo.it\/?s={search_term_string}"},"query-input":{"@type":"PropertyValueSpecification","valueRequired":true,"valueName":"search_term_string"}}],"inLanguage":"it-IT"},{"@type":["Person","Organization"],"@id":"https:\/\/www.alongo.it\/#\/schema\/person\/eb81a41f49bbca65b55a93a8a3f2a8bd","name":"alex","image":{"@type":"ImageObject","inLanguage":"it-IT","@id":"https:\/\/www.alongo.it\/wp-content\/uploads\/2012\/10\/longo.jpg","url":"https:\/\/www.alongo.it\/wp-content\/uploads\/2012\/10\/longo.jpg","contentUrl":"https:\/\/www.alongo.it\/wp-content\/uploads\/2012\/10\/longo.jpg","width":"896","height":"616","caption":"alex"},"logo":{"@id":"https:\/\/www.alongo.it\/wp-content\/uploads\/2012\/10\/longo.jpg"},"url":"https:\/\/www.alongo.it\/?author=1"}]}},"_links":{"self":[{"href":"https:\/\/www.alongo.it\/index.php?rest_route=\/wp\/v2\/posts\/638","targetHints":{"allow":["GET"]}}],"collection":[{"href":"https:\/\/www.alongo.it\/index.php?rest_route=\/wp\/v2\/posts"}],"about":[{"href":"https:\/\/www.alongo.it\/index.php?rest_route=\/wp\/v2\/types\/post"}],"author":[{"embeddable":true,"href":"https:\/\/www.alongo.it\/index.php?rest_route=\/wp\/v2\/users\/1"}],"replies":[{"embeddable":true,"href":"https:\/\/www.alongo.it\/index.php?rest_route=%2Fwp%2Fv2%2Fcomments&post=638"}],"version-history":[{"count":0,"href":"https:\/\/www.alongo.it\/index.php?rest_route=\/wp\/v2\/posts\/638\/revisions"}],"wp:attachment":[{"href":"https:\/\/www.alongo.it\/index.php?rest_route=%2Fwp%2Fv2%2Fmedia&parent=638"}],"wp:term":[{"taxonomy":"category","embeddable":true,"href":"https:\/\/www.alongo.it\/index.php?rest_route=%2Fwp%2Fv2%2Fcategories&post=638"},{"taxonomy":"post_tag","embeddable":true,"href":"https:\/\/www.alongo.it\/index.php?rest_route=%2Fwp%2Fv2%2Ftags&post=638"}],"curies":[{"name":"wp","href":"https:\/\/api.w.org\/{rel}","templated":true}]}}