{"id":547,"date":"2007-07-16T13:09:55","date_gmt":"2007-07-16T12:09:55","guid":{"rendered":"http:\/\/www.alongo.it\/?p=547"},"modified":"2008-03-31T01:03:12","modified_gmt":"2008-03-31T00:03:12","slug":"la-battaglia-di-elitel-e-a-una-svolta","status":"publish","type":"post","link":"https:\/\/www.alongo.it\/?p=547","title":{"rendered":"La battaglia di Elitel \u00e8 a una svolta"},"content":{"rendered":"<p>UPDATE UPDATE<br \/>\nVedo tra i commenti che qualcuno si chiede del commissariamento. La notizia ufficiale \u00e8 che Elitel non ha ancora presentato le carte ma lo far\u00e0 entro luglio.<br \/>\n<del datetime=\"2007-07-19T15:16:29+00:00\">Oggi per\u00f2 il tribunale deve decidere su un procedimetno d&#8217;urgenza per il riattacco delle linee<\/del>.<\/p>\n<p>No, il tribunale ha detto oggi che decider\u00e0 nei prossimi 5-7 giorni.<br \/>\nRIcordo che questo \u00e8 unprocedimento d&#8217;urgenza attivato da Elitel contro Telecom e che \u00e8 una cosa a parallela rispetto al commissariamento.<br \/>\nSI noti che se anche il giudice decidesse per il riallaccio, Telecom pu\u00f2 comunque opporsi con un reclamo. <\/p>\n<p>&#8212;&#8212;&#8212;&#8212;&#8212;&#8212;&#8212;&#8212;&#8212;&#8212;&#8212;&#8212;&#8212;&#8212;&#8212;&#8212;&#8212;&#8212;&#8212;&#8212;&#8212;&#8212;&#8212;&#8211;<\/p>\n<p>C&#8217;\u00e8 un altro aggiornamento. Tutte le interviste, come sempre, sono frutto del mio lavoro. Intanto prosegue la nube giornalistica che sta oscurando questa notizia. Fa eccezione solo repubblica, tra le grandi testate.<br \/>\nDI che mi sorprendo? Stessa sorte ha subito la notizia su Previti, come <a href=\"http:\/\/www.beppegrillo.it\">spiega Marco Travaglio.<\/a><\/p>\n<p>Il commissariamento, richiesto da Elitel la settimana scorsa, \u00e8 in forse: decider\u00e0 il tribunale di Milano, forse gi\u00e0 questa settimana. Ecco perch\u00e9 oggi \u00e8 previsto un presidio di lavoratori di Elitel, davanti al tribunale. L\u2019ha organizzato il sindacato Slc-Fiom (Cgil Lombardia); \u00abci hanno dato adesione pi\u00f9 di cento dipendenti, finora. Dalla decisione del tribunale- se concedere o no a Elitel un\u2019amministrazione straordinaria con un commissario ministeriale- dipende il futuro dell\u2019azienda e quindi il loro lavoro\u00ac\u00bb, spiega Jorge Torre, il rappresentante sindacale. Il problema? \u00abPer essere ammessi al commissariamento, i termini di legge (della Prodi Bis) prevedono che l\u2019azienda abbia almeno 200 dipendenti\u00bb, spiegano a Repubblica dal Ministero delle Attivit\u00e0 Produttive. \u00abNessuna azienda del gruppo Elitel raggiunge questa quota, ma sommate tutte insieme ci riescono. Ora bisogner\u00e0 vedere se il tribunale riterr\u00e0 corretto interpretare in questo modo, favorevole a Elitel, i termini di legge\u00bb. \u00abUna volta ottenuto il commissariamento- continuano dal Ministero- ritengo potremo applicare la Prodi Bis che serve a ripristinare la continuit\u00e0 d\u2019impresa e quindi imporremo a Telecom il riallaccio delle linee Elitel\u00bb. <!--more-->Telecom le ha staccate per un debito che aveva raggiunto quota 106 milioni di euro. \u00abStiamo cercando di alleviare il disagio dei clienti, ma non possiamo imporre il riallaccio a Telecom\u00bb, spiega Enzo Savarese, consigliere dell\u2019Autorit\u00e0 Garante delle Comunicazioni. Solo il tribunale, insomma, pu\u00f2 sbloccare la situazione. \u00abTelecom ci ha gi\u00e0 scritto dicendo che non intende riallacciare le linee poich\u00e9 non crede che Elitel rispetti i termini della Prodi Bis\u00bb, dicono infatti dal Ministero.<br \/>\n\u00c8 insomma guerra aperta tra Telecom ed Elitel, su vari fronti: \u00abluned\u00ec depositeremo una denuncia contro di lei per abuso di posizione dominante: ci ha gi\u00e0 sottratto il 40 per cento dei nostri clienti restati in panne, chiamandoli e offrendo i propri servizi\u00bb, afferma Giorgio Fatarella, amministratore delegato Elitel. Telecom smentisce. \u00abSe fosse vero sarebbe gravissimo- dice Savarese; \u00e8 probabile tuttavia che siano stati gli stessi utenti, disperati, a rivolgersi a Telecom\u00bb. Di disperazione, infatti, si tratta: \u00abci sono danni incalcolabili per le aziende restate per giorni senza telefono e senza Internet. Ma isolati sono anche interi Comuni lombardi, che erano clienti Elitel\u00bb, spiega Bruno Casati, assessore delle crisi industriali e occupazionali presso la Provincia di Milano. Grossi disagi anche per la Regione Friuli Venezia Giulia, che ha appena inviato a Elitel una diffida. Elitel distribuiva via satellite alle emittenti locali i servizi televisivi prodotti dalle strutture informative della Regione. <\/p>\n<div><div style=\"padding-top:10px;margin-bottom:10px;font-size:10pt;font-family:arial;font-weight:bold;\"><\/div><div class=simplesocial><a href=\"http:\/\/twitter.com\/share\" data-url=\"https:\/\/www.alongo.it\/?p=547\" data-text=\"La+battaglia+di+Elitel+%C3%A8+a+una+svolta\" class=\"twitter-share-button\" data-count=\"horizontal\">Tweet<\/a><script type=\"text\/javascript\" src=\"http:\/\/platform.twitter.com\/widgets.js\"><\/script><\/div><div class=simplesocial><iframe src=\"http:\/\/www.facebook.com\/plugins\/like.php?href=https%3A%2F%2Fwww.alongo.it%2F%3Fp%3D547&layout=standard&show_faces=false&width=450&action=like&colorscheme=light&height=35\" scrolling=\"no\" frameborder=\"0\" style=\"border:none; overflow:hidden; width:450px; height:25px;\" allowTransparency=\"true\"><\/iframe><\/div><div style=\"clear:both\"><\/div><a class=simplesocial onclick=\"return simplesocial(this,500,400)\" title=\"Share on Facebook\" style=\"background:url(http:\/\/www.alongo.it\/wp-content\/plugins\/simple-social-sharing-widgets-icons\/icons_16\/facebook.png)\" href=\"http:\/\/www.facebook.com\/share.php?u=https%3A%2F%2Fwww.alongo.it%2F%3Fp%3D547&t=La+battaglia+di+Elitel+%C3%A8+a+una+svolta\"><\/a><a class=simplesocial onclick=\"return simplesocial(this,812,420)\" title=\"Share on Twitter\" style=\"background:url(http:\/\/www.alongo.it\/wp-content\/plugins\/simple-social-sharing-widgets-icons\/icons_16\/twitter.png)\" href=\"http:\/\/twitter.com\/home?status=https%3A%2F%2Fwww.alongo.it%2F%3Fp%3D547\"><\/a><a class=simplesocial onclick=\"return simplesocial(this,435,500)\" title=\"Email a Friend\" style=\"background:url(http:\/\/www.alongo.it\/wp-content\/plugins\/simple-social-sharing-widgets-icons\/icons_16\/email.png)\" href=\"http:\/\/www.freetellafriend.com\/tell\/?heading=Share+This+Article&bg=1&option=email&url=https%3A%2F%2Fwww.alongo.it%2F%3Fp%3D547\"><\/a><\/div><div style=\"clear:both;margin-bottom:20px\"><\/div>","protected":false},"excerpt":{"rendered":"<p>UPDATE UPDATE Vedo tra i commenti che qualcuno si chiede del commissariamento. La notizia ufficiale \u00e8 che Elitel non ha ancora presentato le carte ma lo far\u00e0 entro luglio. Oggi per\u00f2 il tribunale deve decidere su un procedimetno d&#8217;urgenza per il riattacco delle linee. No, il tribunale ha detto oggi che decider\u00e0 nei prossimi 5-7 [&hellip;]<\/p>\n","protected":false},"author":1,"featured_media":0,"comment_status":"closed","ping_status":"open","sticky":false,"template":"","format":"standard","meta":{"footnotes":""},"categories":[1],"tags":[],"class_list":["post-547","post","type-post","status-publish","format-standard","hentry","category-articoli"],"yoast_head":"<!-- This site is optimized with the Yoast SEO plugin v27.5 - https:\/\/yoast.com\/product\/yoast-seo-wordpress\/ -->\n<title>La battaglia di Elitel \u00e8 a una svolta - Alessandro Longo<\/title>\n<meta name=\"robots\" content=\"index, follow, max-snippet:-1, max-image-preview:large, max-video-preview:-1\" \/>\n<link rel=\"canonical\" href=\"https:\/\/www.alongo.it\/?p=547\" \/>\n<meta property=\"og:locale\" content=\"it_IT\" \/>\n<meta property=\"og:type\" content=\"article\" \/>\n<meta property=\"og:title\" content=\"La battaglia di Elitel \u00e8 a una svolta - Alessandro Longo\" \/>\n<meta property=\"og:description\" content=\"UPDATE UPDATE Vedo tra i commenti che qualcuno si chiede del commissariamento. La notizia ufficiale \u00e8 che Elitel non ha ancora presentato le carte ma lo far\u00e0 entro luglio. Oggi per\u00f2 il tribunale deve decidere su un procedimetno d&#8217;urgenza per il riattacco delle linee. No, il tribunale ha detto oggi che decider\u00e0 nei prossimi 5-7 [&hellip;]\" \/>\n<meta property=\"og:url\" content=\"https:\/\/www.alongo.it\/?p=547\" \/>\n<meta property=\"og:site_name\" content=\"Alessandro Longo\" \/>\n<meta property=\"article:published_time\" content=\"2007-07-16T12:09:55+00:00\" \/>\n<meta property=\"article:modified_time\" content=\"2008-03-31T00:03:12+00:00\" \/>\n<meta name=\"author\" content=\"alex\" \/>\n<meta name=\"twitter:card\" content=\"summary_large_image\" \/>\n<meta name=\"twitter:label1\" content=\"Scritto da\" \/>\n\t<meta name=\"twitter:data1\" content=\"alex\" \/>\n\t<meta name=\"twitter:label2\" content=\"Tempo di lettura stimato\" \/>\n\t<meta name=\"twitter:data2\" content=\"3 minuti\" \/>\n<script type=\"application\/ld+json\" class=\"yoast-schema-graph\">{\"@context\":\"https:\\\/\\\/schema.org\",\"@graph\":[{\"@type\":\"Article\",\"@id\":\"https:\\\/\\\/www.alongo.it\\\/?p=547#article\",\"isPartOf\":{\"@id\":\"https:\\\/\\\/www.alongo.it\\\/?p=547\"},\"author\":{\"name\":\"alex\",\"@id\":\"https:\\\/\\\/www.alongo.it\\\/#\\\/schema\\\/person\\\/eb81a41f49bbca65b55a93a8a3f2a8bd\"},\"headline\":\"La battaglia di Elitel \u00e8 a una svolta\",\"datePublished\":\"2007-07-16T12:09:55+00:00\",\"dateModified\":\"2008-03-31T00:03:12+00:00\",\"mainEntityOfPage\":{\"@id\":\"https:\\\/\\\/www.alongo.it\\\/?p=547\"},\"wordCount\":545,\"publisher\":{\"@id\":\"https:\\\/\\\/www.alongo.it\\\/#\\\/schema\\\/person\\\/eb81a41f49bbca65b55a93a8a3f2a8bd\"},\"articleSection\":[\"articoli\"],\"inLanguage\":\"it-IT\"},{\"@type\":\"WebPage\",\"@id\":\"https:\\\/\\\/www.alongo.it\\\/?p=547\",\"url\":\"https:\\\/\\\/www.alongo.it\\\/?p=547\",\"name\":\"La battaglia di Elitel \u00e8 a una svolta - Alessandro Longo\",\"isPartOf\":{\"@id\":\"https:\\\/\\\/www.alongo.it\\\/#website\"},\"datePublished\":\"2007-07-16T12:09:55+00:00\",\"dateModified\":\"2008-03-31T00:03:12+00:00\",\"breadcrumb\":{\"@id\":\"https:\\\/\\\/www.alongo.it\\\/?p=547#breadcrumb\"},\"inLanguage\":\"it-IT\",\"potentialAction\":[{\"@type\":\"ReadAction\",\"target\":[\"https:\\\/\\\/www.alongo.it\\\/?p=547\"]}]},{\"@type\":\"BreadcrumbList\",\"@id\":\"https:\\\/\\\/www.alongo.it\\\/?p=547#breadcrumb\",\"itemListElement\":[{\"@type\":\"ListItem\",\"position\":1,\"name\":\"Home\",\"item\":\"https:\\\/\\\/www.alongo.it\\\/\"},{\"@type\":\"ListItem\",\"position\":2,\"name\":\"La battaglia di Elitel \u00e8 a una svolta\"}]},{\"@type\":\"WebSite\",\"@id\":\"https:\\\/\\\/www.alongo.it\\\/#website\",\"url\":\"https:\\\/\\\/www.alongo.it\\\/\",\"name\":\"Alessandro Longo\",\"description\":\"Telefonia, hi-tech e giornalismo\",\"publisher\":{\"@id\":\"https:\\\/\\\/www.alongo.it\\\/#\\\/schema\\\/person\\\/eb81a41f49bbca65b55a93a8a3f2a8bd\"},\"potentialAction\":[{\"@type\":\"SearchAction\",\"target\":{\"@type\":\"EntryPoint\",\"urlTemplate\":\"https:\\\/\\\/www.alongo.it\\\/?s={search_term_string}\"},\"query-input\":{\"@type\":\"PropertyValueSpecification\",\"valueRequired\":true,\"valueName\":\"search_term_string\"}}],\"inLanguage\":\"it-IT\"},{\"@type\":[\"Person\",\"Organization\"],\"@id\":\"https:\\\/\\\/www.alongo.it\\\/#\\\/schema\\\/person\\\/eb81a41f49bbca65b55a93a8a3f2a8bd\",\"name\":\"alex\",\"image\":{\"@type\":\"ImageObject\",\"inLanguage\":\"it-IT\",\"@id\":\"https:\\\/\\\/www.alongo.it\\\/wp-content\\\/uploads\\\/2012\\\/10\\\/longo.jpg\",\"url\":\"https:\\\/\\\/www.alongo.it\\\/wp-content\\\/uploads\\\/2012\\\/10\\\/longo.jpg\",\"contentUrl\":\"https:\\\/\\\/www.alongo.it\\\/wp-content\\\/uploads\\\/2012\\\/10\\\/longo.jpg\",\"width\":\"896\",\"height\":\"616\",\"caption\":\"alex\"},\"logo\":{\"@id\":\"https:\\\/\\\/www.alongo.it\\\/wp-content\\\/uploads\\\/2012\\\/10\\\/longo.jpg\"},\"url\":\"https:\\\/\\\/www.alongo.it\\\/?author=1\"}]}<\/script>\n<!-- \/ Yoast SEO plugin. -->","yoast_head_json":{"title":"La battaglia di Elitel \u00e8 a una svolta - Alessandro Longo","robots":{"index":"index","follow":"follow","max-snippet":"max-snippet:-1","max-image-preview":"max-image-preview:large","max-video-preview":"max-video-preview:-1"},"canonical":"https:\/\/www.alongo.it\/?p=547","og_locale":"it_IT","og_type":"article","og_title":"La battaglia di Elitel \u00e8 a una svolta - Alessandro Longo","og_description":"UPDATE UPDATE Vedo tra i commenti che qualcuno si chiede del commissariamento. La notizia ufficiale \u00e8 che Elitel non ha ancora presentato le carte ma lo far\u00e0 entro luglio. Oggi per\u00f2 il tribunale deve decidere su un procedimetno d&#8217;urgenza per il riattacco delle linee. No, il tribunale ha detto oggi che decider\u00e0 nei prossimi 5-7 [&hellip;]","og_url":"https:\/\/www.alongo.it\/?p=547","og_site_name":"Alessandro Longo","article_published_time":"2007-07-16T12:09:55+00:00","article_modified_time":"2008-03-31T00:03:12+00:00","author":"alex","twitter_card":"summary_large_image","twitter_misc":{"Scritto da":"alex","Tempo di lettura stimato":"3 minuti"},"schema":{"@context":"https:\/\/schema.org","@graph":[{"@type":"Article","@id":"https:\/\/www.alongo.it\/?p=547#article","isPartOf":{"@id":"https:\/\/www.alongo.it\/?p=547"},"author":{"name":"alex","@id":"https:\/\/www.alongo.it\/#\/schema\/person\/eb81a41f49bbca65b55a93a8a3f2a8bd"},"headline":"La battaglia di Elitel \u00e8 a una svolta","datePublished":"2007-07-16T12:09:55+00:00","dateModified":"2008-03-31T00:03:12+00:00","mainEntityOfPage":{"@id":"https:\/\/www.alongo.it\/?p=547"},"wordCount":545,"publisher":{"@id":"https:\/\/www.alongo.it\/#\/schema\/person\/eb81a41f49bbca65b55a93a8a3f2a8bd"},"articleSection":["articoli"],"inLanguage":"it-IT"},{"@type":"WebPage","@id":"https:\/\/www.alongo.it\/?p=547","url":"https:\/\/www.alongo.it\/?p=547","name":"La battaglia di Elitel \u00e8 a una svolta - Alessandro Longo","isPartOf":{"@id":"https:\/\/www.alongo.it\/#website"},"datePublished":"2007-07-16T12:09:55+00:00","dateModified":"2008-03-31T00:03:12+00:00","breadcrumb":{"@id":"https:\/\/www.alongo.it\/?p=547#breadcrumb"},"inLanguage":"it-IT","potentialAction":[{"@type":"ReadAction","target":["https:\/\/www.alongo.it\/?p=547"]}]},{"@type":"BreadcrumbList","@id":"https:\/\/www.alongo.it\/?p=547#breadcrumb","itemListElement":[{"@type":"ListItem","position":1,"name":"Home","item":"https:\/\/www.alongo.it\/"},{"@type":"ListItem","position":2,"name":"La battaglia di Elitel \u00e8 a una svolta"}]},{"@type":"WebSite","@id":"https:\/\/www.alongo.it\/#website","url":"https:\/\/www.alongo.it\/","name":"Alessandro Longo","description":"Telefonia, hi-tech e giornalismo","publisher":{"@id":"https:\/\/www.alongo.it\/#\/schema\/person\/eb81a41f49bbca65b55a93a8a3f2a8bd"},"potentialAction":[{"@type":"SearchAction","target":{"@type":"EntryPoint","urlTemplate":"https:\/\/www.alongo.it\/?s={search_term_string}"},"query-input":{"@type":"PropertyValueSpecification","valueRequired":true,"valueName":"search_term_string"}}],"inLanguage":"it-IT"},{"@type":["Person","Organization"],"@id":"https:\/\/www.alongo.it\/#\/schema\/person\/eb81a41f49bbca65b55a93a8a3f2a8bd","name":"alex","image":{"@type":"ImageObject","inLanguage":"it-IT","@id":"https:\/\/www.alongo.it\/wp-content\/uploads\/2012\/10\/longo.jpg","url":"https:\/\/www.alongo.it\/wp-content\/uploads\/2012\/10\/longo.jpg","contentUrl":"https:\/\/www.alongo.it\/wp-content\/uploads\/2012\/10\/longo.jpg","width":"896","height":"616","caption":"alex"},"logo":{"@id":"https:\/\/www.alongo.it\/wp-content\/uploads\/2012\/10\/longo.jpg"},"url":"https:\/\/www.alongo.it\/?author=1"}]}},"_links":{"self":[{"href":"https:\/\/www.alongo.it\/index.php?rest_route=\/wp\/v2\/posts\/547","targetHints":{"allow":["GET"]}}],"collection":[{"href":"https:\/\/www.alongo.it\/index.php?rest_route=\/wp\/v2\/posts"}],"about":[{"href":"https:\/\/www.alongo.it\/index.php?rest_route=\/wp\/v2\/types\/post"}],"author":[{"embeddable":true,"href":"https:\/\/www.alongo.it\/index.php?rest_route=\/wp\/v2\/users\/1"}],"replies":[{"embeddable":true,"href":"https:\/\/www.alongo.it\/index.php?rest_route=%2Fwp%2Fv2%2Fcomments&post=547"}],"version-history":[{"count":0,"href":"https:\/\/www.alongo.it\/index.php?rest_route=\/wp\/v2\/posts\/547\/revisions"}],"wp:attachment":[{"href":"https:\/\/www.alongo.it\/index.php?rest_route=%2Fwp%2Fv2%2Fmedia&parent=547"}],"wp:term":[{"taxonomy":"category","embeddable":true,"href":"https:\/\/www.alongo.it\/index.php?rest_route=%2Fwp%2Fv2%2Fcategories&post=547"},{"taxonomy":"post_tag","embeddable":true,"href":"https:\/\/www.alongo.it\/index.php?rest_route=%2Fwp%2Fv2%2Ftags&post=547"}],"curies":[{"name":"wp","href":"https:\/\/api.w.org\/{rel}","templated":true}]}}