{"id":546,"date":"2007-07-10T22:18:41","date_gmt":"2007-07-10T21:18:41","guid":{"rendered":"http:\/\/www.alongo.it\/?p=546"},"modified":"2008-03-31T01:03:26","modified_gmt":"2008-03-31T00:03:26","slug":"elitel-le-novita-su-punto-informatico","status":"publish","type":"post","link":"https:\/\/www.alongo.it\/?p=546","title":{"rendered":"Elitel, le novit\u00e0 su Punto Informatico"},"content":{"rendered":"<p>Da mezzanotte apparir\u00e0 il mio pezzo su <a href=\"http:\/\/punto-informatico.it\/index.aspx\">Punto Informatico<\/a>, sulla vicenda Elitel. Solo su una rivista come Punto potevo avere tutto lo spazio necessario a raccontare le varie vicende intricate.<br \/>\nQui di seguito una mini anteprima <\/p>\n<p>Elitel \u00e8 in crisi aperta, ormai \u00e8 ufficiale: ieri (10 luglio) i consigli di amministrazione di tutte le societ\u00e0 del gruppo hanno chiesto il commissariamento. \u00c8 il passo estremo per evitare il fallimento, per la difficolt\u00e0 a far fronte ai 106 milioni di euro di credito telefonico (servizi voce e Adsl all\u2019ingrosso) vantati da Telecom Italia. Il sottosegretario Alfonso Gianni del ministero dello Sviluppo Economico in queste ore nominer\u00e0 un commissario ministeriale che si occuper\u00e0 di gestire la societ\u00e0. \u00c8 una buona notizia per i dipendenti (150 dipendenti e 1850 parasubordinati): per ora nessuno perder\u00e0 il lavoro. Elitel per\u00f2 ha appena chiesto (contro il volere dei sindacati) una proroga di cassa integrazione per 30 dipendenti. Il 9 luglio sono infatti tornati al lavoro 50 che erano in cassa integrazione.<\/p>\n<p>C\u2019\u00e8 una buona notizia anche per i 400 mila utenti Elitel (molti dei quali aziende e professionisti, per un totale di 250 mila contratti di servizio): \u00abla nuova gestione commissariata avr\u00e0 innanzi tutto l\u2019obiettivo di garantire gli utenti di Elitel sull\u2019ordinaria  prosecuzione del servizio\u00bb, spiega Bruno Casati, assessore alle crisi industriali e occupazionali presso la Provincia di Milano. \u00c8 appunto con la Provincia e i sindacati (Fiom e Slc Cgil) che Elitel ha firmato, ieri, un documento quadro per cercare di superare la crisi. Di conseguenza, ieri stesso il ministero dello Sviluppo Economico ha inviato a Telecom Italia una lettera firmata dal sottosegretario Alfonso Gianni per sollecitare la riattivazione delle linee Elitel. \u201cStiamo ora valutando la comunicazione del ministero\u201d, fanno sapere da Telecom a Punto Informatico. Beninteso, il ministero riconosce che il credito vantato da Telecom vada tutelato; le linee sarebbero riattivate mentre l\u2019amministrazione straordinaria cercher\u00e0 anche una soluzione al debito. <\/p>\n<div><div style=\"padding-top:10px;margin-bottom:10px;font-size:10pt;font-family:arial;font-weight:bold;\"><\/div><div class=simplesocial><a href=\"http:\/\/twitter.com\/share\" data-url=\"https:\/\/www.alongo.it\/?p=546\" data-text=\"Elitel%2C+le+novit%C3%A0+su+Punto+Informatico\" class=\"twitter-share-button\" data-count=\"horizontal\">Tweet<\/a><script type=\"text\/javascript\" src=\"http:\/\/platform.twitter.com\/widgets.js\"><\/script><\/div><div class=simplesocial><iframe src=\"http:\/\/www.facebook.com\/plugins\/like.php?href=https%3A%2F%2Fwww.alongo.it%2F%3Fp%3D546&layout=standard&show_faces=false&width=450&action=like&colorscheme=light&height=35\" scrolling=\"no\" frameborder=\"0\" style=\"border:none; overflow:hidden; width:450px; height:25px;\" allowTransparency=\"true\"><\/iframe><\/div><div style=\"clear:both\"><\/div><a class=simplesocial onclick=\"return simplesocial(this,500,400)\" title=\"Share on Facebook\" style=\"background:url(http:\/\/www.alongo.it\/wp-content\/plugins\/simple-social-sharing-widgets-icons\/icons_16\/facebook.png)\" href=\"http:\/\/www.facebook.com\/share.php?u=https%3A%2F%2Fwww.alongo.it%2F%3Fp%3D546&t=Elitel%2C+le+novit%C3%A0+su+Punto+Informatico\"><\/a><a class=simplesocial onclick=\"return simplesocial(this,812,420)\" title=\"Share on Twitter\" style=\"background:url(http:\/\/www.alongo.it\/wp-content\/plugins\/simple-social-sharing-widgets-icons\/icons_16\/twitter.png)\" href=\"http:\/\/twitter.com\/home?status=https%3A%2F%2Fwww.alongo.it%2F%3Fp%3D546\"><\/a><a class=simplesocial onclick=\"return simplesocial(this,435,500)\" title=\"Email a Friend\" style=\"background:url(http:\/\/www.alongo.it\/wp-content\/plugins\/simple-social-sharing-widgets-icons\/icons_16\/email.png)\" href=\"http:\/\/www.freetellafriend.com\/tell\/?heading=Share+This+Article&bg=1&option=email&url=https%3A%2F%2Fwww.alongo.it%2F%3Fp%3D546\"><\/a><\/div><div style=\"clear:both;margin-bottom:20px\"><\/div>","protected":false},"excerpt":{"rendered":"<p>Da mezzanotte apparir\u00e0 il mio pezzo su Punto Informatico, sulla vicenda Elitel. Solo su una rivista come Punto potevo avere tutto lo spazio necessario a raccontare le varie vicende intricate. Qui di seguito una mini anteprima Elitel \u00e8 in crisi aperta, ormai \u00e8 ufficiale: ieri (10 luglio) i consigli di amministrazione di tutte le societ\u00e0 [&hellip;]<\/p>\n","protected":false},"author":1,"featured_media":0,"comment_status":"closed","ping_status":"open","sticky":false,"template":"","format":"standard","meta":{"footnotes":""},"categories":[1],"tags":[],"class_list":["post-546","post","type-post","status-publish","format-standard","hentry","category-articoli"],"yoast_head":"<!-- This site is optimized with the Yoast SEO plugin v27.5 - https:\/\/yoast.com\/product\/yoast-seo-wordpress\/ -->\n<title>Elitel, le novit\u00e0 su Punto Informatico - Alessandro Longo<\/title>\n<meta name=\"robots\" content=\"index, follow, max-snippet:-1, max-image-preview:large, max-video-preview:-1\" \/>\n<link rel=\"canonical\" href=\"https:\/\/www.alongo.it\/?p=546\" \/>\n<meta property=\"og:locale\" content=\"it_IT\" \/>\n<meta property=\"og:type\" content=\"article\" \/>\n<meta property=\"og:title\" content=\"Elitel, le novit\u00e0 su Punto Informatico - Alessandro Longo\" \/>\n<meta property=\"og:description\" content=\"Da mezzanotte apparir\u00e0 il mio pezzo su Punto Informatico, sulla vicenda Elitel. Solo su una rivista come Punto potevo avere tutto lo spazio necessario a raccontare le varie vicende intricate. Qui di seguito una mini anteprima Elitel \u00e8 in crisi aperta, ormai \u00e8 ufficiale: ieri (10 luglio) i consigli di amministrazione di tutte le societ\u00e0 [&hellip;]\" \/>\n<meta property=\"og:url\" content=\"https:\/\/www.alongo.it\/?p=546\" \/>\n<meta property=\"og:site_name\" content=\"Alessandro Longo\" \/>\n<meta property=\"article:published_time\" content=\"2007-07-10T21:18:41+00:00\" \/>\n<meta property=\"article:modified_time\" content=\"2008-03-31T00:03:26+00:00\" \/>\n<meta name=\"author\" content=\"alex\" \/>\n<meta name=\"twitter:card\" content=\"summary_large_image\" \/>\n<meta name=\"twitter:label1\" content=\"Scritto da\" \/>\n\t<meta name=\"twitter:data1\" content=\"alex\" \/>\n\t<meta name=\"twitter:label2\" content=\"Tempo di lettura stimato\" \/>\n\t<meta name=\"twitter:data2\" content=\"2 minuti\" \/>\n<script type=\"application\/ld+json\" class=\"yoast-schema-graph\">{\"@context\":\"https:\\\/\\\/schema.org\",\"@graph\":[{\"@type\":\"Article\",\"@id\":\"https:\\\/\\\/www.alongo.it\\\/?p=546#article\",\"isPartOf\":{\"@id\":\"https:\\\/\\\/www.alongo.it\\\/?p=546\"},\"author\":{\"name\":\"alex\",\"@id\":\"https:\\\/\\\/www.alongo.it\\\/#\\\/schema\\\/person\\\/eb81a41f49bbca65b55a93a8a3f2a8bd\"},\"headline\":\"Elitel, le novit\u00e0 su Punto Informatico\",\"datePublished\":\"2007-07-10T21:18:41+00:00\",\"dateModified\":\"2008-03-31T00:03:26+00:00\",\"mainEntityOfPage\":{\"@id\":\"https:\\\/\\\/www.alongo.it\\\/?p=546\"},\"wordCount\":312,\"publisher\":{\"@id\":\"https:\\\/\\\/www.alongo.it\\\/#\\\/schema\\\/person\\\/eb81a41f49bbca65b55a93a8a3f2a8bd\"},\"articleSection\":[\"articoli\"],\"inLanguage\":\"it-IT\"},{\"@type\":\"WebPage\",\"@id\":\"https:\\\/\\\/www.alongo.it\\\/?p=546\",\"url\":\"https:\\\/\\\/www.alongo.it\\\/?p=546\",\"name\":\"Elitel, le novit\u00e0 su Punto Informatico - Alessandro Longo\",\"isPartOf\":{\"@id\":\"https:\\\/\\\/www.alongo.it\\\/#website\"},\"datePublished\":\"2007-07-10T21:18:41+00:00\",\"dateModified\":\"2008-03-31T00:03:26+00:00\",\"breadcrumb\":{\"@id\":\"https:\\\/\\\/www.alongo.it\\\/?p=546#breadcrumb\"},\"inLanguage\":\"it-IT\",\"potentialAction\":[{\"@type\":\"ReadAction\",\"target\":[\"https:\\\/\\\/www.alongo.it\\\/?p=546\"]}]},{\"@type\":\"BreadcrumbList\",\"@id\":\"https:\\\/\\\/www.alongo.it\\\/?p=546#breadcrumb\",\"itemListElement\":[{\"@type\":\"ListItem\",\"position\":1,\"name\":\"Home\",\"item\":\"https:\\\/\\\/www.alongo.it\\\/\"},{\"@type\":\"ListItem\",\"position\":2,\"name\":\"Elitel, le novit\u00e0 su Punto Informatico\"}]},{\"@type\":\"WebSite\",\"@id\":\"https:\\\/\\\/www.alongo.it\\\/#website\",\"url\":\"https:\\\/\\\/www.alongo.it\\\/\",\"name\":\"Alessandro Longo\",\"description\":\"Telefonia, hi-tech e giornalismo\",\"publisher\":{\"@id\":\"https:\\\/\\\/www.alongo.it\\\/#\\\/schema\\\/person\\\/eb81a41f49bbca65b55a93a8a3f2a8bd\"},\"potentialAction\":[{\"@type\":\"SearchAction\",\"target\":{\"@type\":\"EntryPoint\",\"urlTemplate\":\"https:\\\/\\\/www.alongo.it\\\/?s={search_term_string}\"},\"query-input\":{\"@type\":\"PropertyValueSpecification\",\"valueRequired\":true,\"valueName\":\"search_term_string\"}}],\"inLanguage\":\"it-IT\"},{\"@type\":[\"Person\",\"Organization\"],\"@id\":\"https:\\\/\\\/www.alongo.it\\\/#\\\/schema\\\/person\\\/eb81a41f49bbca65b55a93a8a3f2a8bd\",\"name\":\"alex\",\"image\":{\"@type\":\"ImageObject\",\"inLanguage\":\"it-IT\",\"@id\":\"https:\\\/\\\/www.alongo.it\\\/wp-content\\\/uploads\\\/2012\\\/10\\\/longo.jpg\",\"url\":\"https:\\\/\\\/www.alongo.it\\\/wp-content\\\/uploads\\\/2012\\\/10\\\/longo.jpg\",\"contentUrl\":\"https:\\\/\\\/www.alongo.it\\\/wp-content\\\/uploads\\\/2012\\\/10\\\/longo.jpg\",\"width\":\"896\",\"height\":\"616\",\"caption\":\"alex\"},\"logo\":{\"@id\":\"https:\\\/\\\/www.alongo.it\\\/wp-content\\\/uploads\\\/2012\\\/10\\\/longo.jpg\"},\"url\":\"https:\\\/\\\/www.alongo.it\\\/?author=1\"}]}<\/script>\n<!-- \/ Yoast SEO plugin. -->","yoast_head_json":{"title":"Elitel, le novit\u00e0 su Punto Informatico - Alessandro Longo","robots":{"index":"index","follow":"follow","max-snippet":"max-snippet:-1","max-image-preview":"max-image-preview:large","max-video-preview":"max-video-preview:-1"},"canonical":"https:\/\/www.alongo.it\/?p=546","og_locale":"it_IT","og_type":"article","og_title":"Elitel, le novit\u00e0 su Punto Informatico - Alessandro Longo","og_description":"Da mezzanotte apparir\u00e0 il mio pezzo su Punto Informatico, sulla vicenda Elitel. Solo su una rivista come Punto potevo avere tutto lo spazio necessario a raccontare le varie vicende intricate. Qui di seguito una mini anteprima Elitel \u00e8 in crisi aperta, ormai \u00e8 ufficiale: ieri (10 luglio) i consigli di amministrazione di tutte le societ\u00e0 [&hellip;]","og_url":"https:\/\/www.alongo.it\/?p=546","og_site_name":"Alessandro Longo","article_published_time":"2007-07-10T21:18:41+00:00","article_modified_time":"2008-03-31T00:03:26+00:00","author":"alex","twitter_card":"summary_large_image","twitter_misc":{"Scritto da":"alex","Tempo di lettura stimato":"2 minuti"},"schema":{"@context":"https:\/\/schema.org","@graph":[{"@type":"Article","@id":"https:\/\/www.alongo.it\/?p=546#article","isPartOf":{"@id":"https:\/\/www.alongo.it\/?p=546"},"author":{"name":"alex","@id":"https:\/\/www.alongo.it\/#\/schema\/person\/eb81a41f49bbca65b55a93a8a3f2a8bd"},"headline":"Elitel, le novit\u00e0 su Punto Informatico","datePublished":"2007-07-10T21:18:41+00:00","dateModified":"2008-03-31T00:03:26+00:00","mainEntityOfPage":{"@id":"https:\/\/www.alongo.it\/?p=546"},"wordCount":312,"publisher":{"@id":"https:\/\/www.alongo.it\/#\/schema\/person\/eb81a41f49bbca65b55a93a8a3f2a8bd"},"articleSection":["articoli"],"inLanguage":"it-IT"},{"@type":"WebPage","@id":"https:\/\/www.alongo.it\/?p=546","url":"https:\/\/www.alongo.it\/?p=546","name":"Elitel, le novit\u00e0 su Punto Informatico - Alessandro Longo","isPartOf":{"@id":"https:\/\/www.alongo.it\/#website"},"datePublished":"2007-07-10T21:18:41+00:00","dateModified":"2008-03-31T00:03:26+00:00","breadcrumb":{"@id":"https:\/\/www.alongo.it\/?p=546#breadcrumb"},"inLanguage":"it-IT","potentialAction":[{"@type":"ReadAction","target":["https:\/\/www.alongo.it\/?p=546"]}]},{"@type":"BreadcrumbList","@id":"https:\/\/www.alongo.it\/?p=546#breadcrumb","itemListElement":[{"@type":"ListItem","position":1,"name":"Home","item":"https:\/\/www.alongo.it\/"},{"@type":"ListItem","position":2,"name":"Elitel, le novit\u00e0 su Punto Informatico"}]},{"@type":"WebSite","@id":"https:\/\/www.alongo.it\/#website","url":"https:\/\/www.alongo.it\/","name":"Alessandro Longo","description":"Telefonia, hi-tech e giornalismo","publisher":{"@id":"https:\/\/www.alongo.it\/#\/schema\/person\/eb81a41f49bbca65b55a93a8a3f2a8bd"},"potentialAction":[{"@type":"SearchAction","target":{"@type":"EntryPoint","urlTemplate":"https:\/\/www.alongo.it\/?s={search_term_string}"},"query-input":{"@type":"PropertyValueSpecification","valueRequired":true,"valueName":"search_term_string"}}],"inLanguage":"it-IT"},{"@type":["Person","Organization"],"@id":"https:\/\/www.alongo.it\/#\/schema\/person\/eb81a41f49bbca65b55a93a8a3f2a8bd","name":"alex","image":{"@type":"ImageObject","inLanguage":"it-IT","@id":"https:\/\/www.alongo.it\/wp-content\/uploads\/2012\/10\/longo.jpg","url":"https:\/\/www.alongo.it\/wp-content\/uploads\/2012\/10\/longo.jpg","contentUrl":"https:\/\/www.alongo.it\/wp-content\/uploads\/2012\/10\/longo.jpg","width":"896","height":"616","caption":"alex"},"logo":{"@id":"https:\/\/www.alongo.it\/wp-content\/uploads\/2012\/10\/longo.jpg"},"url":"https:\/\/www.alongo.it\/?author=1"}]}},"_links":{"self":[{"href":"https:\/\/www.alongo.it\/index.php?rest_route=\/wp\/v2\/posts\/546","targetHints":{"allow":["GET"]}}],"collection":[{"href":"https:\/\/www.alongo.it\/index.php?rest_route=\/wp\/v2\/posts"}],"about":[{"href":"https:\/\/www.alongo.it\/index.php?rest_route=\/wp\/v2\/types\/post"}],"author":[{"embeddable":true,"href":"https:\/\/www.alongo.it\/index.php?rest_route=\/wp\/v2\/users\/1"}],"replies":[{"embeddable":true,"href":"https:\/\/www.alongo.it\/index.php?rest_route=%2Fwp%2Fv2%2Fcomments&post=546"}],"version-history":[{"count":0,"href":"https:\/\/www.alongo.it\/index.php?rest_route=\/wp\/v2\/posts\/546\/revisions"}],"wp:attachment":[{"href":"https:\/\/www.alongo.it\/index.php?rest_route=%2Fwp%2Fv2%2Fmedia&parent=546"}],"wp:term":[{"taxonomy":"category","embeddable":true,"href":"https:\/\/www.alongo.it\/index.php?rest_route=%2Fwp%2Fv2%2Fcategories&post=546"},{"taxonomy":"post_tag","embeddable":true,"href":"https:\/\/www.alongo.it\/index.php?rest_route=%2Fwp%2Fv2%2Ftags&post=546"}],"curies":[{"name":"wp","href":"https:\/\/api.w.org\/{rel}","templated":true}]}}