{"id":513,"date":"2007-04-16T21:25:07","date_gmt":"2007-04-16T20:25:07","guid":{"rendered":"http:\/\/www.alongo.it\/?p=513"},"modified":"2007-04-16T21:25:07","modified_gmt":"2007-04-16T20:25:07","slug":"sette-giorni-senza-repubblica","status":"publish","type":"post","link":"https:\/\/www.alongo.it\/?p=513","title":{"rendered":"Sette giorni senza Repubblica"},"content":{"rendered":"<p>Incollo le motivazioni, non c&#8217;\u00e8 bisogno di commenti. <\/p>\n<p>I giornalisti hanno deciso di astenersi dal lavoro da oggi, 16 aprile, a domenica 22<br \/>\n&#8220;Repubblica.it&#8221; riprender\u00e0 le pubblicazioni il 23, il quotidiano sar\u00e0 in edicola il 24<br \/>\nRepubblica, il Cdr proclama sette giorni di sciopero<\/p>\n<p>Il Comitato di Redazione di Repubblica ha deciso sette giorni di sciopero dei giornalisti a partire da oggi, 16 aprile, fino a domenica 22. Il sito di &#8220;Repubblica.it&#8221; riprender\u00e0 dunque le pubblicazioni luned\u00ec 23, il quotidiano torner\u00e0 in edicola da marted\u00ec 24.<br \/>\nIl Cdr comunica che alla base della protesta c&#8217;\u00e8 la decisione dell&#8217;azienda di non procedere a sostituzioni di giornalisti assenti per malattia lunga, in quanto non previste dal contratto. Il Cdr inoltre contesta la decisione dell&#8217;azienda di respingere qualsiasi proposta di confronto sull&#8217;organizzazione del lavoro, come pure qualsiasi ipotesi di accordo aziendale. Inoltre, c&#8217;\u00e8 sempre in piedi la vertenza per il rinnovo del contratto collettivo nazionale dei giornalisti, scaduto da oltre due anni. <\/p>\n<p>Il Cdr di Repubblica con questa protesta intende sollecitare il coinvolgimento del mondo della politica, sinora apparso sostanzialmente assente &#8211; dice il sindacato &#8211; sui temi contrattuali della categoria. <\/p>\n<p>(16 aprile 2007) <\/p>\n<div><div style=\"padding-top:10px;margin-bottom:10px;font-size:10pt;font-family:arial;font-weight:bold;\"><\/div><div class=simplesocial><a href=\"http:\/\/twitter.com\/share\" data-url=\"https:\/\/www.alongo.it\/?p=513\" data-text=\"Sette+giorni+senza+Repubblica\" class=\"twitter-share-button\" data-count=\"horizontal\">Tweet<\/a><script type=\"text\/javascript\" src=\"http:\/\/platform.twitter.com\/widgets.js\"><\/script><\/div><div class=simplesocial><iframe src=\"http:\/\/www.facebook.com\/plugins\/like.php?href=https%3A%2F%2Fwww.alongo.it%2F%3Fp%3D513&layout=standard&show_faces=false&width=450&action=like&colorscheme=light&height=35\" scrolling=\"no\" frameborder=\"0\" style=\"border:none; overflow:hidden; width:450px; height:25px;\" allowTransparency=\"true\"><\/iframe><\/div><div style=\"clear:both\"><\/div><a class=simplesocial onclick=\"return simplesocial(this,500,400)\" title=\"Share on Facebook\" style=\"background:url(http:\/\/www.alongo.it\/wp-content\/plugins\/simple-social-sharing-widgets-icons\/icons_16\/facebook.png)\" href=\"http:\/\/www.facebook.com\/share.php?u=https%3A%2F%2Fwww.alongo.it%2F%3Fp%3D513&t=Sette+giorni+senza+Repubblica\"><\/a><a class=simplesocial onclick=\"return simplesocial(this,812,420)\" title=\"Share on Twitter\" style=\"background:url(http:\/\/www.alongo.it\/wp-content\/plugins\/simple-social-sharing-widgets-icons\/icons_16\/twitter.png)\" href=\"http:\/\/twitter.com\/home?status=https%3A%2F%2Fwww.alongo.it%2F%3Fp%3D513\"><\/a><a class=simplesocial onclick=\"return simplesocial(this,435,500)\" title=\"Email a Friend\" style=\"background:url(http:\/\/www.alongo.it\/wp-content\/plugins\/simple-social-sharing-widgets-icons\/icons_16\/email.png)\" href=\"http:\/\/www.freetellafriend.com\/tell\/?heading=Share+This+Article&bg=1&option=email&url=https%3A%2F%2Fwww.alongo.it%2F%3Fp%3D513\"><\/a><\/div><div style=\"clear:both;margin-bottom:20px\"><\/div>","protected":false},"excerpt":{"rendered":"<p>Incollo le motivazioni, non c&#8217;\u00e8 bisogno di commenti. I giornalisti hanno deciso di astenersi dal lavoro da oggi, 16 aprile, a domenica 22 &#8220;Repubblica.it&#8221; riprender\u00e0 le pubblicazioni il 23, il quotidiano sar\u00e0 in edicola il 24 Repubblica, il Cdr proclama sette giorni di sciopero Il Comitato di Redazione di Repubblica ha deciso sette giorni di [&hellip;]<\/p>\n","protected":false},"author":1,"featured_media":0,"comment_status":"open","ping_status":"open","sticky":false,"template":"","format":"standard","meta":{"footnotes":""},"categories":[1],"tags":[],"class_list":["post-513","post","type-post","status-publish","format-standard","hentry","category-articoli"],"yoast_head":"<!-- This site is optimized with the Yoast SEO plugin v27.4 - https:\/\/yoast.com\/product\/yoast-seo-wordpress\/ -->\n<title>Sette giorni senza Repubblica - Alessandro Longo<\/title>\n<meta name=\"robots\" content=\"index, follow, max-snippet:-1, max-image-preview:large, max-video-preview:-1\" \/>\n<link rel=\"canonical\" href=\"https:\/\/www.alongo.it\/?p=513\" \/>\n<meta property=\"og:locale\" content=\"it_IT\" \/>\n<meta property=\"og:type\" content=\"article\" \/>\n<meta property=\"og:title\" content=\"Sette giorni senza Repubblica - Alessandro Longo\" \/>\n<meta property=\"og:description\" content=\"Incollo le motivazioni, non c&#8217;\u00e8 bisogno di commenti. I giornalisti hanno deciso di astenersi dal lavoro da oggi, 16 aprile, a domenica 22 &#8220;Repubblica.it&#8221; riprender\u00e0 le pubblicazioni il 23, il quotidiano sar\u00e0 in edicola il 24 Repubblica, il Cdr proclama sette giorni di sciopero Il Comitato di Redazione di Repubblica ha deciso sette giorni di [&hellip;]\" \/>\n<meta property=\"og:url\" content=\"https:\/\/www.alongo.it\/?p=513\" \/>\n<meta property=\"og:site_name\" content=\"Alessandro Longo\" \/>\n<meta property=\"article:published_time\" content=\"2007-04-16T20:25:07+00:00\" \/>\n<meta name=\"author\" content=\"alex\" \/>\n<meta name=\"twitter:card\" content=\"summary_large_image\" \/>\n<meta name=\"twitter:label1\" content=\"Scritto da\" \/>\n\t<meta name=\"twitter:data1\" content=\"alex\" \/>\n\t<meta name=\"twitter:label2\" content=\"Tempo di lettura stimato\" \/>\n\t<meta name=\"twitter:data2\" content=\"1 minuto\" \/>\n<script type=\"application\/ld+json\" class=\"yoast-schema-graph\">{\"@context\":\"https:\\\/\\\/schema.org\",\"@graph\":[{\"@type\":\"Article\",\"@id\":\"https:\\\/\\\/www.alongo.it\\\/?p=513#article\",\"isPartOf\":{\"@id\":\"https:\\\/\\\/www.alongo.it\\\/?p=513\"},\"author\":{\"name\":\"alex\",\"@id\":\"https:\\\/\\\/www.alongo.it\\\/#\\\/schema\\\/person\\\/eb81a41f49bbca65b55a93a8a3f2a8bd\"},\"headline\":\"Sette giorni senza Repubblica\",\"datePublished\":\"2007-04-16T20:25:07+00:00\",\"mainEntityOfPage\":{\"@id\":\"https:\\\/\\\/www.alongo.it\\\/?p=513\"},\"wordCount\":187,\"commentCount\":1,\"publisher\":{\"@id\":\"https:\\\/\\\/www.alongo.it\\\/#\\\/schema\\\/person\\\/eb81a41f49bbca65b55a93a8a3f2a8bd\"},\"articleSection\":[\"articoli\"],\"inLanguage\":\"it-IT\",\"potentialAction\":[{\"@type\":\"CommentAction\",\"name\":\"Comment\",\"target\":[\"https:\\\/\\\/www.alongo.it\\\/?p=513#respond\"]}]},{\"@type\":\"WebPage\",\"@id\":\"https:\\\/\\\/www.alongo.it\\\/?p=513\",\"url\":\"https:\\\/\\\/www.alongo.it\\\/?p=513\",\"name\":\"Sette giorni senza Repubblica - Alessandro Longo\",\"isPartOf\":{\"@id\":\"https:\\\/\\\/www.alongo.it\\\/#website\"},\"datePublished\":\"2007-04-16T20:25:07+00:00\",\"breadcrumb\":{\"@id\":\"https:\\\/\\\/www.alongo.it\\\/?p=513#breadcrumb\"},\"inLanguage\":\"it-IT\",\"potentialAction\":[{\"@type\":\"ReadAction\",\"target\":[\"https:\\\/\\\/www.alongo.it\\\/?p=513\"]}]},{\"@type\":\"BreadcrumbList\",\"@id\":\"https:\\\/\\\/www.alongo.it\\\/?p=513#breadcrumb\",\"itemListElement\":[{\"@type\":\"ListItem\",\"position\":1,\"name\":\"Home\",\"item\":\"https:\\\/\\\/www.alongo.it\\\/\"},{\"@type\":\"ListItem\",\"position\":2,\"name\":\"Sette giorni senza Repubblica\"}]},{\"@type\":\"WebSite\",\"@id\":\"https:\\\/\\\/www.alongo.it\\\/#website\",\"url\":\"https:\\\/\\\/www.alongo.it\\\/\",\"name\":\"Alessandro Longo\",\"description\":\"Telefonia, hi-tech e giornalismo\",\"publisher\":{\"@id\":\"https:\\\/\\\/www.alongo.it\\\/#\\\/schema\\\/person\\\/eb81a41f49bbca65b55a93a8a3f2a8bd\"},\"potentialAction\":[{\"@type\":\"SearchAction\",\"target\":{\"@type\":\"EntryPoint\",\"urlTemplate\":\"https:\\\/\\\/www.alongo.it\\\/?s={search_term_string}\"},\"query-input\":{\"@type\":\"PropertyValueSpecification\",\"valueRequired\":true,\"valueName\":\"search_term_string\"}}],\"inLanguage\":\"it-IT\"},{\"@type\":[\"Person\",\"Organization\"],\"@id\":\"https:\\\/\\\/www.alongo.it\\\/#\\\/schema\\\/person\\\/eb81a41f49bbca65b55a93a8a3f2a8bd\",\"name\":\"alex\",\"image\":{\"@type\":\"ImageObject\",\"inLanguage\":\"it-IT\",\"@id\":\"https:\\\/\\\/www.alongo.it\\\/wp-content\\\/uploads\\\/2012\\\/10\\\/longo.jpg\",\"url\":\"https:\\\/\\\/www.alongo.it\\\/wp-content\\\/uploads\\\/2012\\\/10\\\/longo.jpg\",\"contentUrl\":\"https:\\\/\\\/www.alongo.it\\\/wp-content\\\/uploads\\\/2012\\\/10\\\/longo.jpg\",\"width\":\"896\",\"height\":\"616\",\"caption\":\"alex\"},\"logo\":{\"@id\":\"https:\\\/\\\/www.alongo.it\\\/wp-content\\\/uploads\\\/2012\\\/10\\\/longo.jpg\"},\"url\":\"https:\\\/\\\/www.alongo.it\\\/?author=1\"}]}<\/script>\n<!-- \/ Yoast SEO plugin. -->","yoast_head_json":{"title":"Sette giorni senza Repubblica - Alessandro Longo","robots":{"index":"index","follow":"follow","max-snippet":"max-snippet:-1","max-image-preview":"max-image-preview:large","max-video-preview":"max-video-preview:-1"},"canonical":"https:\/\/www.alongo.it\/?p=513","og_locale":"it_IT","og_type":"article","og_title":"Sette giorni senza Repubblica - Alessandro Longo","og_description":"Incollo le motivazioni, non c&#8217;\u00e8 bisogno di commenti. I giornalisti hanno deciso di astenersi dal lavoro da oggi, 16 aprile, a domenica 22 &#8220;Repubblica.it&#8221; riprender\u00e0 le pubblicazioni il 23, il quotidiano sar\u00e0 in edicola il 24 Repubblica, il Cdr proclama sette giorni di sciopero Il Comitato di Redazione di Repubblica ha deciso sette giorni di [&hellip;]","og_url":"https:\/\/www.alongo.it\/?p=513","og_site_name":"Alessandro Longo","article_published_time":"2007-04-16T20:25:07+00:00","author":"alex","twitter_card":"summary_large_image","twitter_misc":{"Scritto da":"alex","Tempo di lettura stimato":"1 minuto"},"schema":{"@context":"https:\/\/schema.org","@graph":[{"@type":"Article","@id":"https:\/\/www.alongo.it\/?p=513#article","isPartOf":{"@id":"https:\/\/www.alongo.it\/?p=513"},"author":{"name":"alex","@id":"https:\/\/www.alongo.it\/#\/schema\/person\/eb81a41f49bbca65b55a93a8a3f2a8bd"},"headline":"Sette giorni senza Repubblica","datePublished":"2007-04-16T20:25:07+00:00","mainEntityOfPage":{"@id":"https:\/\/www.alongo.it\/?p=513"},"wordCount":187,"commentCount":1,"publisher":{"@id":"https:\/\/www.alongo.it\/#\/schema\/person\/eb81a41f49bbca65b55a93a8a3f2a8bd"},"articleSection":["articoli"],"inLanguage":"it-IT","potentialAction":[{"@type":"CommentAction","name":"Comment","target":["https:\/\/www.alongo.it\/?p=513#respond"]}]},{"@type":"WebPage","@id":"https:\/\/www.alongo.it\/?p=513","url":"https:\/\/www.alongo.it\/?p=513","name":"Sette giorni senza Repubblica - Alessandro Longo","isPartOf":{"@id":"https:\/\/www.alongo.it\/#website"},"datePublished":"2007-04-16T20:25:07+00:00","breadcrumb":{"@id":"https:\/\/www.alongo.it\/?p=513#breadcrumb"},"inLanguage":"it-IT","potentialAction":[{"@type":"ReadAction","target":["https:\/\/www.alongo.it\/?p=513"]}]},{"@type":"BreadcrumbList","@id":"https:\/\/www.alongo.it\/?p=513#breadcrumb","itemListElement":[{"@type":"ListItem","position":1,"name":"Home","item":"https:\/\/www.alongo.it\/"},{"@type":"ListItem","position":2,"name":"Sette giorni senza Repubblica"}]},{"@type":"WebSite","@id":"https:\/\/www.alongo.it\/#website","url":"https:\/\/www.alongo.it\/","name":"Alessandro Longo","description":"Telefonia, hi-tech e giornalismo","publisher":{"@id":"https:\/\/www.alongo.it\/#\/schema\/person\/eb81a41f49bbca65b55a93a8a3f2a8bd"},"potentialAction":[{"@type":"SearchAction","target":{"@type":"EntryPoint","urlTemplate":"https:\/\/www.alongo.it\/?s={search_term_string}"},"query-input":{"@type":"PropertyValueSpecification","valueRequired":true,"valueName":"search_term_string"}}],"inLanguage":"it-IT"},{"@type":["Person","Organization"],"@id":"https:\/\/www.alongo.it\/#\/schema\/person\/eb81a41f49bbca65b55a93a8a3f2a8bd","name":"alex","image":{"@type":"ImageObject","inLanguage":"it-IT","@id":"https:\/\/www.alongo.it\/wp-content\/uploads\/2012\/10\/longo.jpg","url":"https:\/\/www.alongo.it\/wp-content\/uploads\/2012\/10\/longo.jpg","contentUrl":"https:\/\/www.alongo.it\/wp-content\/uploads\/2012\/10\/longo.jpg","width":"896","height":"616","caption":"alex"},"logo":{"@id":"https:\/\/www.alongo.it\/wp-content\/uploads\/2012\/10\/longo.jpg"},"url":"https:\/\/www.alongo.it\/?author=1"}]}},"_links":{"self":[{"href":"https:\/\/www.alongo.it\/index.php?rest_route=\/wp\/v2\/posts\/513","targetHints":{"allow":["GET"]}}],"collection":[{"href":"https:\/\/www.alongo.it\/index.php?rest_route=\/wp\/v2\/posts"}],"about":[{"href":"https:\/\/www.alongo.it\/index.php?rest_route=\/wp\/v2\/types\/post"}],"author":[{"embeddable":true,"href":"https:\/\/www.alongo.it\/index.php?rest_route=\/wp\/v2\/users\/1"}],"replies":[{"embeddable":true,"href":"https:\/\/www.alongo.it\/index.php?rest_route=%2Fwp%2Fv2%2Fcomments&post=513"}],"version-history":[{"count":0,"href":"https:\/\/www.alongo.it\/index.php?rest_route=\/wp\/v2\/posts\/513\/revisions"}],"wp:attachment":[{"href":"https:\/\/www.alongo.it\/index.php?rest_route=%2Fwp%2Fv2%2Fmedia&parent=513"}],"wp:term":[{"taxonomy":"category","embeddable":true,"href":"https:\/\/www.alongo.it\/index.php?rest_route=%2Fwp%2Fv2%2Fcategories&post=513"},{"taxonomy":"post_tag","embeddable":true,"href":"https:\/\/www.alongo.it\/index.php?rest_route=%2Fwp%2Fv2%2Ftags&post=513"}],"curies":[{"name":"wp","href":"https:\/\/api.w.org\/{rel}","templated":true}]}}