{"id":1531,"date":"2013-12-08T14:28:35","date_gmt":"2013-12-08T13:28:35","guid":{"rendered":"http:\/\/www.alongo.it\/?p=1531"},"modified":"2013-12-08T14:28:35","modified_gmt":"2013-12-08T13:28:35","slug":"ma-davvero-e-perche-la-banda-larga-italiana-sta-peggiorando","status":"publish","type":"post","link":"https:\/\/www.alongo.it\/?p=1531","title":{"rendered":"Ma davvero- e perch\u00e9?- la banda larga italiana sta peggiorando?"},"content":{"rendered":"<p>Giorni fa \u00e8 uscito su Repubblica.it un<a href=\"http:\/\/www.repubblica.it\/tecnologia\/2013\/11\/29\/news\/decadimento_banda_larga_italia-72195532\/\"> mio articolo<\/a> sul peggioramento della banda larga italiana su dati Agcom-Mise (che ho scovato con un po&#8217; di insistenze).<\/p>\n<p>Ne \u00e8 seguito un piccolo dibattito tra Agcom e Telecom Italia, anche emerso nel recente convegno Tavola Agcom di Business International. In sostanza, Agcom e Francesco Caio alla presidenza del consiglio prendono molto sul serio i dati che ci dicono di un calo delle prestazioni medie Adsl 2011-2013. Telecom dice invece che i dati sono &#8220;poco seri&#8221; (sentito alla Tavola Agcom) perch\u00e9 vengono dai reclami degli utenti. &#8220;I dati sulle Adsl che funzionano male non sono uno specchio di tutte le Adsl&#8221;. S\u00ec, ma il punto non \u00e8 il dato assoluto (che certo \u00e8 peggiore della media reale), ma il peggioramento relativo. Le Adsl che vanno male vanno peggio, insomma, nel 2013 rispetto al 2012 e al 2011. E&#8217; questo il dato che deve far riflettere.<\/p>\n<p>Quindi io propendo per dare ragione a Caio quando parla di rischio crack per la nostra rete in rame, perch\u00e9 finora la fibra \u00e8 stata poco diffusa, ancora meno scelta e perch\u00e9 per motivi politici siamo uno dei soli Paesi al mondo senza rete via cavo.<\/p>\n<p>Non \u00e8 chiaro invece il motivo del peggioramento. Forse la rete ha colli di bottiglia- anche nelle centrali coperte da fibra- che vengono fuori quando gli utenti crescono. Continueremo a indagare&#8230;<\/p>\n<div><div style=\"padding-top:10px;margin-bottom:10px;font-size:10pt;font-family:arial;font-weight:bold;\"><\/div><div class=simplesocial><a href=\"http:\/\/twitter.com\/share\" data-url=\"https:\/\/www.alongo.it\/?p=1531\" data-text=\"Ma+davvero-+e+perch%C3%A9%3F-+la+banda+larga+italiana+sta+peggiorando%3F\" class=\"twitter-share-button\" data-count=\"horizontal\">Tweet<\/a><script type=\"text\/javascript\" src=\"http:\/\/platform.twitter.com\/widgets.js\"><\/script><\/div><div class=simplesocial><iframe src=\"http:\/\/www.facebook.com\/plugins\/like.php?href=https%3A%2F%2Fwww.alongo.it%2F%3Fp%3D1531&layout=standard&show_faces=false&width=450&action=like&colorscheme=light&height=35\" scrolling=\"no\" frameborder=\"0\" style=\"border:none; overflow:hidden; width:450px; height:25px;\" allowTransparency=\"true\"><\/iframe><\/div><div style=\"clear:both\"><\/div><a class=simplesocial onclick=\"return simplesocial(this,500,400)\" title=\"Share on Facebook\" style=\"background:url(http:\/\/www.alongo.it\/wp-content\/plugins\/simple-social-sharing-widgets-icons\/icons_16\/facebook.png)\" href=\"http:\/\/www.facebook.com\/share.php?u=https%3A%2F%2Fwww.alongo.it%2F%3Fp%3D1531&t=Ma+davvero-+e+perch%C3%A9%3F-+la+banda+larga+italiana+sta+peggiorando%3F\"><\/a><a class=simplesocial onclick=\"return simplesocial(this,812,420)\" title=\"Share on Twitter\" style=\"background:url(http:\/\/www.alongo.it\/wp-content\/plugins\/simple-social-sharing-widgets-icons\/icons_16\/twitter.png)\" href=\"http:\/\/twitter.com\/home?status=https%3A%2F%2Fwww.alongo.it%2F%3Fp%3D1531\"><\/a><a class=simplesocial onclick=\"return simplesocial(this,435,500)\" title=\"Email a Friend\" style=\"background:url(http:\/\/www.alongo.it\/wp-content\/plugins\/simple-social-sharing-widgets-icons\/icons_16\/email.png)\" href=\"http:\/\/www.freetellafriend.com\/tell\/?heading=Share+This+Article&bg=1&option=email&url=https%3A%2F%2Fwww.alongo.it%2F%3Fp%3D1531\"><\/a><\/div><div style=\"clear:both;margin-bottom:20px\"><\/div>","protected":false},"excerpt":{"rendered":"<p>Giorni fa \u00e8 uscito su Repubblica.it un mio articolo sul peggioramento della banda larga italiana su dati Agcom-Mise (che ho scovato con un po&#8217; di insistenze). Ne \u00e8 seguito un piccolo dibattito tra Agcom e Telecom Italia, anche emerso nel recente convegno Tavola Agcom di Business International. In sostanza, Agcom e Francesco Caio alla presidenza [&hellip;]<\/p>\n","protected":false},"author":1,"featured_media":0,"comment_status":"open","ping_status":"open","sticky":false,"template":"","format":"standard","meta":{"footnotes":""},"categories":[1],"tags":[54],"class_list":["post-1531","post","type-post","status-publish","format-standard","hentry","category-articoli","tag-banda-larga"],"yoast_head":"<!-- This site is optimized with the Yoast SEO plugin v27.5 - https:\/\/yoast.com\/product\/yoast-seo-wordpress\/ -->\n<title>Ma davvero- e perch\u00e9?- la banda larga italiana sta peggiorando? - Alessandro Longo<\/title>\n<meta name=\"robots\" content=\"index, follow, max-snippet:-1, max-image-preview:large, max-video-preview:-1\" \/>\n<link rel=\"canonical\" href=\"https:\/\/www.alongo.it\/?p=1531\" \/>\n<meta property=\"og:locale\" content=\"it_IT\" \/>\n<meta property=\"og:type\" content=\"article\" \/>\n<meta property=\"og:title\" content=\"Ma davvero- e perch\u00e9?- la banda larga italiana sta peggiorando? - Alessandro Longo\" \/>\n<meta property=\"og:description\" content=\"Giorni fa \u00e8 uscito su Repubblica.it un mio articolo sul peggioramento della banda larga italiana su dati Agcom-Mise (che ho scovato con un po&#8217; di insistenze). Ne \u00e8 seguito un piccolo dibattito tra Agcom e Telecom Italia, anche emerso nel recente convegno Tavola Agcom di Business International. In sostanza, Agcom e Francesco Caio alla presidenza [&hellip;]\" \/>\n<meta property=\"og:url\" content=\"https:\/\/www.alongo.it\/?p=1531\" \/>\n<meta property=\"og:site_name\" content=\"Alessandro Longo\" \/>\n<meta property=\"article:published_time\" content=\"2013-12-08T13:28:35+00:00\" \/>\n<meta name=\"author\" content=\"alex\" \/>\n<meta name=\"twitter:card\" content=\"summary_large_image\" \/>\n<meta name=\"twitter:label1\" content=\"Scritto da\" \/>\n\t<meta name=\"twitter:data1\" content=\"alex\" \/>\n\t<meta name=\"twitter:label2\" content=\"Tempo di lettura stimato\" \/>\n\t<meta name=\"twitter:data2\" content=\"1 minuto\" \/>\n<script type=\"application\/ld+json\" class=\"yoast-schema-graph\">{\"@context\":\"https:\\\/\\\/schema.org\",\"@graph\":[{\"@type\":\"Article\",\"@id\":\"https:\\\/\\\/www.alongo.it\\\/?p=1531#article\",\"isPartOf\":{\"@id\":\"https:\\\/\\\/www.alongo.it\\\/?p=1531\"},\"author\":{\"name\":\"alex\",\"@id\":\"https:\\\/\\\/www.alongo.it\\\/#\\\/schema\\\/person\\\/eb81a41f49bbca65b55a93a8a3f2a8bd\"},\"headline\":\"Ma davvero- e perch\u00e9?- la banda larga italiana sta peggiorando?\",\"datePublished\":\"2013-12-08T13:28:35+00:00\",\"mainEntityOfPage\":{\"@id\":\"https:\\\/\\\/www.alongo.it\\\/?p=1531\"},\"wordCount\":232,\"commentCount\":13,\"publisher\":{\"@id\":\"https:\\\/\\\/www.alongo.it\\\/#\\\/schema\\\/person\\\/eb81a41f49bbca65b55a93a8a3f2a8bd\"},\"keywords\":[\"banda larga\"],\"articleSection\":[\"articoli\"],\"inLanguage\":\"it-IT\",\"potentialAction\":[{\"@type\":\"CommentAction\",\"name\":\"Comment\",\"target\":[\"https:\\\/\\\/www.alongo.it\\\/?p=1531#respond\"]}]},{\"@type\":\"WebPage\",\"@id\":\"https:\\\/\\\/www.alongo.it\\\/?p=1531\",\"url\":\"https:\\\/\\\/www.alongo.it\\\/?p=1531\",\"name\":\"Ma davvero- e perch\u00e9?- la banda larga italiana sta peggiorando? - Alessandro Longo\",\"isPartOf\":{\"@id\":\"https:\\\/\\\/www.alongo.it\\\/#website\"},\"datePublished\":\"2013-12-08T13:28:35+00:00\",\"breadcrumb\":{\"@id\":\"https:\\\/\\\/www.alongo.it\\\/?p=1531#breadcrumb\"},\"inLanguage\":\"it-IT\",\"potentialAction\":[{\"@type\":\"ReadAction\",\"target\":[\"https:\\\/\\\/www.alongo.it\\\/?p=1531\"]}]},{\"@type\":\"BreadcrumbList\",\"@id\":\"https:\\\/\\\/www.alongo.it\\\/?p=1531#breadcrumb\",\"itemListElement\":[{\"@type\":\"ListItem\",\"position\":1,\"name\":\"Home\",\"item\":\"https:\\\/\\\/www.alongo.it\\\/\"},{\"@type\":\"ListItem\",\"position\":2,\"name\":\"Ma davvero- e perch\u00e9?- la banda larga italiana sta peggiorando?\"}]},{\"@type\":\"WebSite\",\"@id\":\"https:\\\/\\\/www.alongo.it\\\/#website\",\"url\":\"https:\\\/\\\/www.alongo.it\\\/\",\"name\":\"Alessandro Longo\",\"description\":\"Telefonia, hi-tech e giornalismo\",\"publisher\":{\"@id\":\"https:\\\/\\\/www.alongo.it\\\/#\\\/schema\\\/person\\\/eb81a41f49bbca65b55a93a8a3f2a8bd\"},\"potentialAction\":[{\"@type\":\"SearchAction\",\"target\":{\"@type\":\"EntryPoint\",\"urlTemplate\":\"https:\\\/\\\/www.alongo.it\\\/?s={search_term_string}\"},\"query-input\":{\"@type\":\"PropertyValueSpecification\",\"valueRequired\":true,\"valueName\":\"search_term_string\"}}],\"inLanguage\":\"it-IT\"},{\"@type\":[\"Person\",\"Organization\"],\"@id\":\"https:\\\/\\\/www.alongo.it\\\/#\\\/schema\\\/person\\\/eb81a41f49bbca65b55a93a8a3f2a8bd\",\"name\":\"alex\",\"image\":{\"@type\":\"ImageObject\",\"inLanguage\":\"it-IT\",\"@id\":\"https:\\\/\\\/www.alongo.it\\\/wp-content\\\/uploads\\\/2012\\\/10\\\/longo.jpg\",\"url\":\"https:\\\/\\\/www.alongo.it\\\/wp-content\\\/uploads\\\/2012\\\/10\\\/longo.jpg\",\"contentUrl\":\"https:\\\/\\\/www.alongo.it\\\/wp-content\\\/uploads\\\/2012\\\/10\\\/longo.jpg\",\"width\":\"896\",\"height\":\"616\",\"caption\":\"alex\"},\"logo\":{\"@id\":\"https:\\\/\\\/www.alongo.it\\\/wp-content\\\/uploads\\\/2012\\\/10\\\/longo.jpg\"},\"url\":\"https:\\\/\\\/www.alongo.it\\\/?author=1\"}]}<\/script>\n<!-- \/ Yoast SEO plugin. -->","yoast_head_json":{"title":"Ma davvero- e perch\u00e9?- la banda larga italiana sta peggiorando? - Alessandro Longo","robots":{"index":"index","follow":"follow","max-snippet":"max-snippet:-1","max-image-preview":"max-image-preview:large","max-video-preview":"max-video-preview:-1"},"canonical":"https:\/\/www.alongo.it\/?p=1531","og_locale":"it_IT","og_type":"article","og_title":"Ma davvero- e perch\u00e9?- la banda larga italiana sta peggiorando? - Alessandro Longo","og_description":"Giorni fa \u00e8 uscito su Repubblica.it un mio articolo sul peggioramento della banda larga italiana su dati Agcom-Mise (che ho scovato con un po&#8217; di insistenze). Ne \u00e8 seguito un piccolo dibattito tra Agcom e Telecom Italia, anche emerso nel recente convegno Tavola Agcom di Business International. In sostanza, Agcom e Francesco Caio alla presidenza [&hellip;]","og_url":"https:\/\/www.alongo.it\/?p=1531","og_site_name":"Alessandro Longo","article_published_time":"2013-12-08T13:28:35+00:00","author":"alex","twitter_card":"summary_large_image","twitter_misc":{"Scritto da":"alex","Tempo di lettura stimato":"1 minuto"},"schema":{"@context":"https:\/\/schema.org","@graph":[{"@type":"Article","@id":"https:\/\/www.alongo.it\/?p=1531#article","isPartOf":{"@id":"https:\/\/www.alongo.it\/?p=1531"},"author":{"name":"alex","@id":"https:\/\/www.alongo.it\/#\/schema\/person\/eb81a41f49bbca65b55a93a8a3f2a8bd"},"headline":"Ma davvero- e perch\u00e9?- la banda larga italiana sta peggiorando?","datePublished":"2013-12-08T13:28:35+00:00","mainEntityOfPage":{"@id":"https:\/\/www.alongo.it\/?p=1531"},"wordCount":232,"commentCount":13,"publisher":{"@id":"https:\/\/www.alongo.it\/#\/schema\/person\/eb81a41f49bbca65b55a93a8a3f2a8bd"},"keywords":["banda larga"],"articleSection":["articoli"],"inLanguage":"it-IT","potentialAction":[{"@type":"CommentAction","name":"Comment","target":["https:\/\/www.alongo.it\/?p=1531#respond"]}]},{"@type":"WebPage","@id":"https:\/\/www.alongo.it\/?p=1531","url":"https:\/\/www.alongo.it\/?p=1531","name":"Ma davvero- e perch\u00e9?- la banda larga italiana sta peggiorando? - Alessandro Longo","isPartOf":{"@id":"https:\/\/www.alongo.it\/#website"},"datePublished":"2013-12-08T13:28:35+00:00","breadcrumb":{"@id":"https:\/\/www.alongo.it\/?p=1531#breadcrumb"},"inLanguage":"it-IT","potentialAction":[{"@type":"ReadAction","target":["https:\/\/www.alongo.it\/?p=1531"]}]},{"@type":"BreadcrumbList","@id":"https:\/\/www.alongo.it\/?p=1531#breadcrumb","itemListElement":[{"@type":"ListItem","position":1,"name":"Home","item":"https:\/\/www.alongo.it\/"},{"@type":"ListItem","position":2,"name":"Ma davvero- e perch\u00e9?- la banda larga italiana sta peggiorando?"}]},{"@type":"WebSite","@id":"https:\/\/www.alongo.it\/#website","url":"https:\/\/www.alongo.it\/","name":"Alessandro Longo","description":"Telefonia, hi-tech e giornalismo","publisher":{"@id":"https:\/\/www.alongo.it\/#\/schema\/person\/eb81a41f49bbca65b55a93a8a3f2a8bd"},"potentialAction":[{"@type":"SearchAction","target":{"@type":"EntryPoint","urlTemplate":"https:\/\/www.alongo.it\/?s={search_term_string}"},"query-input":{"@type":"PropertyValueSpecification","valueRequired":true,"valueName":"search_term_string"}}],"inLanguage":"it-IT"},{"@type":["Person","Organization"],"@id":"https:\/\/www.alongo.it\/#\/schema\/person\/eb81a41f49bbca65b55a93a8a3f2a8bd","name":"alex","image":{"@type":"ImageObject","inLanguage":"it-IT","@id":"https:\/\/www.alongo.it\/wp-content\/uploads\/2012\/10\/longo.jpg","url":"https:\/\/www.alongo.it\/wp-content\/uploads\/2012\/10\/longo.jpg","contentUrl":"https:\/\/www.alongo.it\/wp-content\/uploads\/2012\/10\/longo.jpg","width":"896","height":"616","caption":"alex"},"logo":{"@id":"https:\/\/www.alongo.it\/wp-content\/uploads\/2012\/10\/longo.jpg"},"url":"https:\/\/www.alongo.it\/?author=1"}]}},"_links":{"self":[{"href":"https:\/\/www.alongo.it\/index.php?rest_route=\/wp\/v2\/posts\/1531","targetHints":{"allow":["GET"]}}],"collection":[{"href":"https:\/\/www.alongo.it\/index.php?rest_route=\/wp\/v2\/posts"}],"about":[{"href":"https:\/\/www.alongo.it\/index.php?rest_route=\/wp\/v2\/types\/post"}],"author":[{"embeddable":true,"href":"https:\/\/www.alongo.it\/index.php?rest_route=\/wp\/v2\/users\/1"}],"replies":[{"embeddable":true,"href":"https:\/\/www.alongo.it\/index.php?rest_route=%2Fwp%2Fv2%2Fcomments&post=1531"}],"version-history":[{"count":1,"href":"https:\/\/www.alongo.it\/index.php?rest_route=\/wp\/v2\/posts\/1531\/revisions"}],"predecessor-version":[{"id":1532,"href":"https:\/\/www.alongo.it\/index.php?rest_route=\/wp\/v2\/posts\/1531\/revisions\/1532"}],"wp:attachment":[{"href":"https:\/\/www.alongo.it\/index.php?rest_route=%2Fwp%2Fv2%2Fmedia&parent=1531"}],"wp:term":[{"taxonomy":"category","embeddable":true,"href":"https:\/\/www.alongo.it\/index.php?rest_route=%2Fwp%2Fv2%2Fcategories&post=1531"},{"taxonomy":"post_tag","embeddable":true,"href":"https:\/\/www.alongo.it\/index.php?rest_route=%2Fwp%2Fv2%2Ftags&post=1531"}],"curies":[{"name":"wp","href":"https:\/\/api.w.org\/{rel}","templated":true}]}}