{"id":1514,"date":"2013-11-03T14:56:06","date_gmt":"2013-11-03T13:56:06","guid":{"rendered":"http:\/\/www.alongo.it\/?p=1514"},"modified":"2013-11-03T14:56:06","modified_gmt":"2013-11-03T13:56:06","slug":"il-dilemma-di-una-nuova-governance-del-digitale","status":"publish","type":"post","link":"https:\/\/www.alongo.it\/?p=1514","title":{"rendered":"Il dilemma di una nuova governance del digitale"},"content":{"rendered":"<p>La governance del digitale ha bisogno di un\u2019agenda condivisa tra tutte le parti. E l\u2019Agenda ha bisogno di questa governance. Altrimenti il progresso verso una nuova societ\u00e0 dell\u2019informazione e della conoscenza \u00e8 impossibile. Traspare questa evidenza da una settimana record di notizie, che riguardano le regole e la politica del digitale.<\/p>\n<p>Il premier Enrico Letta ha confermato che la Presidenza del Consiglio si prende ora direttamente l\u2019Agenda digitale. I capi di Stato del Consiglio europeo hanno sostenuto (in via preliminare) la proposta della Commissione europea per un mercato unico delle telecomunicazioni. Negli stessi giorni si \u00e8 tenuto a Bali l\u2019Internet Governance Forum 2013: sta emergendo con maggiore forza la necessit\u00e0 di rendere pi\u00f9 globali e pi\u00f9 condivise le funzioni di governance della rete.<\/p>\n<p>&nbsp;<\/p>\n<p>Dietro queste evoluzioni, c\u2019\u00e8 una consapevolezza che si radica: il digitale permea tutti i settori della societ\u00e0 e della politica. Richiede quindi una governance pi\u00f9 forte e pi\u00f9 giusta: centralizzata quanto pi\u00f9 possibile e al tempo stesso condivisa tra le parti che condividono questo percorso.<\/p>\n<p>\u00abQuesto \u00e8 il primo Governo italiano a mettere in capo alla Presidenza del consiglio i temi del digitale, prima suddivisi tra diversi ministeri\u00bb, spiega a Nova24 Stefano Parisi, presidente di Confindustria digitale. \u00abLetta ha detto infatti che l\u2019Agenda digitale \u00e8 una riforma dello Stato\u00bb, aggiunge. L\u2019ha ribadito Francesco Caio, designato dal premier come il commissario all\u2019Agenda presso la Presidenza: \u00ab\u00c8 un progetto di profondissima riforma strutturale per dare pi\u00f9 servizi ai cittadini, far fare un salto di competitivit\u00e0 a tutto il Paese\u00bb.<\/p>\n<p><!--more--><\/p>\n<p>E poich\u00e9 le riforme strutturali richiedono ondi, Letta ha anche annunciato che destiner\u00e0 il 10 per cento della nuova programmazione UE 2014-2025 (35 miliardi) alle infrastrutture digitali. \u00abInvestimenti e governance centrale sono tasselli fondamentali per recuperare il ritardo dell\u2019Italia sull\u2019innovazione. Tuttavia servono anche politiche per modernizzare la cultura di cittadini e imprese\u00bb, ha detto, a un recente convegno di Business International, Roberto Moriondo, responsabile dei rapporti con le Regioni per l\u2019Agenzia per l\u2019Italia digitale, organo chiave per l\u2019attuazione dell\u2019Agenda.<\/p>\n<p>&nbsp;<\/p>\n<p>I dati della Commissione europea lo confermano. I principali ritardi dell\u2019Italia riguardano l\u2019utilizzo di internet, dell\u2019e-commerce e dell\u2019e-government da parte di cittadini e Pmi.<\/p>\n<p>&nbsp;<\/p>\n<p>Lo stesso Letta questa settimana ha riconosciuto che il principale problema \u00e8 il divario digitale culturale e che la soluzione \u00e8 nella Scuola. Ha ricordato che il Governo ha appena stanziato 15 milioni di euro per il Wi-Fi in classe. \u00abMa solo una netta minoranza di classi ha internet e i 15 milioni di euro citati da Letta sono del tutto insufficienti\u00bb, dice Paolo Ferri, docente dell\u2019universit\u00e0 Bicocca di Milano e tra i massimi esperti di Scuola digitale. L\u2019Italia sconta il problema di aver solo adesso cominciato a lavorare sul trittico governance, fondi e cultura digitale.<\/p>\n<p>&nbsp;<\/p>\n<p>Ma, con le dovute proporzioni, \u00e8 un problema anche europeo. L\u2019ha detto pi\u00f9 volte il commissario all\u2019Agenda digitale Neelie Kroes. L\u2019Europa ha perso terreno rispetto a Usa e Paesi dell\u2019Asia-Pacifico sull\u2019innovazione. Una svolta, secondo la Commissione, pu\u00f2 arrivare dalla nascita di un mercato unico delle telecomunicazioni. Regole uniformi, per raggiungere migliori economie di scala. Insomma, serve una governance pi\u00f9 forte e centrale, appunto. La proposta ha ricevuto venerd\u00ec il supporto politico dal Consiglio UE, che per\u00f2 la dovrebbe approvare formalmente solo nei prossimi mesi. In realt\u00e0 in questo periodo \u00e8 stata contrastata da pi\u00f9 parti. Vista da alcuni attori come un colpo di mano della Commissione; come una riforma non condivisa da tutte le parti coinvolte (per esempio per la svolta che vorrebbe imporre nei rapporti tra operatori e over the top, sulla neutralit\u00e0 della rete).<\/p>\n<p>&nbsp;<\/p>\n<p>Ma a livello di organizzazioni mondiali per internet, fa strada un\u2019idea diversa. \u00abNon solo \u00e8 necessario rivedere la governance per adeguarla alla profonda evoluzione che sta subendo internet; ma bisogna anche rendere questa governance pi\u00f9 condivisa\u00bb, dice Stefano Trumpy, presidente di Internet Society e membro del Cnr. I leader delle organizzazioni responsabili per il coordinamento delle infrastrutture tecniche di Internet stanno spingendo per l\u2019internazionalizzazione multi-stakeholder di Icann, Iana, Itu. Tra le prevedibili resistenze di chi deve cedere potere verso un rapporto di forze pi\u00f9 equilibrato. Che rappresenti meglio il valore universale che ha ormai assunto il digitale: in Italia, in Europa e nel mondo.<\/p>\n<p>&nbsp;<\/p>\n<p>(uscito sul Sole24Ore<\/p>\n<div><div style=\"padding-top:10px;margin-bottom:10px;font-size:10pt;font-family:arial;font-weight:bold;\"><\/div><div class=simplesocial><a href=\"http:\/\/twitter.com\/share\" data-url=\"https:\/\/www.alongo.it\/?p=1514\" data-text=\"Il+dilemma+di+una+nuova+governance+del+digitale\" class=\"twitter-share-button\" data-count=\"horizontal\">Tweet<\/a><script type=\"text\/javascript\" src=\"http:\/\/platform.twitter.com\/widgets.js\"><\/script><\/div><div class=simplesocial><iframe src=\"http:\/\/www.facebook.com\/plugins\/like.php?href=https%3A%2F%2Fwww.alongo.it%2F%3Fp%3D1514&layout=standard&show_faces=false&width=450&action=like&colorscheme=light&height=35\" scrolling=\"no\" frameborder=\"0\" style=\"border:none; overflow:hidden; width:450px; height:25px;\" allowTransparency=\"true\"><\/iframe><\/div><div style=\"clear:both\"><\/div><a class=simplesocial onclick=\"return simplesocial(this,500,400)\" title=\"Share on Facebook\" style=\"background:url(http:\/\/www.alongo.it\/wp-content\/plugins\/simple-social-sharing-widgets-icons\/icons_16\/facebook.png)\" href=\"http:\/\/www.facebook.com\/share.php?u=https%3A%2F%2Fwww.alongo.it%2F%3Fp%3D1514&t=Il+dilemma+di+una+nuova+governance+del+digitale\"><\/a><a class=simplesocial onclick=\"return simplesocial(this,812,420)\" title=\"Share on Twitter\" style=\"background:url(http:\/\/www.alongo.it\/wp-content\/plugins\/simple-social-sharing-widgets-icons\/icons_16\/twitter.png)\" href=\"http:\/\/twitter.com\/home?status=https%3A%2F%2Fwww.alongo.it%2F%3Fp%3D1514\"><\/a><a class=simplesocial onclick=\"return simplesocial(this,435,500)\" title=\"Email a Friend\" style=\"background:url(http:\/\/www.alongo.it\/wp-content\/plugins\/simple-social-sharing-widgets-icons\/icons_16\/email.png)\" href=\"http:\/\/www.freetellafriend.com\/tell\/?heading=Share+This+Article&bg=1&option=email&url=https%3A%2F%2Fwww.alongo.it%2F%3Fp%3D1514\"><\/a><\/div><div style=\"clear:both;margin-bottom:20px\"><\/div>","protected":false},"excerpt":{"rendered":"<p>La governance del digitale ha bisogno di un\u2019agenda condivisa tra tutte le parti. E l\u2019Agenda ha bisogno di questa governance. Altrimenti il progresso verso una nuova societ\u00e0 dell\u2019informazione e della conoscenza \u00e8 impossibile. Traspare questa evidenza da una settimana record di notizie, che riguardano le regole e la politica del digitale. Il premier Enrico Letta [&hellip;]<\/p>\n","protected":false},"author":1,"featured_media":0,"comment_status":"open","ping_status":"open","sticky":false,"template":"","format":"standard","meta":{"footnotes":""},"categories":[1],"tags":[70],"class_list":["post-1514","post","type-post","status-publish","format-standard","hentry","category-articoli","tag-agenda-digitale"],"yoast_head":"<!-- This site is optimized with the Yoast SEO plugin v27.5 - https:\/\/yoast.com\/product\/yoast-seo-wordpress\/ -->\n<title>Il dilemma di una nuova governance del digitale - Alessandro Longo<\/title>\n<meta name=\"robots\" content=\"index, follow, max-snippet:-1, max-image-preview:large, max-video-preview:-1\" \/>\n<link rel=\"canonical\" href=\"https:\/\/www.alongo.it\/?p=1514\" \/>\n<meta property=\"og:locale\" content=\"it_IT\" \/>\n<meta property=\"og:type\" content=\"article\" \/>\n<meta property=\"og:title\" content=\"Il dilemma di una nuova governance del digitale - Alessandro Longo\" \/>\n<meta property=\"og:description\" content=\"La governance del digitale ha bisogno di un\u2019agenda condivisa tra tutte le parti. E l\u2019Agenda ha bisogno di questa governance. Altrimenti il progresso verso una nuova societ\u00e0 dell\u2019informazione e della conoscenza \u00e8 impossibile. Traspare questa evidenza da una settimana record di notizie, che riguardano le regole e la politica del digitale. Il premier Enrico Letta [&hellip;]\" \/>\n<meta property=\"og:url\" content=\"https:\/\/www.alongo.it\/?p=1514\" \/>\n<meta property=\"og:site_name\" content=\"Alessandro Longo\" \/>\n<meta property=\"article:published_time\" content=\"2013-11-03T13:56:06+00:00\" \/>\n<meta name=\"author\" content=\"alex\" \/>\n<meta name=\"twitter:card\" content=\"summary_large_image\" \/>\n<meta name=\"twitter:label1\" content=\"Scritto da\" \/>\n\t<meta name=\"twitter:data1\" content=\"alex\" \/>\n\t<meta name=\"twitter:label2\" content=\"Tempo di lettura stimato\" \/>\n\t<meta name=\"twitter:data2\" content=\"4 minuti\" \/>\n<script type=\"application\/ld+json\" class=\"yoast-schema-graph\">{\"@context\":\"https:\\\/\\\/schema.org\",\"@graph\":[{\"@type\":\"Article\",\"@id\":\"https:\\\/\\\/www.alongo.it\\\/?p=1514#article\",\"isPartOf\":{\"@id\":\"https:\\\/\\\/www.alongo.it\\\/?p=1514\"},\"author\":{\"name\":\"alex\",\"@id\":\"https:\\\/\\\/www.alongo.it\\\/#\\\/schema\\\/person\\\/eb81a41f49bbca65b55a93a8a3f2a8bd\"},\"headline\":\"Il dilemma di una nuova governance del digitale\",\"datePublished\":\"2013-11-03T13:56:06+00:00\",\"mainEntityOfPage\":{\"@id\":\"https:\\\/\\\/www.alongo.it\\\/?p=1514\"},\"wordCount\":719,\"commentCount\":6,\"publisher\":{\"@id\":\"https:\\\/\\\/www.alongo.it\\\/#\\\/schema\\\/person\\\/eb81a41f49bbca65b55a93a8a3f2a8bd\"},\"keywords\":[\"agenda digitale\"],\"articleSection\":[\"articoli\"],\"inLanguage\":\"it-IT\",\"potentialAction\":[{\"@type\":\"CommentAction\",\"name\":\"Comment\",\"target\":[\"https:\\\/\\\/www.alongo.it\\\/?p=1514#respond\"]}]},{\"@type\":\"WebPage\",\"@id\":\"https:\\\/\\\/www.alongo.it\\\/?p=1514\",\"url\":\"https:\\\/\\\/www.alongo.it\\\/?p=1514\",\"name\":\"Il dilemma di una nuova governance del digitale - Alessandro Longo\",\"isPartOf\":{\"@id\":\"https:\\\/\\\/www.alongo.it\\\/#website\"},\"datePublished\":\"2013-11-03T13:56:06+00:00\",\"breadcrumb\":{\"@id\":\"https:\\\/\\\/www.alongo.it\\\/?p=1514#breadcrumb\"},\"inLanguage\":\"it-IT\",\"potentialAction\":[{\"@type\":\"ReadAction\",\"target\":[\"https:\\\/\\\/www.alongo.it\\\/?p=1514\"]}]},{\"@type\":\"BreadcrumbList\",\"@id\":\"https:\\\/\\\/www.alongo.it\\\/?p=1514#breadcrumb\",\"itemListElement\":[{\"@type\":\"ListItem\",\"position\":1,\"name\":\"Home\",\"item\":\"https:\\\/\\\/www.alongo.it\\\/\"},{\"@type\":\"ListItem\",\"position\":2,\"name\":\"Il dilemma di una nuova governance del digitale\"}]},{\"@type\":\"WebSite\",\"@id\":\"https:\\\/\\\/www.alongo.it\\\/#website\",\"url\":\"https:\\\/\\\/www.alongo.it\\\/\",\"name\":\"Alessandro Longo\",\"description\":\"Telefonia, hi-tech e giornalismo\",\"publisher\":{\"@id\":\"https:\\\/\\\/www.alongo.it\\\/#\\\/schema\\\/person\\\/eb81a41f49bbca65b55a93a8a3f2a8bd\"},\"potentialAction\":[{\"@type\":\"SearchAction\",\"target\":{\"@type\":\"EntryPoint\",\"urlTemplate\":\"https:\\\/\\\/www.alongo.it\\\/?s={search_term_string}\"},\"query-input\":{\"@type\":\"PropertyValueSpecification\",\"valueRequired\":true,\"valueName\":\"search_term_string\"}}],\"inLanguage\":\"it-IT\"},{\"@type\":[\"Person\",\"Organization\"],\"@id\":\"https:\\\/\\\/www.alongo.it\\\/#\\\/schema\\\/person\\\/eb81a41f49bbca65b55a93a8a3f2a8bd\",\"name\":\"alex\",\"image\":{\"@type\":\"ImageObject\",\"inLanguage\":\"it-IT\",\"@id\":\"https:\\\/\\\/www.alongo.it\\\/wp-content\\\/uploads\\\/2012\\\/10\\\/longo.jpg\",\"url\":\"https:\\\/\\\/www.alongo.it\\\/wp-content\\\/uploads\\\/2012\\\/10\\\/longo.jpg\",\"contentUrl\":\"https:\\\/\\\/www.alongo.it\\\/wp-content\\\/uploads\\\/2012\\\/10\\\/longo.jpg\",\"width\":\"896\",\"height\":\"616\",\"caption\":\"alex\"},\"logo\":{\"@id\":\"https:\\\/\\\/www.alongo.it\\\/wp-content\\\/uploads\\\/2012\\\/10\\\/longo.jpg\"},\"url\":\"https:\\\/\\\/www.alongo.it\\\/?author=1\"}]}<\/script>\n<!-- \/ Yoast SEO plugin. -->","yoast_head_json":{"title":"Il dilemma di una nuova governance del digitale - Alessandro Longo","robots":{"index":"index","follow":"follow","max-snippet":"max-snippet:-1","max-image-preview":"max-image-preview:large","max-video-preview":"max-video-preview:-1"},"canonical":"https:\/\/www.alongo.it\/?p=1514","og_locale":"it_IT","og_type":"article","og_title":"Il dilemma di una nuova governance del digitale - Alessandro Longo","og_description":"La governance del digitale ha bisogno di un\u2019agenda condivisa tra tutte le parti. E l\u2019Agenda ha bisogno di questa governance. Altrimenti il progresso verso una nuova societ\u00e0 dell\u2019informazione e della conoscenza \u00e8 impossibile. Traspare questa evidenza da una settimana record di notizie, che riguardano le regole e la politica del digitale. Il premier Enrico Letta [&hellip;]","og_url":"https:\/\/www.alongo.it\/?p=1514","og_site_name":"Alessandro Longo","article_published_time":"2013-11-03T13:56:06+00:00","author":"alex","twitter_card":"summary_large_image","twitter_misc":{"Scritto da":"alex","Tempo di lettura stimato":"4 minuti"},"schema":{"@context":"https:\/\/schema.org","@graph":[{"@type":"Article","@id":"https:\/\/www.alongo.it\/?p=1514#article","isPartOf":{"@id":"https:\/\/www.alongo.it\/?p=1514"},"author":{"name":"alex","@id":"https:\/\/www.alongo.it\/#\/schema\/person\/eb81a41f49bbca65b55a93a8a3f2a8bd"},"headline":"Il dilemma di una nuova governance del digitale","datePublished":"2013-11-03T13:56:06+00:00","mainEntityOfPage":{"@id":"https:\/\/www.alongo.it\/?p=1514"},"wordCount":719,"commentCount":6,"publisher":{"@id":"https:\/\/www.alongo.it\/#\/schema\/person\/eb81a41f49bbca65b55a93a8a3f2a8bd"},"keywords":["agenda digitale"],"articleSection":["articoli"],"inLanguage":"it-IT","potentialAction":[{"@type":"CommentAction","name":"Comment","target":["https:\/\/www.alongo.it\/?p=1514#respond"]}]},{"@type":"WebPage","@id":"https:\/\/www.alongo.it\/?p=1514","url":"https:\/\/www.alongo.it\/?p=1514","name":"Il dilemma di una nuova governance del digitale - Alessandro Longo","isPartOf":{"@id":"https:\/\/www.alongo.it\/#website"},"datePublished":"2013-11-03T13:56:06+00:00","breadcrumb":{"@id":"https:\/\/www.alongo.it\/?p=1514#breadcrumb"},"inLanguage":"it-IT","potentialAction":[{"@type":"ReadAction","target":["https:\/\/www.alongo.it\/?p=1514"]}]},{"@type":"BreadcrumbList","@id":"https:\/\/www.alongo.it\/?p=1514#breadcrumb","itemListElement":[{"@type":"ListItem","position":1,"name":"Home","item":"https:\/\/www.alongo.it\/"},{"@type":"ListItem","position":2,"name":"Il dilemma di una nuova governance del digitale"}]},{"@type":"WebSite","@id":"https:\/\/www.alongo.it\/#website","url":"https:\/\/www.alongo.it\/","name":"Alessandro Longo","description":"Telefonia, hi-tech e giornalismo","publisher":{"@id":"https:\/\/www.alongo.it\/#\/schema\/person\/eb81a41f49bbca65b55a93a8a3f2a8bd"},"potentialAction":[{"@type":"SearchAction","target":{"@type":"EntryPoint","urlTemplate":"https:\/\/www.alongo.it\/?s={search_term_string}"},"query-input":{"@type":"PropertyValueSpecification","valueRequired":true,"valueName":"search_term_string"}}],"inLanguage":"it-IT"},{"@type":["Person","Organization"],"@id":"https:\/\/www.alongo.it\/#\/schema\/person\/eb81a41f49bbca65b55a93a8a3f2a8bd","name":"alex","image":{"@type":"ImageObject","inLanguage":"it-IT","@id":"https:\/\/www.alongo.it\/wp-content\/uploads\/2012\/10\/longo.jpg","url":"https:\/\/www.alongo.it\/wp-content\/uploads\/2012\/10\/longo.jpg","contentUrl":"https:\/\/www.alongo.it\/wp-content\/uploads\/2012\/10\/longo.jpg","width":"896","height":"616","caption":"alex"},"logo":{"@id":"https:\/\/www.alongo.it\/wp-content\/uploads\/2012\/10\/longo.jpg"},"url":"https:\/\/www.alongo.it\/?author=1"}]}},"_links":{"self":[{"href":"https:\/\/www.alongo.it\/index.php?rest_route=\/wp\/v2\/posts\/1514","targetHints":{"allow":["GET"]}}],"collection":[{"href":"https:\/\/www.alongo.it\/index.php?rest_route=\/wp\/v2\/posts"}],"about":[{"href":"https:\/\/www.alongo.it\/index.php?rest_route=\/wp\/v2\/types\/post"}],"author":[{"embeddable":true,"href":"https:\/\/www.alongo.it\/index.php?rest_route=\/wp\/v2\/users\/1"}],"replies":[{"embeddable":true,"href":"https:\/\/www.alongo.it\/index.php?rest_route=%2Fwp%2Fv2%2Fcomments&post=1514"}],"version-history":[{"count":1,"href":"https:\/\/www.alongo.it\/index.php?rest_route=\/wp\/v2\/posts\/1514\/revisions"}],"predecessor-version":[{"id":1515,"href":"https:\/\/www.alongo.it\/index.php?rest_route=\/wp\/v2\/posts\/1514\/revisions\/1515"}],"wp:attachment":[{"href":"https:\/\/www.alongo.it\/index.php?rest_route=%2Fwp%2Fv2%2Fmedia&parent=1514"}],"wp:term":[{"taxonomy":"category","embeddable":true,"href":"https:\/\/www.alongo.it\/index.php?rest_route=%2Fwp%2Fv2%2Fcategories&post=1514"},{"taxonomy":"post_tag","embeddable":true,"href":"https:\/\/www.alongo.it\/index.php?rest_route=%2Fwp%2Fv2%2Ftags&post=1514"}],"curies":[{"name":"wp","href":"https:\/\/api.w.org\/{rel}","templated":true}]}}