{"id":1499,"date":"2013-09-09T20:35:47","date_gmt":"2013-09-09T18:35:47","guid":{"rendered":"http:\/\/www.alongo.it\/?p=1499"},"modified":"2013-09-09T20:35:47","modified_gmt":"2013-09-09T18:35:47","slug":"strada-in-salita-per-la-neutralita-della-rete-usa-al-via-la-causa","status":"publish","type":"post","link":"https:\/\/www.alongo.it\/?p=1499","title":{"rendered":"Strada in salita per la neutralit\u00e0 della rete Usa. Al via la causa"},"content":{"rendered":"<p><a href=\"http:\/\/www.businessweek.com\/articles\/2013-09-09\/net-neutrality-goes-on-trial-a-guide-to-verizon-v-dot-fcc\">E&#8217; cominciato oggi <\/a>il dibattito giudiziario tra Verizon e Fcc (Authority tlc Usa) sulle regole 2010 per la neutralit\u00e0 della rete. Si prevede una strada in salita per Fcc, difficilmente riuscir\u00e0 a imporre agli operatori l&#8217;obbligo a non discriminare il traffico. I giudici sono scettici sull&#8217;autorit\u00e0 di Fcc in tal proposito.<\/p>\n<p>La questione \u00e8 che Fcc vuole obbligare gli operatore a trattare i contenuti in modo uguale, Verizon vuole invece il diritto di accelerare quelli dei provider (Google in testa, con cui ha fatto un accordo) che pagano. Pi\u00f9 probabilmente, la corte vieter\u00e0 solo di bloccare i contenuti di quelli che non pagano&#8230;<\/p>\n<p>Il tutto mentre anche in <a href=\"http:\/\/www.alongo.it\/wp-admin\/post.php?post=1497&amp;action=edit\">Europa si respira un clima simile.<\/a><\/p>\n<p>&nbsp;<\/p>\n<div><div style=\"padding-top:10px;margin-bottom:10px;font-size:10pt;font-family:arial;font-weight:bold;\"><\/div><div class=simplesocial><a href=\"http:\/\/twitter.com\/share\" data-url=\"https:\/\/www.alongo.it\/?p=1499\" data-text=\"Strada+in+salita+per+la+neutralit%C3%A0+della+rete+Usa.+Al+via+la+causa\" class=\"twitter-share-button\" data-count=\"horizontal\">Tweet<\/a><script type=\"text\/javascript\" src=\"http:\/\/platform.twitter.com\/widgets.js\"><\/script><\/div><div class=simplesocial><iframe src=\"http:\/\/www.facebook.com\/plugins\/like.php?href=https%3A%2F%2Fwww.alongo.it%2F%3Fp%3D1499&layout=standard&show_faces=false&width=450&action=like&colorscheme=light&height=35\" scrolling=\"no\" frameborder=\"0\" style=\"border:none; overflow:hidden; width:450px; height:25px;\" allowTransparency=\"true\"><\/iframe><\/div><div style=\"clear:both\"><\/div><a class=simplesocial onclick=\"return simplesocial(this,500,400)\" title=\"Share on Facebook\" style=\"background:url(http:\/\/www.alongo.it\/wp-content\/plugins\/simple-social-sharing-widgets-icons\/icons_16\/facebook.png)\" href=\"http:\/\/www.facebook.com\/share.php?u=https%3A%2F%2Fwww.alongo.it%2F%3Fp%3D1499&t=Strada+in+salita+per+la+neutralit%C3%A0+della+rete+Usa.+Al+via+la+causa\"><\/a><a class=simplesocial onclick=\"return simplesocial(this,812,420)\" title=\"Share on Twitter\" style=\"background:url(http:\/\/www.alongo.it\/wp-content\/plugins\/simple-social-sharing-widgets-icons\/icons_16\/twitter.png)\" href=\"http:\/\/twitter.com\/home?status=https%3A%2F%2Fwww.alongo.it%2F%3Fp%3D1499\"><\/a><a class=simplesocial onclick=\"return simplesocial(this,435,500)\" title=\"Email a Friend\" style=\"background:url(http:\/\/www.alongo.it\/wp-content\/plugins\/simple-social-sharing-widgets-icons\/icons_16\/email.png)\" href=\"http:\/\/www.freetellafriend.com\/tell\/?heading=Share+This+Article&bg=1&option=email&url=https%3A%2F%2Fwww.alongo.it%2F%3Fp%3D1499\"><\/a><\/div><div style=\"clear:both;margin-bottom:20px\"><\/div>","protected":false},"excerpt":{"rendered":"<p>E&#8217; cominciato oggi il dibattito giudiziario tra Verizon e Fcc (Authority tlc Usa) sulle regole 2010 per la neutralit\u00e0 della rete. Si prevede una strada in salita per Fcc, difficilmente riuscir\u00e0 a imporre agli operatori l&#8217;obbligo a non discriminare il traffico. I giudici sono scettici sull&#8217;autorit\u00e0 di Fcc in tal proposito. La questione \u00e8 che [&hellip;]<\/p>\n","protected":false},"author":1,"featured_media":0,"comment_status":"open","ping_status":"open","sticky":false,"template":"","format":"standard","meta":{"footnotes":""},"categories":[1],"tags":[52],"class_list":["post-1499","post","type-post","status-publish","format-standard","hentry","category-articoli","tag-neutralita-della-rete"],"yoast_head":"<!-- This site is optimized with the Yoast SEO plugin v27.5 - https:\/\/yoast.com\/product\/yoast-seo-wordpress\/ -->\n<title>Strada in salita per la neutralit\u00e0 della rete Usa. Al via la causa - Alessandro Longo<\/title>\n<meta name=\"robots\" content=\"index, follow, max-snippet:-1, max-image-preview:large, max-video-preview:-1\" \/>\n<link rel=\"canonical\" href=\"https:\/\/www.alongo.it\/?p=1499\" \/>\n<meta property=\"og:locale\" content=\"it_IT\" \/>\n<meta property=\"og:type\" content=\"article\" \/>\n<meta property=\"og:title\" content=\"Strada in salita per la neutralit\u00e0 della rete Usa. Al via la causa - Alessandro Longo\" \/>\n<meta property=\"og:description\" content=\"E&#8217; cominciato oggi il dibattito giudiziario tra Verizon e Fcc (Authority tlc Usa) sulle regole 2010 per la neutralit\u00e0 della rete. Si prevede una strada in salita per Fcc, difficilmente riuscir\u00e0 a imporre agli operatori l&#8217;obbligo a non discriminare il traffico. I giudici sono scettici sull&#8217;autorit\u00e0 di Fcc in tal proposito. La questione \u00e8 che [&hellip;]\" \/>\n<meta property=\"og:url\" content=\"https:\/\/www.alongo.it\/?p=1499\" \/>\n<meta property=\"og:site_name\" content=\"Alessandro Longo\" \/>\n<meta property=\"article:published_time\" content=\"2013-09-09T18:35:47+00:00\" \/>\n<meta name=\"author\" content=\"alex\" \/>\n<meta name=\"twitter:card\" content=\"summary_large_image\" \/>\n<meta name=\"twitter:label1\" content=\"Scritto da\" \/>\n\t<meta name=\"twitter:data1\" content=\"alex\" \/>\n\t<meta name=\"twitter:label2\" content=\"Tempo di lettura stimato\" \/>\n\t<meta name=\"twitter:data2\" content=\"1 minuto\" \/>\n<script type=\"application\/ld+json\" class=\"yoast-schema-graph\">{\"@context\":\"https:\\\/\\\/schema.org\",\"@graph\":[{\"@type\":\"Article\",\"@id\":\"https:\\\/\\\/www.alongo.it\\\/?p=1499#article\",\"isPartOf\":{\"@id\":\"https:\\\/\\\/www.alongo.it\\\/?p=1499\"},\"author\":{\"name\":\"alex\",\"@id\":\"https:\\\/\\\/www.alongo.it\\\/#\\\/schema\\\/person\\\/eb81a41f49bbca65b55a93a8a3f2a8bd\"},\"headline\":\"Strada in salita per la neutralit\u00e0 della rete Usa. Al via la causa\",\"datePublished\":\"2013-09-09T18:35:47+00:00\",\"mainEntityOfPage\":{\"@id\":\"https:\\\/\\\/www.alongo.it\\\/?p=1499\"},\"wordCount\":126,\"commentCount\":1,\"publisher\":{\"@id\":\"https:\\\/\\\/www.alongo.it\\\/#\\\/schema\\\/person\\\/eb81a41f49bbca65b55a93a8a3f2a8bd\"},\"keywords\":[\"neutralit\u00e0 della rete\"],\"articleSection\":[\"articoli\"],\"inLanguage\":\"it-IT\",\"potentialAction\":[{\"@type\":\"CommentAction\",\"name\":\"Comment\",\"target\":[\"https:\\\/\\\/www.alongo.it\\\/?p=1499#respond\"]}]},{\"@type\":\"WebPage\",\"@id\":\"https:\\\/\\\/www.alongo.it\\\/?p=1499\",\"url\":\"https:\\\/\\\/www.alongo.it\\\/?p=1499\",\"name\":\"Strada in salita per la neutralit\u00e0 della rete Usa. Al via la causa - Alessandro Longo\",\"isPartOf\":{\"@id\":\"https:\\\/\\\/www.alongo.it\\\/#website\"},\"datePublished\":\"2013-09-09T18:35:47+00:00\",\"breadcrumb\":{\"@id\":\"https:\\\/\\\/www.alongo.it\\\/?p=1499#breadcrumb\"},\"inLanguage\":\"it-IT\",\"potentialAction\":[{\"@type\":\"ReadAction\",\"target\":[\"https:\\\/\\\/www.alongo.it\\\/?p=1499\"]}]},{\"@type\":\"BreadcrumbList\",\"@id\":\"https:\\\/\\\/www.alongo.it\\\/?p=1499#breadcrumb\",\"itemListElement\":[{\"@type\":\"ListItem\",\"position\":1,\"name\":\"Home\",\"item\":\"https:\\\/\\\/www.alongo.it\\\/\"},{\"@type\":\"ListItem\",\"position\":2,\"name\":\"Strada in salita per la neutralit\u00e0 della rete Usa. Al via la causa\"}]},{\"@type\":\"WebSite\",\"@id\":\"https:\\\/\\\/www.alongo.it\\\/#website\",\"url\":\"https:\\\/\\\/www.alongo.it\\\/\",\"name\":\"Alessandro Longo\",\"description\":\"Telefonia, hi-tech e giornalismo\",\"publisher\":{\"@id\":\"https:\\\/\\\/www.alongo.it\\\/#\\\/schema\\\/person\\\/eb81a41f49bbca65b55a93a8a3f2a8bd\"},\"potentialAction\":[{\"@type\":\"SearchAction\",\"target\":{\"@type\":\"EntryPoint\",\"urlTemplate\":\"https:\\\/\\\/www.alongo.it\\\/?s={search_term_string}\"},\"query-input\":{\"@type\":\"PropertyValueSpecification\",\"valueRequired\":true,\"valueName\":\"search_term_string\"}}],\"inLanguage\":\"it-IT\"},{\"@type\":[\"Person\",\"Organization\"],\"@id\":\"https:\\\/\\\/www.alongo.it\\\/#\\\/schema\\\/person\\\/eb81a41f49bbca65b55a93a8a3f2a8bd\",\"name\":\"alex\",\"image\":{\"@type\":\"ImageObject\",\"inLanguage\":\"it-IT\",\"@id\":\"https:\\\/\\\/www.alongo.it\\\/wp-content\\\/uploads\\\/2012\\\/10\\\/longo.jpg\",\"url\":\"https:\\\/\\\/www.alongo.it\\\/wp-content\\\/uploads\\\/2012\\\/10\\\/longo.jpg\",\"contentUrl\":\"https:\\\/\\\/www.alongo.it\\\/wp-content\\\/uploads\\\/2012\\\/10\\\/longo.jpg\",\"width\":\"896\",\"height\":\"616\",\"caption\":\"alex\"},\"logo\":{\"@id\":\"https:\\\/\\\/www.alongo.it\\\/wp-content\\\/uploads\\\/2012\\\/10\\\/longo.jpg\"},\"url\":\"https:\\\/\\\/www.alongo.it\\\/?author=1\"}]}<\/script>\n<!-- \/ Yoast SEO plugin. -->","yoast_head_json":{"title":"Strada in salita per la neutralit\u00e0 della rete Usa. Al via la causa - Alessandro Longo","robots":{"index":"index","follow":"follow","max-snippet":"max-snippet:-1","max-image-preview":"max-image-preview:large","max-video-preview":"max-video-preview:-1"},"canonical":"https:\/\/www.alongo.it\/?p=1499","og_locale":"it_IT","og_type":"article","og_title":"Strada in salita per la neutralit\u00e0 della rete Usa. Al via la causa - Alessandro Longo","og_description":"E&#8217; cominciato oggi il dibattito giudiziario tra Verizon e Fcc (Authority tlc Usa) sulle regole 2010 per la neutralit\u00e0 della rete. Si prevede una strada in salita per Fcc, difficilmente riuscir\u00e0 a imporre agli operatori l&#8217;obbligo a non discriminare il traffico. I giudici sono scettici sull&#8217;autorit\u00e0 di Fcc in tal proposito. La questione \u00e8 che [&hellip;]","og_url":"https:\/\/www.alongo.it\/?p=1499","og_site_name":"Alessandro Longo","article_published_time":"2013-09-09T18:35:47+00:00","author":"alex","twitter_card":"summary_large_image","twitter_misc":{"Scritto da":"alex","Tempo di lettura stimato":"1 minuto"},"schema":{"@context":"https:\/\/schema.org","@graph":[{"@type":"Article","@id":"https:\/\/www.alongo.it\/?p=1499#article","isPartOf":{"@id":"https:\/\/www.alongo.it\/?p=1499"},"author":{"name":"alex","@id":"https:\/\/www.alongo.it\/#\/schema\/person\/eb81a41f49bbca65b55a93a8a3f2a8bd"},"headline":"Strada in salita per la neutralit\u00e0 della rete Usa. Al via la causa","datePublished":"2013-09-09T18:35:47+00:00","mainEntityOfPage":{"@id":"https:\/\/www.alongo.it\/?p=1499"},"wordCount":126,"commentCount":1,"publisher":{"@id":"https:\/\/www.alongo.it\/#\/schema\/person\/eb81a41f49bbca65b55a93a8a3f2a8bd"},"keywords":["neutralit\u00e0 della rete"],"articleSection":["articoli"],"inLanguage":"it-IT","potentialAction":[{"@type":"CommentAction","name":"Comment","target":["https:\/\/www.alongo.it\/?p=1499#respond"]}]},{"@type":"WebPage","@id":"https:\/\/www.alongo.it\/?p=1499","url":"https:\/\/www.alongo.it\/?p=1499","name":"Strada in salita per la neutralit\u00e0 della rete Usa. Al via la causa - Alessandro Longo","isPartOf":{"@id":"https:\/\/www.alongo.it\/#website"},"datePublished":"2013-09-09T18:35:47+00:00","breadcrumb":{"@id":"https:\/\/www.alongo.it\/?p=1499#breadcrumb"},"inLanguage":"it-IT","potentialAction":[{"@type":"ReadAction","target":["https:\/\/www.alongo.it\/?p=1499"]}]},{"@type":"BreadcrumbList","@id":"https:\/\/www.alongo.it\/?p=1499#breadcrumb","itemListElement":[{"@type":"ListItem","position":1,"name":"Home","item":"https:\/\/www.alongo.it\/"},{"@type":"ListItem","position":2,"name":"Strada in salita per la neutralit\u00e0 della rete Usa. Al via la causa"}]},{"@type":"WebSite","@id":"https:\/\/www.alongo.it\/#website","url":"https:\/\/www.alongo.it\/","name":"Alessandro Longo","description":"Telefonia, hi-tech e giornalismo","publisher":{"@id":"https:\/\/www.alongo.it\/#\/schema\/person\/eb81a41f49bbca65b55a93a8a3f2a8bd"},"potentialAction":[{"@type":"SearchAction","target":{"@type":"EntryPoint","urlTemplate":"https:\/\/www.alongo.it\/?s={search_term_string}"},"query-input":{"@type":"PropertyValueSpecification","valueRequired":true,"valueName":"search_term_string"}}],"inLanguage":"it-IT"},{"@type":["Person","Organization"],"@id":"https:\/\/www.alongo.it\/#\/schema\/person\/eb81a41f49bbca65b55a93a8a3f2a8bd","name":"alex","image":{"@type":"ImageObject","inLanguage":"it-IT","@id":"https:\/\/www.alongo.it\/wp-content\/uploads\/2012\/10\/longo.jpg","url":"https:\/\/www.alongo.it\/wp-content\/uploads\/2012\/10\/longo.jpg","contentUrl":"https:\/\/www.alongo.it\/wp-content\/uploads\/2012\/10\/longo.jpg","width":"896","height":"616","caption":"alex"},"logo":{"@id":"https:\/\/www.alongo.it\/wp-content\/uploads\/2012\/10\/longo.jpg"},"url":"https:\/\/www.alongo.it\/?author=1"}]}},"_links":{"self":[{"href":"https:\/\/www.alongo.it\/index.php?rest_route=\/wp\/v2\/posts\/1499","targetHints":{"allow":["GET"]}}],"collection":[{"href":"https:\/\/www.alongo.it\/index.php?rest_route=\/wp\/v2\/posts"}],"about":[{"href":"https:\/\/www.alongo.it\/index.php?rest_route=\/wp\/v2\/types\/post"}],"author":[{"embeddable":true,"href":"https:\/\/www.alongo.it\/index.php?rest_route=\/wp\/v2\/users\/1"}],"replies":[{"embeddable":true,"href":"https:\/\/www.alongo.it\/index.php?rest_route=%2Fwp%2Fv2%2Fcomments&post=1499"}],"version-history":[{"count":1,"href":"https:\/\/www.alongo.it\/index.php?rest_route=\/wp\/v2\/posts\/1499\/revisions"}],"predecessor-version":[{"id":1500,"href":"https:\/\/www.alongo.it\/index.php?rest_route=\/wp\/v2\/posts\/1499\/revisions\/1500"}],"wp:attachment":[{"href":"https:\/\/www.alongo.it\/index.php?rest_route=%2Fwp%2Fv2%2Fmedia&parent=1499"}],"wp:term":[{"taxonomy":"category","embeddable":true,"href":"https:\/\/www.alongo.it\/index.php?rest_route=%2Fwp%2Fv2%2Fcategories&post=1499"},{"taxonomy":"post_tag","embeddable":true,"href":"https:\/\/www.alongo.it\/index.php?rest_route=%2Fwp%2Fv2%2Ftags&post=1499"}],"curies":[{"name":"wp","href":"https:\/\/api.w.org\/{rel}","templated":true}]}}