{"id":1467,"date":"2013-05-17T16:21:25","date_gmt":"2013-05-17T14:21:25","guid":{"rendered":"http:\/\/www.alongo.it\/?p=1467"},"modified":"2013-05-17T16:21:25","modified_gmt":"2013-05-17T14:21:25","slug":"frequenze-il-ritorno-della-politica","status":"publish","type":"post","link":"https:\/\/www.alongo.it\/?p=1467","title":{"rendered":"Frequenze, il ritorno della politica"},"content":{"rendered":"<p>Il tavolo delle frequenze radiomobili torna bollente, dopo la parentesi del governo Monti. Sar\u00e0 una\u00a0 delle partite pi\u00f9 complesse, per il nuovo esecutivo, e dal suo esito dipende buona parte del destino\u00a0 dell\u2019innovazione mobile italiana.<\/p>\n<p>Continueremo a fare eccezione in Europa, con un far west delle\u00a0 frequenze? O finalmente abbracceremo uno scenario in cui queste preziose risorse, che sono bene\u00a0 comune, sono utilizzate in modo efficiente, senza sprechi n\u00e9 rendite di posizione? Il bivio \u00e8 tutto qui.\u00a0 E sono due i fattori in gioco, adesso.<\/p>\n<p>Da una parte, l\u2019Europa. Preme perch\u00e9 tutti i Paesi membri armonizzino lo spettro (evitando le grosse\u00a0 differenze di assegnazione ora presenti e il generale disordine delle frequenze). La Commissione probabilmente pubblicher\u00e0 a giugno un documento che spinger\u00e0 in tal senso. L\u2019obiettivo \u00e8 accelerare il passaggio di frequenze 700 MHz dalle tiv\u00f9 a internet mobile, gi\u00e0 dal 2015, come gi\u00e0 avvenuto con gli 800 MHz ora utilizzati per l\u2019Lte (4G). L\u2019Europa ha poi un\u2019attenzione particolare per l\u2019Italia: ricordiamo pende ancora la procedura d\u2019infrazione avviata per l\u2019eccessiva chiusura del nostro mercato televisivo. La soluzione \u00e8 un\u2019asta futura che assegner\u00e0 frequenze a nuove emittenti.<\/p>\n<p>La nuova Agcom (Autorit\u00e0 garante delle comunicazioni), di cui sono cambiati i vertici a luglio, ha ideato un<a href=\"http:\/\/www.corrierecomunicazioni.it\/tlc\/19786_frequenze-passera-pronti-per-l-asta-aspettiamo-ue.htm\"> regolamento d\u2019asta<\/a> che finalmente- dopo tanto tira e molla- dovrebbe placare le (giuste) preoccupazioni dell\u2019Europa. Ma la partita non \u00e8 ancora chiusa.<\/p>\n<p>Anche perch\u00e9 c\u2019\u00e8 il secondo fattore da considerare. Un nuovo governo, dove il ruolo del Pdl \u00e8 ben pi\u00f9 importante rispetto a quello precedente. Non \u00e8 un caso che\u00a0<a href=\"http:\/\/www.corrierecomunicazioni.it\/tlc\/21025_governo-letta-sulle-tlc-e-braccio-di-ferro-pd-pdl.htm\">il partito di Berlusconi abbia lottato per mettere le mani sulle deleghe per le comunicazioni<\/a>: si prepara ad affrontare al meglio una nuova stagione di rivoluzioni per lo spettro. Da qui al 2015 succeder\u00e0 di tutto: \u00e8 gi\u00e0 stabilito che agli operatori mobili andranno i canali 57-60, cio\u00e8 30 MHz, delle frequenze 700 MHz; in pi\u00f9 bisogna trovare spazio per la radio digitale, avviare un primo serio coordinamento internazionale sulle frequenze e partecipare ai tavoli che decidono, in Europa, l\u2019evoluzione tecnologica dell\u2019Lte.<\/p>\n<p><a href=\"http:\/\/www.chefuturo.it\/2013\/05\/il-tavolo-delle-frequenze-radiomobili-torna-bollente-non-possiamo-piu-perdere-tempo\/\">CONTINUA<\/a><\/p>\n<div><div style=\"padding-top:10px;margin-bottom:10px;font-size:10pt;font-family:arial;font-weight:bold;\"><\/div><div class=simplesocial><a href=\"http:\/\/twitter.com\/share\" data-url=\"https:\/\/www.alongo.it\/?p=1467\" data-text=\"Frequenze%2C+il+ritorno+della+politica\" class=\"twitter-share-button\" data-count=\"horizontal\">Tweet<\/a><script type=\"text\/javascript\" src=\"http:\/\/platform.twitter.com\/widgets.js\"><\/script><\/div><div class=simplesocial><iframe src=\"http:\/\/www.facebook.com\/plugins\/like.php?href=https%3A%2F%2Fwww.alongo.it%2F%3Fp%3D1467&layout=standard&show_faces=false&width=450&action=like&colorscheme=light&height=35\" scrolling=\"no\" frameborder=\"0\" style=\"border:none; overflow:hidden; width:450px; height:25px;\" allowTransparency=\"true\"><\/iframe><\/div><div style=\"clear:both\"><\/div><a class=simplesocial onclick=\"return simplesocial(this,500,400)\" title=\"Share on Facebook\" style=\"background:url(http:\/\/www.alongo.it\/wp-content\/plugins\/simple-social-sharing-widgets-icons\/icons_16\/facebook.png)\" href=\"http:\/\/www.facebook.com\/share.php?u=https%3A%2F%2Fwww.alongo.it%2F%3Fp%3D1467&t=Frequenze%2C+il+ritorno+della+politica\"><\/a><a class=simplesocial onclick=\"return simplesocial(this,812,420)\" title=\"Share on Twitter\" style=\"background:url(http:\/\/www.alongo.it\/wp-content\/plugins\/simple-social-sharing-widgets-icons\/icons_16\/twitter.png)\" href=\"http:\/\/twitter.com\/home?status=https%3A%2F%2Fwww.alongo.it%2F%3Fp%3D1467\"><\/a><a class=simplesocial onclick=\"return simplesocial(this,435,500)\" title=\"Email a Friend\" style=\"background:url(http:\/\/www.alongo.it\/wp-content\/plugins\/simple-social-sharing-widgets-icons\/icons_16\/email.png)\" href=\"http:\/\/www.freetellafriend.com\/tell\/?heading=Share+This+Article&bg=1&option=email&url=https%3A%2F%2Fwww.alongo.it%2F%3Fp%3D1467\"><\/a><\/div><div style=\"clear:both;margin-bottom:20px\"><\/div>","protected":false},"excerpt":{"rendered":"<p>Il tavolo delle frequenze radiomobili torna bollente, dopo la parentesi del governo Monti. Sar\u00e0 una\u00a0 delle partite pi\u00f9 complesse, per il nuovo esecutivo, e dal suo esito dipende buona parte del destino\u00a0 dell\u2019innovazione mobile italiana. Continueremo a fare eccezione in Europa, con un far west delle\u00a0 frequenze? O finalmente abbracceremo uno scenario in cui queste [&hellip;]<\/p>\n","protected":false},"author":1,"featured_media":0,"comment_status":"open","ping_status":"open","sticky":false,"template":"","format":"standard","meta":{"footnotes":""},"categories":[1],"tags":[16],"class_list":["post-1467","post","type-post","status-publish","format-standard","hentry","category-articoli","tag-frequenze"],"yoast_head":"<!-- This site is optimized with the Yoast SEO plugin v27.5 - https:\/\/yoast.com\/product\/yoast-seo-wordpress\/ -->\n<title>Frequenze, il ritorno della politica  - Alessandro Longo<\/title>\n<meta name=\"robots\" content=\"index, follow, max-snippet:-1, max-image-preview:large, max-video-preview:-1\" \/>\n<link rel=\"canonical\" href=\"https:\/\/www.alongo.it\/?p=1467\" \/>\n<meta property=\"og:locale\" content=\"it_IT\" \/>\n<meta property=\"og:type\" content=\"article\" \/>\n<meta property=\"og:title\" content=\"Frequenze, il ritorno della politica  - Alessandro Longo\" \/>\n<meta property=\"og:description\" content=\"Il tavolo delle frequenze radiomobili torna bollente, dopo la parentesi del governo Monti. Sar\u00e0 una\u00a0 delle partite pi\u00f9 complesse, per il nuovo esecutivo, e dal suo esito dipende buona parte del destino\u00a0 dell\u2019innovazione mobile italiana. Continueremo a fare eccezione in Europa, con un far west delle\u00a0 frequenze? O finalmente abbracceremo uno scenario in cui queste [&hellip;]\" \/>\n<meta property=\"og:url\" content=\"https:\/\/www.alongo.it\/?p=1467\" \/>\n<meta property=\"og:site_name\" content=\"Alessandro Longo\" \/>\n<meta property=\"article:published_time\" content=\"2013-05-17T14:21:25+00:00\" \/>\n<meta name=\"author\" content=\"alex\" \/>\n<meta name=\"twitter:card\" content=\"summary_large_image\" \/>\n<meta name=\"twitter:label1\" content=\"Scritto da\" \/>\n\t<meta name=\"twitter:data1\" content=\"alex\" \/>\n\t<meta name=\"twitter:label2\" content=\"Tempo di lettura stimato\" \/>\n\t<meta name=\"twitter:data2\" content=\"2 minuti\" \/>\n<script type=\"application\/ld+json\" class=\"yoast-schema-graph\">{\"@context\":\"https:\\\/\\\/schema.org\",\"@graph\":[{\"@type\":\"Article\",\"@id\":\"https:\\\/\\\/www.alongo.it\\\/?p=1467#article\",\"isPartOf\":{\"@id\":\"https:\\\/\\\/www.alongo.it\\\/?p=1467\"},\"author\":{\"name\":\"alex\",\"@id\":\"https:\\\/\\\/www.alongo.it\\\/#\\\/schema\\\/person\\\/eb81a41f49bbca65b55a93a8a3f2a8bd\"},\"headline\":\"Frequenze, il ritorno della politica\",\"datePublished\":\"2013-05-17T14:21:25+00:00\",\"mainEntityOfPage\":{\"@id\":\"https:\\\/\\\/www.alongo.it\\\/?p=1467\"},\"wordCount\":344,\"commentCount\":0,\"publisher\":{\"@id\":\"https:\\\/\\\/www.alongo.it\\\/#\\\/schema\\\/person\\\/eb81a41f49bbca65b55a93a8a3f2a8bd\"},\"keywords\":[\"frequenze\"],\"articleSection\":[\"articoli\"],\"inLanguage\":\"it-IT\",\"potentialAction\":[{\"@type\":\"CommentAction\",\"name\":\"Comment\",\"target\":[\"https:\\\/\\\/www.alongo.it\\\/?p=1467#respond\"]}]},{\"@type\":\"WebPage\",\"@id\":\"https:\\\/\\\/www.alongo.it\\\/?p=1467\",\"url\":\"https:\\\/\\\/www.alongo.it\\\/?p=1467\",\"name\":\"Frequenze, il ritorno della politica - Alessandro Longo\",\"isPartOf\":{\"@id\":\"https:\\\/\\\/www.alongo.it\\\/#website\"},\"datePublished\":\"2013-05-17T14:21:25+00:00\",\"breadcrumb\":{\"@id\":\"https:\\\/\\\/www.alongo.it\\\/?p=1467#breadcrumb\"},\"inLanguage\":\"it-IT\",\"potentialAction\":[{\"@type\":\"ReadAction\",\"target\":[\"https:\\\/\\\/www.alongo.it\\\/?p=1467\"]}]},{\"@type\":\"BreadcrumbList\",\"@id\":\"https:\\\/\\\/www.alongo.it\\\/?p=1467#breadcrumb\",\"itemListElement\":[{\"@type\":\"ListItem\",\"position\":1,\"name\":\"Home\",\"item\":\"https:\\\/\\\/www.alongo.it\\\/\"},{\"@type\":\"ListItem\",\"position\":2,\"name\":\"Frequenze, il ritorno della politica\"}]},{\"@type\":\"WebSite\",\"@id\":\"https:\\\/\\\/www.alongo.it\\\/#website\",\"url\":\"https:\\\/\\\/www.alongo.it\\\/\",\"name\":\"Alessandro Longo\",\"description\":\"Telefonia, hi-tech e giornalismo\",\"publisher\":{\"@id\":\"https:\\\/\\\/www.alongo.it\\\/#\\\/schema\\\/person\\\/eb81a41f49bbca65b55a93a8a3f2a8bd\"},\"potentialAction\":[{\"@type\":\"SearchAction\",\"target\":{\"@type\":\"EntryPoint\",\"urlTemplate\":\"https:\\\/\\\/www.alongo.it\\\/?s={search_term_string}\"},\"query-input\":{\"@type\":\"PropertyValueSpecification\",\"valueRequired\":true,\"valueName\":\"search_term_string\"}}],\"inLanguage\":\"it-IT\"},{\"@type\":[\"Person\",\"Organization\"],\"@id\":\"https:\\\/\\\/www.alongo.it\\\/#\\\/schema\\\/person\\\/eb81a41f49bbca65b55a93a8a3f2a8bd\",\"name\":\"alex\",\"image\":{\"@type\":\"ImageObject\",\"inLanguage\":\"it-IT\",\"@id\":\"https:\\\/\\\/www.alongo.it\\\/wp-content\\\/uploads\\\/2012\\\/10\\\/longo.jpg\",\"url\":\"https:\\\/\\\/www.alongo.it\\\/wp-content\\\/uploads\\\/2012\\\/10\\\/longo.jpg\",\"contentUrl\":\"https:\\\/\\\/www.alongo.it\\\/wp-content\\\/uploads\\\/2012\\\/10\\\/longo.jpg\",\"width\":\"896\",\"height\":\"616\",\"caption\":\"alex\"},\"logo\":{\"@id\":\"https:\\\/\\\/www.alongo.it\\\/wp-content\\\/uploads\\\/2012\\\/10\\\/longo.jpg\"},\"url\":\"https:\\\/\\\/www.alongo.it\\\/?author=1\"}]}<\/script>\n<!-- \/ Yoast SEO plugin. -->","yoast_head_json":{"title":"Frequenze, il ritorno della politica  - Alessandro Longo","robots":{"index":"index","follow":"follow","max-snippet":"max-snippet:-1","max-image-preview":"max-image-preview:large","max-video-preview":"max-video-preview:-1"},"canonical":"https:\/\/www.alongo.it\/?p=1467","og_locale":"it_IT","og_type":"article","og_title":"Frequenze, il ritorno della politica  - Alessandro Longo","og_description":"Il tavolo delle frequenze radiomobili torna bollente, dopo la parentesi del governo Monti. Sar\u00e0 una\u00a0 delle partite pi\u00f9 complesse, per il nuovo esecutivo, e dal suo esito dipende buona parte del destino\u00a0 dell\u2019innovazione mobile italiana. Continueremo a fare eccezione in Europa, con un far west delle\u00a0 frequenze? O finalmente abbracceremo uno scenario in cui queste [&hellip;]","og_url":"https:\/\/www.alongo.it\/?p=1467","og_site_name":"Alessandro Longo","article_published_time":"2013-05-17T14:21:25+00:00","author":"alex","twitter_card":"summary_large_image","twitter_misc":{"Scritto da":"alex","Tempo di lettura stimato":"2 minuti"},"schema":{"@context":"https:\/\/schema.org","@graph":[{"@type":"Article","@id":"https:\/\/www.alongo.it\/?p=1467#article","isPartOf":{"@id":"https:\/\/www.alongo.it\/?p=1467"},"author":{"name":"alex","@id":"https:\/\/www.alongo.it\/#\/schema\/person\/eb81a41f49bbca65b55a93a8a3f2a8bd"},"headline":"Frequenze, il ritorno della politica","datePublished":"2013-05-17T14:21:25+00:00","mainEntityOfPage":{"@id":"https:\/\/www.alongo.it\/?p=1467"},"wordCount":344,"commentCount":0,"publisher":{"@id":"https:\/\/www.alongo.it\/#\/schema\/person\/eb81a41f49bbca65b55a93a8a3f2a8bd"},"keywords":["frequenze"],"articleSection":["articoli"],"inLanguage":"it-IT","potentialAction":[{"@type":"CommentAction","name":"Comment","target":["https:\/\/www.alongo.it\/?p=1467#respond"]}]},{"@type":"WebPage","@id":"https:\/\/www.alongo.it\/?p=1467","url":"https:\/\/www.alongo.it\/?p=1467","name":"Frequenze, il ritorno della politica - Alessandro Longo","isPartOf":{"@id":"https:\/\/www.alongo.it\/#website"},"datePublished":"2013-05-17T14:21:25+00:00","breadcrumb":{"@id":"https:\/\/www.alongo.it\/?p=1467#breadcrumb"},"inLanguage":"it-IT","potentialAction":[{"@type":"ReadAction","target":["https:\/\/www.alongo.it\/?p=1467"]}]},{"@type":"BreadcrumbList","@id":"https:\/\/www.alongo.it\/?p=1467#breadcrumb","itemListElement":[{"@type":"ListItem","position":1,"name":"Home","item":"https:\/\/www.alongo.it\/"},{"@type":"ListItem","position":2,"name":"Frequenze, il ritorno della politica"}]},{"@type":"WebSite","@id":"https:\/\/www.alongo.it\/#website","url":"https:\/\/www.alongo.it\/","name":"Alessandro Longo","description":"Telefonia, hi-tech e giornalismo","publisher":{"@id":"https:\/\/www.alongo.it\/#\/schema\/person\/eb81a41f49bbca65b55a93a8a3f2a8bd"},"potentialAction":[{"@type":"SearchAction","target":{"@type":"EntryPoint","urlTemplate":"https:\/\/www.alongo.it\/?s={search_term_string}"},"query-input":{"@type":"PropertyValueSpecification","valueRequired":true,"valueName":"search_term_string"}}],"inLanguage":"it-IT"},{"@type":["Person","Organization"],"@id":"https:\/\/www.alongo.it\/#\/schema\/person\/eb81a41f49bbca65b55a93a8a3f2a8bd","name":"alex","image":{"@type":"ImageObject","inLanguage":"it-IT","@id":"https:\/\/www.alongo.it\/wp-content\/uploads\/2012\/10\/longo.jpg","url":"https:\/\/www.alongo.it\/wp-content\/uploads\/2012\/10\/longo.jpg","contentUrl":"https:\/\/www.alongo.it\/wp-content\/uploads\/2012\/10\/longo.jpg","width":"896","height":"616","caption":"alex"},"logo":{"@id":"https:\/\/www.alongo.it\/wp-content\/uploads\/2012\/10\/longo.jpg"},"url":"https:\/\/www.alongo.it\/?author=1"}]}},"_links":{"self":[{"href":"https:\/\/www.alongo.it\/index.php?rest_route=\/wp\/v2\/posts\/1467","targetHints":{"allow":["GET"]}}],"collection":[{"href":"https:\/\/www.alongo.it\/index.php?rest_route=\/wp\/v2\/posts"}],"about":[{"href":"https:\/\/www.alongo.it\/index.php?rest_route=\/wp\/v2\/types\/post"}],"author":[{"embeddable":true,"href":"https:\/\/www.alongo.it\/index.php?rest_route=\/wp\/v2\/users\/1"}],"replies":[{"embeddable":true,"href":"https:\/\/www.alongo.it\/index.php?rest_route=%2Fwp%2Fv2%2Fcomments&post=1467"}],"version-history":[{"count":1,"href":"https:\/\/www.alongo.it\/index.php?rest_route=\/wp\/v2\/posts\/1467\/revisions"}],"predecessor-version":[{"id":1468,"href":"https:\/\/www.alongo.it\/index.php?rest_route=\/wp\/v2\/posts\/1467\/revisions\/1468"}],"wp:attachment":[{"href":"https:\/\/www.alongo.it\/index.php?rest_route=%2Fwp%2Fv2%2Fmedia&parent=1467"}],"wp:term":[{"taxonomy":"category","embeddable":true,"href":"https:\/\/www.alongo.it\/index.php?rest_route=%2Fwp%2Fv2%2Fcategories&post=1467"},{"taxonomy":"post_tag","embeddable":true,"href":"https:\/\/www.alongo.it\/index.php?rest_route=%2Fwp%2Fv2%2Ftags&post=1467"}],"curies":[{"name":"wp","href":"https:\/\/api.w.org\/{rel}","templated":true}]}}