{"id":1456,"date":"2013-04-30T23:16:10","date_gmt":"2013-04-30T21:16:10","guid":{"rendered":"http:\/\/www.alongo.it\/?p=1456"},"modified":"2013-04-30T23:17:16","modified_gmt":"2013-04-30T21:17:16","slug":"agenda-digitale-stato-dellarte-dei-ritardi","status":"publish","type":"post","link":"https:\/\/www.alongo.it\/?p=1456","title":{"rendered":"Agenda digitale, stato dell&#8217;arte dei ritardi"},"content":{"rendered":"<p>Un ente attuatore \u2013 l\u2019Agenzia per l\u2019Italia digitale- che non \u00e8 ancora operativo appieno e una marea di decreti attuativi che avanzano con lentezza e ritardi. \u00c8 questa la situazione dell\u2019Agenda digitale, quel pacchetto di misure che mira a risolvere le lacune italiane su tanti fronti dell\u2019innovazione, dalla banda larga alla scuola alla PA digitale.<\/p>\n<p>\u00c8 il momento di fare il punto su una questione che prometteva di cambiare l\u2019Italia ma che ora rischia rinvii inammissibili. Da pi\u00f9 parti mi arrivano segnalazioni di esperti e addetti ai lavori sugli intoppi che l\u2019Agenda sta affrontando. Alcune verranno pubblicate nelle prossime settimane sul sito specializzato<a href=\"http:\/\/www.agendadigitale.eu\/tag\/agenda-dimenticata\">Agendadigitale.eu<\/a>, che coordino, ma \u00e8 possibile fare qui una sintesi e un\u2019anticipazione dei principali problemi.<\/p>\n<p><strong>Va anche detto che le parole di Letta lasciano solo in parte sperare nel meglio. Nel suo discorso di luned\u00ec, cita l&#8217;agenda digitale nel mucchio con le nanotecnologie. Dimostra di non aver capito- temo- un aspetto fondamentale: che il web non \u00e8 un settore, ma \u00e8 una dimensione trasversale a tutta l&#8217;economia e la societ\u00e0. Solo abbracciando questo senso, l&#8217;Italia pu\u00f2 diventare un Paese moderno. Su questo condivido i giudizi di Michele Vianello e di Carnevale Maff\u00e8.<\/strong><\/p>\n<p>IL QUADRO<\/p>\n<p>Come mi racconta Paolo Colli Franzone di\u00a0<a href=\"http:\/\/www.netics.it\/\">Netics<\/a>, \u201csu diciannove novit\u00e0 introdotte dal Decreto Crescita 2.0 (quello che ha dato l\u2019avvio all\u2019Agenda), soltanto cinque sono gi\u00e0 effettivamente in vigore e non necessitano di ulteriori passaggi formali; altri sei hanno tempi di entrata in vigore collocati tra la fine di aprile 2013 e il biennio 2014-15\u201d.<\/p>\n<p>I problemi sono negli altri otto, essenzialmente. E sono concentrati nell\u2019ambito eGovernment, ovvero della PA digitale: terreno delicato in cui la forza del nuovo dovr\u00e0 scontrarsi con le resistenze del vecchio.<\/p>\n<p><a href=\"http:\/\/www.corrierecomunicazioni.it\/pa-digitale\/17386_profumo-presto-l-anagrafe-unica.htm\">La carta d\u2019identit\u00e0 elettronica (o, per meglio dire, il documento digitale unificato\u201d) doveva partire in primavera<\/a>.<\/p>\n<p>Il noto avvocato specializzato\u00a0<a href=\"https:\/\/twitter.com\/guidoscorza\">Guido Scorza<\/a> mi segnala che manca il decreto attuativo- previsto dal Decreto Crescita 2.0 di ottobre 2012- per le modalit\u00e0 di funzionamento dell\u2019Anagrafe nazionale digitale. Questa sarebbe una delle prime forme di unificazione di tutti nostri dati posseduti dalla PA e quindi alba di un futuro in cui non avremo pi\u00f9 bisogno di passare da un ufficio all\u2019altro per le pratiche.<\/p>\n<p>\u00abStesso destino per il decreto in materia di domicilio informatico, per quello sull\u2019innovazione nel sistema dei trasporti e, soprattutto, per \u201cl\u2019Agenda nazionale che\u00a0 definisce i contenuti e gli obiettivi delle politiche di valorizzazione del patrimonio informativo pubblico\u201d e per il \u201crapporto annuale sullo stato del processo di valorizzazione in Italia\u201d che avrebbero dovuto essere approvati ormai da mesi a norma di quanto previsto all\u2019art. 9\u00bb, nota Scorza.<\/p>\n<p>&nbsp;<\/p>\n<p><a href=\"http:\/\/www.chefuturo.it\/2013\/04\/nel-pantano-dellagenda-digitale-ce-la-faremo-con-il-governo-letta\/\">CONTINUA SU CHE FUTURO<\/a><\/p>\n<p>&nbsp;<\/p>\n<div><div style=\"padding-top:10px;margin-bottom:10px;font-size:10pt;font-family:arial;font-weight:bold;\"><\/div><div class=simplesocial><a href=\"http:\/\/twitter.com\/share\" data-url=\"https:\/\/www.alongo.it\/?p=1456\" data-text=\"Agenda+digitale%2C+stato+dell%26%238217%3Barte+dei+ritardi\" class=\"twitter-share-button\" data-count=\"horizontal\">Tweet<\/a><script type=\"text\/javascript\" src=\"http:\/\/platform.twitter.com\/widgets.js\"><\/script><\/div><div class=simplesocial><iframe src=\"http:\/\/www.facebook.com\/plugins\/like.php?href=https%3A%2F%2Fwww.alongo.it%2F%3Fp%3D1456&layout=standard&show_faces=false&width=450&action=like&colorscheme=light&height=35\" scrolling=\"no\" frameborder=\"0\" style=\"border:none; overflow:hidden; width:450px; height:25px;\" allowTransparency=\"true\"><\/iframe><\/div><div style=\"clear:both\"><\/div><a class=simplesocial onclick=\"return simplesocial(this,500,400)\" title=\"Share on Facebook\" style=\"background:url(http:\/\/www.alongo.it\/wp-content\/plugins\/simple-social-sharing-widgets-icons\/icons_16\/facebook.png)\" href=\"http:\/\/www.facebook.com\/share.php?u=https%3A%2F%2Fwww.alongo.it%2F%3Fp%3D1456&t=Agenda+digitale%2C+stato+dell%26%238217%3Barte+dei+ritardi\"><\/a><a class=simplesocial onclick=\"return simplesocial(this,812,420)\" title=\"Share on Twitter\" style=\"background:url(http:\/\/www.alongo.it\/wp-content\/plugins\/simple-social-sharing-widgets-icons\/icons_16\/twitter.png)\" href=\"http:\/\/twitter.com\/home?status=https%3A%2F%2Fwww.alongo.it%2F%3Fp%3D1456\"><\/a><a class=simplesocial onclick=\"return simplesocial(this,435,500)\" title=\"Email a Friend\" style=\"background:url(http:\/\/www.alongo.it\/wp-content\/plugins\/simple-social-sharing-widgets-icons\/icons_16\/email.png)\" href=\"http:\/\/www.freetellafriend.com\/tell\/?heading=Share+This+Article&bg=1&option=email&url=https%3A%2F%2Fwww.alongo.it%2F%3Fp%3D1456\"><\/a><\/div><div style=\"clear:both;margin-bottom:20px\"><\/div>","protected":false},"excerpt":{"rendered":"<p>Un ente attuatore \u2013 l\u2019Agenzia per l\u2019Italia digitale- che non \u00e8 ancora operativo appieno e una marea di decreti attuativi che avanzano con lentezza e ritardi. \u00c8 questa la situazione dell\u2019Agenda digitale, quel pacchetto di misure che mira a risolvere le lacune italiane su tanti fronti dell\u2019innovazione, dalla banda larga alla scuola alla PA digitale. [&hellip;]<\/p>\n","protected":false},"author":1,"featured_media":0,"comment_status":"open","ping_status":"open","sticky":false,"template":"","format":"standard","meta":{"footnotes":""},"categories":[1],"tags":[70,50],"class_list":["post-1456","post","type-post","status-publish","format-standard","hentry","category-articoli","tag-agenda-digitale","tag-governo"],"yoast_head":"<!-- This site is optimized with the Yoast SEO plugin v27.5 - https:\/\/yoast.com\/product\/yoast-seo-wordpress\/ -->\n<title>Agenda digitale, stato dell&#039;arte dei ritardi - Alessandro Longo<\/title>\n<meta name=\"robots\" content=\"index, follow, max-snippet:-1, max-image-preview:large, max-video-preview:-1\" \/>\n<link rel=\"canonical\" href=\"https:\/\/www.alongo.it\/?p=1456\" \/>\n<meta property=\"og:locale\" content=\"it_IT\" \/>\n<meta property=\"og:type\" content=\"article\" \/>\n<meta property=\"og:title\" content=\"Agenda digitale, stato dell&#039;arte dei ritardi - Alessandro Longo\" \/>\n<meta property=\"og:description\" content=\"Un ente attuatore \u2013 l\u2019Agenzia per l\u2019Italia digitale- che non \u00e8 ancora operativo appieno e una marea di decreti attuativi che avanzano con lentezza e ritardi. \u00c8 questa la situazione dell\u2019Agenda digitale, quel pacchetto di misure che mira a risolvere le lacune italiane su tanti fronti dell\u2019innovazione, dalla banda larga alla scuola alla PA digitale. [&hellip;]\" \/>\n<meta property=\"og:url\" content=\"https:\/\/www.alongo.it\/?p=1456\" \/>\n<meta property=\"og:site_name\" content=\"Alessandro Longo\" \/>\n<meta property=\"article:published_time\" content=\"2013-04-30T21:16:10+00:00\" \/>\n<meta property=\"article:modified_time\" content=\"2013-04-30T21:17:16+00:00\" \/>\n<meta name=\"author\" content=\"alex\" \/>\n<meta name=\"twitter:card\" content=\"summary_large_image\" \/>\n<meta name=\"twitter:label1\" content=\"Scritto da\" \/>\n\t<meta name=\"twitter:data1\" content=\"alex\" \/>\n\t<meta name=\"twitter:label2\" content=\"Tempo di lettura stimato\" \/>\n\t<meta name=\"twitter:data2\" content=\"2 minuti\" \/>\n<script type=\"application\/ld+json\" class=\"yoast-schema-graph\">{\"@context\":\"https:\\\/\\\/schema.org\",\"@graph\":[{\"@type\":\"Article\",\"@id\":\"https:\\\/\\\/www.alongo.it\\\/?p=1456#article\",\"isPartOf\":{\"@id\":\"https:\\\/\\\/www.alongo.it\\\/?p=1456\"},\"author\":{\"name\":\"alex\",\"@id\":\"https:\\\/\\\/www.alongo.it\\\/#\\\/schema\\\/person\\\/eb81a41f49bbca65b55a93a8a3f2a8bd\"},\"headline\":\"Agenda digitale, stato dell&#8217;arte dei ritardi\",\"datePublished\":\"2013-04-30T21:16:10+00:00\",\"dateModified\":\"2013-04-30T21:17:16+00:00\",\"mainEntityOfPage\":{\"@id\":\"https:\\\/\\\/www.alongo.it\\\/?p=1456\"},\"wordCount\":448,\"commentCount\":2,\"publisher\":{\"@id\":\"https:\\\/\\\/www.alongo.it\\\/#\\\/schema\\\/person\\\/eb81a41f49bbca65b55a93a8a3f2a8bd\"},\"keywords\":[\"agenda digitale\",\"governo\"],\"articleSection\":[\"articoli\"],\"inLanguage\":\"it-IT\",\"potentialAction\":[{\"@type\":\"CommentAction\",\"name\":\"Comment\",\"target\":[\"https:\\\/\\\/www.alongo.it\\\/?p=1456#respond\"]}]},{\"@type\":\"WebPage\",\"@id\":\"https:\\\/\\\/www.alongo.it\\\/?p=1456\",\"url\":\"https:\\\/\\\/www.alongo.it\\\/?p=1456\",\"name\":\"Agenda digitale, stato dell'arte dei ritardi - Alessandro Longo\",\"isPartOf\":{\"@id\":\"https:\\\/\\\/www.alongo.it\\\/#website\"},\"datePublished\":\"2013-04-30T21:16:10+00:00\",\"dateModified\":\"2013-04-30T21:17:16+00:00\",\"breadcrumb\":{\"@id\":\"https:\\\/\\\/www.alongo.it\\\/?p=1456#breadcrumb\"},\"inLanguage\":\"it-IT\",\"potentialAction\":[{\"@type\":\"ReadAction\",\"target\":[\"https:\\\/\\\/www.alongo.it\\\/?p=1456\"]}]},{\"@type\":\"BreadcrumbList\",\"@id\":\"https:\\\/\\\/www.alongo.it\\\/?p=1456#breadcrumb\",\"itemListElement\":[{\"@type\":\"ListItem\",\"position\":1,\"name\":\"Home\",\"item\":\"https:\\\/\\\/www.alongo.it\\\/\"},{\"@type\":\"ListItem\",\"position\":2,\"name\":\"Agenda digitale, stato dell&#8217;arte dei ritardi\"}]},{\"@type\":\"WebSite\",\"@id\":\"https:\\\/\\\/www.alongo.it\\\/#website\",\"url\":\"https:\\\/\\\/www.alongo.it\\\/\",\"name\":\"Alessandro Longo\",\"description\":\"Telefonia, hi-tech e giornalismo\",\"publisher\":{\"@id\":\"https:\\\/\\\/www.alongo.it\\\/#\\\/schema\\\/person\\\/eb81a41f49bbca65b55a93a8a3f2a8bd\"},\"potentialAction\":[{\"@type\":\"SearchAction\",\"target\":{\"@type\":\"EntryPoint\",\"urlTemplate\":\"https:\\\/\\\/www.alongo.it\\\/?s={search_term_string}\"},\"query-input\":{\"@type\":\"PropertyValueSpecification\",\"valueRequired\":true,\"valueName\":\"search_term_string\"}}],\"inLanguage\":\"it-IT\"},{\"@type\":[\"Person\",\"Organization\"],\"@id\":\"https:\\\/\\\/www.alongo.it\\\/#\\\/schema\\\/person\\\/eb81a41f49bbca65b55a93a8a3f2a8bd\",\"name\":\"alex\",\"image\":{\"@type\":\"ImageObject\",\"inLanguage\":\"it-IT\",\"@id\":\"https:\\\/\\\/www.alongo.it\\\/wp-content\\\/uploads\\\/2012\\\/10\\\/longo.jpg\",\"url\":\"https:\\\/\\\/www.alongo.it\\\/wp-content\\\/uploads\\\/2012\\\/10\\\/longo.jpg\",\"contentUrl\":\"https:\\\/\\\/www.alongo.it\\\/wp-content\\\/uploads\\\/2012\\\/10\\\/longo.jpg\",\"width\":\"896\",\"height\":\"616\",\"caption\":\"alex\"},\"logo\":{\"@id\":\"https:\\\/\\\/www.alongo.it\\\/wp-content\\\/uploads\\\/2012\\\/10\\\/longo.jpg\"},\"url\":\"https:\\\/\\\/www.alongo.it\\\/?author=1\"}]}<\/script>\n<!-- \/ Yoast SEO plugin. -->","yoast_head_json":{"title":"Agenda digitale, stato dell'arte dei ritardi - Alessandro Longo","robots":{"index":"index","follow":"follow","max-snippet":"max-snippet:-1","max-image-preview":"max-image-preview:large","max-video-preview":"max-video-preview:-1"},"canonical":"https:\/\/www.alongo.it\/?p=1456","og_locale":"it_IT","og_type":"article","og_title":"Agenda digitale, stato dell'arte dei ritardi - Alessandro Longo","og_description":"Un ente attuatore \u2013 l\u2019Agenzia per l\u2019Italia digitale- che non \u00e8 ancora operativo appieno e una marea di decreti attuativi che avanzano con lentezza e ritardi. \u00c8 questa la situazione dell\u2019Agenda digitale, quel pacchetto di misure che mira a risolvere le lacune italiane su tanti fronti dell\u2019innovazione, dalla banda larga alla scuola alla PA digitale. [&hellip;]","og_url":"https:\/\/www.alongo.it\/?p=1456","og_site_name":"Alessandro Longo","article_published_time":"2013-04-30T21:16:10+00:00","article_modified_time":"2013-04-30T21:17:16+00:00","author":"alex","twitter_card":"summary_large_image","twitter_misc":{"Scritto da":"alex","Tempo di lettura stimato":"2 minuti"},"schema":{"@context":"https:\/\/schema.org","@graph":[{"@type":"Article","@id":"https:\/\/www.alongo.it\/?p=1456#article","isPartOf":{"@id":"https:\/\/www.alongo.it\/?p=1456"},"author":{"name":"alex","@id":"https:\/\/www.alongo.it\/#\/schema\/person\/eb81a41f49bbca65b55a93a8a3f2a8bd"},"headline":"Agenda digitale, stato dell&#8217;arte dei ritardi","datePublished":"2013-04-30T21:16:10+00:00","dateModified":"2013-04-30T21:17:16+00:00","mainEntityOfPage":{"@id":"https:\/\/www.alongo.it\/?p=1456"},"wordCount":448,"commentCount":2,"publisher":{"@id":"https:\/\/www.alongo.it\/#\/schema\/person\/eb81a41f49bbca65b55a93a8a3f2a8bd"},"keywords":["agenda digitale","governo"],"articleSection":["articoli"],"inLanguage":"it-IT","potentialAction":[{"@type":"CommentAction","name":"Comment","target":["https:\/\/www.alongo.it\/?p=1456#respond"]}]},{"@type":"WebPage","@id":"https:\/\/www.alongo.it\/?p=1456","url":"https:\/\/www.alongo.it\/?p=1456","name":"Agenda digitale, stato dell'arte dei ritardi - Alessandro Longo","isPartOf":{"@id":"https:\/\/www.alongo.it\/#website"},"datePublished":"2013-04-30T21:16:10+00:00","dateModified":"2013-04-30T21:17:16+00:00","breadcrumb":{"@id":"https:\/\/www.alongo.it\/?p=1456#breadcrumb"},"inLanguage":"it-IT","potentialAction":[{"@type":"ReadAction","target":["https:\/\/www.alongo.it\/?p=1456"]}]},{"@type":"BreadcrumbList","@id":"https:\/\/www.alongo.it\/?p=1456#breadcrumb","itemListElement":[{"@type":"ListItem","position":1,"name":"Home","item":"https:\/\/www.alongo.it\/"},{"@type":"ListItem","position":2,"name":"Agenda digitale, stato dell&#8217;arte dei ritardi"}]},{"@type":"WebSite","@id":"https:\/\/www.alongo.it\/#website","url":"https:\/\/www.alongo.it\/","name":"Alessandro Longo","description":"Telefonia, hi-tech e giornalismo","publisher":{"@id":"https:\/\/www.alongo.it\/#\/schema\/person\/eb81a41f49bbca65b55a93a8a3f2a8bd"},"potentialAction":[{"@type":"SearchAction","target":{"@type":"EntryPoint","urlTemplate":"https:\/\/www.alongo.it\/?s={search_term_string}"},"query-input":{"@type":"PropertyValueSpecification","valueRequired":true,"valueName":"search_term_string"}}],"inLanguage":"it-IT"},{"@type":["Person","Organization"],"@id":"https:\/\/www.alongo.it\/#\/schema\/person\/eb81a41f49bbca65b55a93a8a3f2a8bd","name":"alex","image":{"@type":"ImageObject","inLanguage":"it-IT","@id":"https:\/\/www.alongo.it\/wp-content\/uploads\/2012\/10\/longo.jpg","url":"https:\/\/www.alongo.it\/wp-content\/uploads\/2012\/10\/longo.jpg","contentUrl":"https:\/\/www.alongo.it\/wp-content\/uploads\/2012\/10\/longo.jpg","width":"896","height":"616","caption":"alex"},"logo":{"@id":"https:\/\/www.alongo.it\/wp-content\/uploads\/2012\/10\/longo.jpg"},"url":"https:\/\/www.alongo.it\/?author=1"}]}},"_links":{"self":[{"href":"https:\/\/www.alongo.it\/index.php?rest_route=\/wp\/v2\/posts\/1456","targetHints":{"allow":["GET"]}}],"collection":[{"href":"https:\/\/www.alongo.it\/index.php?rest_route=\/wp\/v2\/posts"}],"about":[{"href":"https:\/\/www.alongo.it\/index.php?rest_route=\/wp\/v2\/types\/post"}],"author":[{"embeddable":true,"href":"https:\/\/www.alongo.it\/index.php?rest_route=\/wp\/v2\/users\/1"}],"replies":[{"embeddable":true,"href":"https:\/\/www.alongo.it\/index.php?rest_route=%2Fwp%2Fv2%2Fcomments&post=1456"}],"version-history":[{"count":3,"href":"https:\/\/www.alongo.it\/index.php?rest_route=\/wp\/v2\/posts\/1456\/revisions"}],"predecessor-version":[{"id":1458,"href":"https:\/\/www.alongo.it\/index.php?rest_route=\/wp\/v2\/posts\/1456\/revisions\/1458"}],"wp:attachment":[{"href":"https:\/\/www.alongo.it\/index.php?rest_route=%2Fwp%2Fv2%2Fmedia&parent=1456"}],"wp:term":[{"taxonomy":"category","embeddable":true,"href":"https:\/\/www.alongo.it\/index.php?rest_route=%2Fwp%2Fv2%2Fcategories&post=1456"},{"taxonomy":"post_tag","embeddable":true,"href":"https:\/\/www.alongo.it\/index.php?rest_route=%2Fwp%2Fv2%2Ftags&post=1456"}],"curies":[{"name":"wp","href":"https:\/\/api.w.org\/{rel}","templated":true}]}}