{"id":1422,"date":"2012-11-19T23:00:47","date_gmt":"2012-11-19T22:00:47","guid":{"rendered":"http:\/\/www.alongo.it\/?p=1422"},"modified":"2012-11-19T23:00:47","modified_gmt":"2012-11-19T22:00:47","slug":"la-via-tecnologica-alla-partecipazione-politica","status":"publish","type":"post","link":"https:\/\/www.alongo.it\/?p=1422","title":{"rendered":"La via tecnologica alla partecipazione politica"},"content":{"rendered":"<p>Pu\u00f2 la tecnologia (internet e non solo) favorire il ritorno a una partecipazione diffusa alla cosa pubblica e quindi una cura dei mali della democrazia? E\u2019 il grande quesito che arrovella molti esperti di politiche digitali e in Italia comincia ad avere esiti non solo nel dibattito ma anche nell\u2019agenda di governo (si vedano le\u00a0<a href=\"http:\/\/www.agendadigitale.eu\/egov\/57_la-giungla-degli-open-data-alla-ricerca-di-uno-standard.htm\">norme open data nel decreto Crescita 2.0 e nei piani di alcune PA locali)<\/a>.<\/p>\n<p>A proposito c\u2019\u00e8 un interessantissimo articolo sull\u2019Espresso in edicola, a firma di Giuseppe Granieri, guru e saggista. Esprime le due facce della medaglia: internet , gli open data, aprono nuove opportunit\u00e0 per la partecipazione collettiva, ma non \u00e8 detto che poi questa avvenga e, per di pi\u00f9, che avvenga in modo efficace e duratura.<\/p>\n<p>Ci sono gi\u00e0 tanti esempi positivi e negativi, negli Usa e Scandinavia perlopi\u00f9, che trovate nell\u2019articolo e in altri a corredo di quelle pagine (anche dell\u2019ottimo Fabio Chiusi).<\/p>\n<p>Il mio contributo al dibattito \u00e8 uno schema riassuntivo,<a href=\"http:\/\/longo.blogautore.espresso.repubblica.it\/2012\/11\/19\/la-via-tecnologica-verso-la-partecipazione-pubblica\/\"> qui sul blog dell&#8217;espresso.<\/a><\/p>\n<p>&nbsp;<\/p>\n<div><div style=\"padding-top:10px;margin-bottom:10px;font-size:10pt;font-family:arial;font-weight:bold;\"><\/div><div class=simplesocial><a href=\"http:\/\/twitter.com\/share\" data-url=\"https:\/\/www.alongo.it\/?p=1422\" data-text=\"La+via+tecnologica+alla+partecipazione+politica\" class=\"twitter-share-button\" data-count=\"horizontal\">Tweet<\/a><script type=\"text\/javascript\" src=\"http:\/\/platform.twitter.com\/widgets.js\"><\/script><\/div><div class=simplesocial><iframe src=\"http:\/\/www.facebook.com\/plugins\/like.php?href=https%3A%2F%2Fwww.alongo.it%2F%3Fp%3D1422&layout=standard&show_faces=false&width=450&action=like&colorscheme=light&height=35\" scrolling=\"no\" frameborder=\"0\" style=\"border:none; overflow:hidden; width:450px; height:25px;\" allowTransparency=\"true\"><\/iframe><\/div><div style=\"clear:both\"><\/div><a class=simplesocial onclick=\"return simplesocial(this,500,400)\" title=\"Share on Facebook\" style=\"background:url(http:\/\/www.alongo.it\/wp-content\/plugins\/simple-social-sharing-widgets-icons\/icons_16\/facebook.png)\" href=\"http:\/\/www.facebook.com\/share.php?u=https%3A%2F%2Fwww.alongo.it%2F%3Fp%3D1422&t=La+via+tecnologica+alla+partecipazione+politica\"><\/a><a class=simplesocial onclick=\"return simplesocial(this,812,420)\" title=\"Share on Twitter\" style=\"background:url(http:\/\/www.alongo.it\/wp-content\/plugins\/simple-social-sharing-widgets-icons\/icons_16\/twitter.png)\" href=\"http:\/\/twitter.com\/home?status=https%3A%2F%2Fwww.alongo.it%2F%3Fp%3D1422\"><\/a><a class=simplesocial onclick=\"return simplesocial(this,435,500)\" title=\"Email a Friend\" style=\"background:url(http:\/\/www.alongo.it\/wp-content\/plugins\/simple-social-sharing-widgets-icons\/icons_16\/email.png)\" href=\"http:\/\/www.freetellafriend.com\/tell\/?heading=Share+This+Article&bg=1&option=email&url=https%3A%2F%2Fwww.alongo.it%2F%3Fp%3D1422\"><\/a><\/div><div style=\"clear:both;margin-bottom:20px\"><\/div>","protected":false},"excerpt":{"rendered":"<p>Pu\u00f2 la tecnologia (internet e non solo) favorire il ritorno a una partecipazione diffusa alla cosa pubblica e quindi una cura dei mali della democrazia? E\u2019 il grande quesito che arrovella molti esperti di politiche digitali e in Italia comincia ad avere esiti non solo nel dibattito ma anche nell\u2019agenda di governo (si vedano le\u00a0norme [&hellip;]<\/p>\n","protected":false},"author":1,"featured_media":0,"comment_status":"open","ping_status":"open","sticky":false,"template":"","format":"standard","meta":{"footnotes":""},"categories":[1],"tags":[42],"class_list":["post-1422","post","type-post","status-publish","format-standard","hentry","category-articoli","tag-politica"],"yoast_head":"<!-- This site is optimized with the Yoast SEO plugin v27.5 - https:\/\/yoast.com\/product\/yoast-seo-wordpress\/ -->\n<title>La via tecnologica alla partecipazione politica - Alessandro Longo<\/title>\n<meta name=\"robots\" content=\"index, follow, max-snippet:-1, max-image-preview:large, max-video-preview:-1\" \/>\n<link rel=\"canonical\" href=\"https:\/\/www.alongo.it\/?p=1422\" \/>\n<meta property=\"og:locale\" content=\"it_IT\" \/>\n<meta property=\"og:type\" content=\"article\" \/>\n<meta property=\"og:title\" content=\"La via tecnologica alla partecipazione politica - Alessandro Longo\" \/>\n<meta property=\"og:description\" content=\"Pu\u00f2 la tecnologia (internet e non solo) favorire il ritorno a una partecipazione diffusa alla cosa pubblica e quindi una cura dei mali della democrazia? E\u2019 il grande quesito che arrovella molti esperti di politiche digitali e in Italia comincia ad avere esiti non solo nel dibattito ma anche nell\u2019agenda di governo (si vedano le\u00a0norme [&hellip;]\" \/>\n<meta property=\"og:url\" content=\"https:\/\/www.alongo.it\/?p=1422\" \/>\n<meta property=\"og:site_name\" content=\"Alessandro Longo\" \/>\n<meta property=\"article:published_time\" content=\"2012-11-19T22:00:47+00:00\" \/>\n<meta name=\"author\" content=\"alex\" \/>\n<meta name=\"twitter:card\" content=\"summary_large_image\" \/>\n<meta name=\"twitter:label1\" content=\"Scritto da\" \/>\n\t<meta name=\"twitter:data1\" content=\"alex\" \/>\n\t<meta name=\"twitter:label2\" content=\"Tempo di lettura stimato\" \/>\n\t<meta name=\"twitter:data2\" content=\"1 minuto\" \/>\n<script type=\"application\/ld+json\" class=\"yoast-schema-graph\">{\"@context\":\"https:\\\/\\\/schema.org\",\"@graph\":[{\"@type\":\"Article\",\"@id\":\"https:\\\/\\\/www.alongo.it\\\/?p=1422#article\",\"isPartOf\":{\"@id\":\"https:\\\/\\\/www.alongo.it\\\/?p=1422\"},\"author\":{\"name\":\"alex\",\"@id\":\"https:\\\/\\\/www.alongo.it\\\/#\\\/schema\\\/person\\\/eb81a41f49bbca65b55a93a8a3f2a8bd\"},\"headline\":\"La via tecnologica alla partecipazione politica\",\"datePublished\":\"2012-11-19T22:00:47+00:00\",\"mainEntityOfPage\":{\"@id\":\"https:\\\/\\\/www.alongo.it\\\/?p=1422\"},\"wordCount\":171,\"commentCount\":0,\"publisher\":{\"@id\":\"https:\\\/\\\/www.alongo.it\\\/#\\\/schema\\\/person\\\/eb81a41f49bbca65b55a93a8a3f2a8bd\"},\"keywords\":[\"politica\"],\"articleSection\":[\"articoli\"],\"inLanguage\":\"it-IT\",\"potentialAction\":[{\"@type\":\"CommentAction\",\"name\":\"Comment\",\"target\":[\"https:\\\/\\\/www.alongo.it\\\/?p=1422#respond\"]}]},{\"@type\":\"WebPage\",\"@id\":\"https:\\\/\\\/www.alongo.it\\\/?p=1422\",\"url\":\"https:\\\/\\\/www.alongo.it\\\/?p=1422\",\"name\":\"La via tecnologica alla partecipazione politica - Alessandro Longo\",\"isPartOf\":{\"@id\":\"https:\\\/\\\/www.alongo.it\\\/#website\"},\"datePublished\":\"2012-11-19T22:00:47+00:00\",\"breadcrumb\":{\"@id\":\"https:\\\/\\\/www.alongo.it\\\/?p=1422#breadcrumb\"},\"inLanguage\":\"it-IT\",\"potentialAction\":[{\"@type\":\"ReadAction\",\"target\":[\"https:\\\/\\\/www.alongo.it\\\/?p=1422\"]}]},{\"@type\":\"BreadcrumbList\",\"@id\":\"https:\\\/\\\/www.alongo.it\\\/?p=1422#breadcrumb\",\"itemListElement\":[{\"@type\":\"ListItem\",\"position\":1,\"name\":\"Home\",\"item\":\"https:\\\/\\\/www.alongo.it\\\/\"},{\"@type\":\"ListItem\",\"position\":2,\"name\":\"La via tecnologica alla partecipazione politica\"}]},{\"@type\":\"WebSite\",\"@id\":\"https:\\\/\\\/www.alongo.it\\\/#website\",\"url\":\"https:\\\/\\\/www.alongo.it\\\/\",\"name\":\"Alessandro Longo\",\"description\":\"Telefonia, hi-tech e giornalismo\",\"publisher\":{\"@id\":\"https:\\\/\\\/www.alongo.it\\\/#\\\/schema\\\/person\\\/eb81a41f49bbca65b55a93a8a3f2a8bd\"},\"potentialAction\":[{\"@type\":\"SearchAction\",\"target\":{\"@type\":\"EntryPoint\",\"urlTemplate\":\"https:\\\/\\\/www.alongo.it\\\/?s={search_term_string}\"},\"query-input\":{\"@type\":\"PropertyValueSpecification\",\"valueRequired\":true,\"valueName\":\"search_term_string\"}}],\"inLanguage\":\"it-IT\"},{\"@type\":[\"Person\",\"Organization\"],\"@id\":\"https:\\\/\\\/www.alongo.it\\\/#\\\/schema\\\/person\\\/eb81a41f49bbca65b55a93a8a3f2a8bd\",\"name\":\"alex\",\"image\":{\"@type\":\"ImageObject\",\"inLanguage\":\"it-IT\",\"@id\":\"https:\\\/\\\/www.alongo.it\\\/wp-content\\\/uploads\\\/2012\\\/10\\\/longo.jpg\",\"url\":\"https:\\\/\\\/www.alongo.it\\\/wp-content\\\/uploads\\\/2012\\\/10\\\/longo.jpg\",\"contentUrl\":\"https:\\\/\\\/www.alongo.it\\\/wp-content\\\/uploads\\\/2012\\\/10\\\/longo.jpg\",\"width\":\"896\",\"height\":\"616\",\"caption\":\"alex\"},\"logo\":{\"@id\":\"https:\\\/\\\/www.alongo.it\\\/wp-content\\\/uploads\\\/2012\\\/10\\\/longo.jpg\"},\"url\":\"https:\\\/\\\/www.alongo.it\\\/?author=1\"}]}<\/script>\n<!-- \/ Yoast SEO plugin. -->","yoast_head_json":{"title":"La via tecnologica alla partecipazione politica - Alessandro Longo","robots":{"index":"index","follow":"follow","max-snippet":"max-snippet:-1","max-image-preview":"max-image-preview:large","max-video-preview":"max-video-preview:-1"},"canonical":"https:\/\/www.alongo.it\/?p=1422","og_locale":"it_IT","og_type":"article","og_title":"La via tecnologica alla partecipazione politica - Alessandro Longo","og_description":"Pu\u00f2 la tecnologia (internet e non solo) favorire il ritorno a una partecipazione diffusa alla cosa pubblica e quindi una cura dei mali della democrazia? E\u2019 il grande quesito che arrovella molti esperti di politiche digitali e in Italia comincia ad avere esiti non solo nel dibattito ma anche nell\u2019agenda di governo (si vedano le\u00a0norme [&hellip;]","og_url":"https:\/\/www.alongo.it\/?p=1422","og_site_name":"Alessandro Longo","article_published_time":"2012-11-19T22:00:47+00:00","author":"alex","twitter_card":"summary_large_image","twitter_misc":{"Scritto da":"alex","Tempo di lettura stimato":"1 minuto"},"schema":{"@context":"https:\/\/schema.org","@graph":[{"@type":"Article","@id":"https:\/\/www.alongo.it\/?p=1422#article","isPartOf":{"@id":"https:\/\/www.alongo.it\/?p=1422"},"author":{"name":"alex","@id":"https:\/\/www.alongo.it\/#\/schema\/person\/eb81a41f49bbca65b55a93a8a3f2a8bd"},"headline":"La via tecnologica alla partecipazione politica","datePublished":"2012-11-19T22:00:47+00:00","mainEntityOfPage":{"@id":"https:\/\/www.alongo.it\/?p=1422"},"wordCount":171,"commentCount":0,"publisher":{"@id":"https:\/\/www.alongo.it\/#\/schema\/person\/eb81a41f49bbca65b55a93a8a3f2a8bd"},"keywords":["politica"],"articleSection":["articoli"],"inLanguage":"it-IT","potentialAction":[{"@type":"CommentAction","name":"Comment","target":["https:\/\/www.alongo.it\/?p=1422#respond"]}]},{"@type":"WebPage","@id":"https:\/\/www.alongo.it\/?p=1422","url":"https:\/\/www.alongo.it\/?p=1422","name":"La via tecnologica alla partecipazione politica - Alessandro Longo","isPartOf":{"@id":"https:\/\/www.alongo.it\/#website"},"datePublished":"2012-11-19T22:00:47+00:00","breadcrumb":{"@id":"https:\/\/www.alongo.it\/?p=1422#breadcrumb"},"inLanguage":"it-IT","potentialAction":[{"@type":"ReadAction","target":["https:\/\/www.alongo.it\/?p=1422"]}]},{"@type":"BreadcrumbList","@id":"https:\/\/www.alongo.it\/?p=1422#breadcrumb","itemListElement":[{"@type":"ListItem","position":1,"name":"Home","item":"https:\/\/www.alongo.it\/"},{"@type":"ListItem","position":2,"name":"La via tecnologica alla partecipazione politica"}]},{"@type":"WebSite","@id":"https:\/\/www.alongo.it\/#website","url":"https:\/\/www.alongo.it\/","name":"Alessandro Longo","description":"Telefonia, hi-tech e giornalismo","publisher":{"@id":"https:\/\/www.alongo.it\/#\/schema\/person\/eb81a41f49bbca65b55a93a8a3f2a8bd"},"potentialAction":[{"@type":"SearchAction","target":{"@type":"EntryPoint","urlTemplate":"https:\/\/www.alongo.it\/?s={search_term_string}"},"query-input":{"@type":"PropertyValueSpecification","valueRequired":true,"valueName":"search_term_string"}}],"inLanguage":"it-IT"},{"@type":["Person","Organization"],"@id":"https:\/\/www.alongo.it\/#\/schema\/person\/eb81a41f49bbca65b55a93a8a3f2a8bd","name":"alex","image":{"@type":"ImageObject","inLanguage":"it-IT","@id":"https:\/\/www.alongo.it\/wp-content\/uploads\/2012\/10\/longo.jpg","url":"https:\/\/www.alongo.it\/wp-content\/uploads\/2012\/10\/longo.jpg","contentUrl":"https:\/\/www.alongo.it\/wp-content\/uploads\/2012\/10\/longo.jpg","width":"896","height":"616","caption":"alex"},"logo":{"@id":"https:\/\/www.alongo.it\/wp-content\/uploads\/2012\/10\/longo.jpg"},"url":"https:\/\/www.alongo.it\/?author=1"}]}},"_links":{"self":[{"href":"https:\/\/www.alongo.it\/index.php?rest_route=\/wp\/v2\/posts\/1422","targetHints":{"allow":["GET"]}}],"collection":[{"href":"https:\/\/www.alongo.it\/index.php?rest_route=\/wp\/v2\/posts"}],"about":[{"href":"https:\/\/www.alongo.it\/index.php?rest_route=\/wp\/v2\/types\/post"}],"author":[{"embeddable":true,"href":"https:\/\/www.alongo.it\/index.php?rest_route=\/wp\/v2\/users\/1"}],"replies":[{"embeddable":true,"href":"https:\/\/www.alongo.it\/index.php?rest_route=%2Fwp%2Fv2%2Fcomments&post=1422"}],"version-history":[{"count":1,"href":"https:\/\/www.alongo.it\/index.php?rest_route=\/wp\/v2\/posts\/1422\/revisions"}],"predecessor-version":[{"id":1423,"href":"https:\/\/www.alongo.it\/index.php?rest_route=\/wp\/v2\/posts\/1422\/revisions\/1423"}],"wp:attachment":[{"href":"https:\/\/www.alongo.it\/index.php?rest_route=%2Fwp%2Fv2%2Fmedia&parent=1422"}],"wp:term":[{"taxonomy":"category","embeddable":true,"href":"https:\/\/www.alongo.it\/index.php?rest_route=%2Fwp%2Fv2%2Fcategories&post=1422"},{"taxonomy":"post_tag","embeddable":true,"href":"https:\/\/www.alongo.it\/index.php?rest_route=%2Fwp%2Fv2%2Ftags&post=1422"}],"curies":[{"name":"wp","href":"https:\/\/api.w.org\/{rel}","templated":true}]}}