{"id":1233,"date":"2012-01-23T22:40:33","date_gmt":"2012-01-23T21:40:33","guid":{"rendered":"http:\/\/www.alongo.it\/?p=1233"},"modified":"2012-01-23T22:40:33","modified_gmt":"2012-01-23T21:40:33","slug":"a-marzo-lagenda-digitale-italiana","status":"publish","type":"post","link":"https:\/\/www.alongo.it\/?p=1233","title":{"rendered":"A marzo l&#8217;agenda digitale italiana"},"content":{"rendered":"<p>A marzo, massimo aprile, debutter\u00e0 l&#8217;agenda digitale italiana. E&#8217; quanto  si legge nella bozza del pacchetto Semplificazioni: il governo adotter\u00e0  entro 60 giorni alcune misure per l&#8217;innovazione in Italia.  Dirompente mi sembra una misura, in particolare: le comunicazioni e le  trasmissioni tra i Comuni di atti e di documenti saranno fatte  \u201cesclusivamente in modalit\u00e0 telematica&#8221;. <a href=\"http:\/\/www.corrierecomunicazioni.it\/news\/86214\/il_governo_accelera_due_mesi_per_fare_lagenda_digitale\">Molte altre cose sono piuttosto generiche.<\/a><\/p>\n<p>Dal canto nostro, concordiamo con Confidustria su un punto: adottiamo  subito misure nemmeno rivoluzionarie e a costo zero, come per esempio  imporre a privati e aziende di non far pagare, al pubblico, i canali  digitali pi\u00f9 di quelli analogici per le stesse pratiche e servizi. I  bollettini postali costano di pi\u00f9 via internet, perch\u00e9? Dovrebbe essere  il contrario. E qui ci metto anche cose banalissime ma devastanti <a href=\"http:\/\/www.thespacecinema.it\/\" target=\"_blank\">come i cinema<\/a> che fanno pagare un sovrapprezzo per la prenotazione via internet.<\/p>\n<div><div style=\"padding-top:10px;margin-bottom:10px;font-size:10pt;font-family:arial;font-weight:bold;\"><\/div><div class=simplesocial><a href=\"http:\/\/twitter.com\/share\" data-url=\"https:\/\/www.alongo.it\/?p=1233\" data-text=\"A+marzo+l%26%238217%3Bagenda+digitale+italiana\" class=\"twitter-share-button\" data-count=\"horizontal\">Tweet<\/a><script type=\"text\/javascript\" src=\"http:\/\/platform.twitter.com\/widgets.js\"><\/script><\/div><div class=simplesocial><iframe src=\"http:\/\/www.facebook.com\/plugins\/like.php?href=https%3A%2F%2Fwww.alongo.it%2F%3Fp%3D1233&layout=standard&show_faces=false&width=450&action=like&colorscheme=light&height=35\" scrolling=\"no\" frameborder=\"0\" style=\"border:none; overflow:hidden; width:450px; height:25px;\" allowTransparency=\"true\"><\/iframe><\/div><div style=\"clear:both\"><\/div><a class=simplesocial onclick=\"return simplesocial(this,500,400)\" title=\"Share on Facebook\" style=\"background:url(http:\/\/www.alongo.it\/wp-content\/plugins\/simple-social-sharing-widgets-icons\/icons_16\/facebook.png)\" href=\"http:\/\/www.facebook.com\/share.php?u=https%3A%2F%2Fwww.alongo.it%2F%3Fp%3D1233&t=A+marzo+l%26%238217%3Bagenda+digitale+italiana\"><\/a><a class=simplesocial onclick=\"return simplesocial(this,812,420)\" title=\"Share on Twitter\" style=\"background:url(http:\/\/www.alongo.it\/wp-content\/plugins\/simple-social-sharing-widgets-icons\/icons_16\/twitter.png)\" href=\"http:\/\/twitter.com\/home?status=https%3A%2F%2Fwww.alongo.it%2F%3Fp%3D1233\"><\/a><a class=simplesocial onclick=\"return simplesocial(this,435,500)\" title=\"Email a Friend\" style=\"background:url(http:\/\/www.alongo.it\/wp-content\/plugins\/simple-social-sharing-widgets-icons\/icons_16\/email.png)\" href=\"http:\/\/www.freetellafriend.com\/tell\/?heading=Share+This+Article&bg=1&option=email&url=https%3A%2F%2Fwww.alongo.it%2F%3Fp%3D1233\"><\/a><\/div><div style=\"clear:both;margin-bottom:20px\"><\/div>","protected":false},"excerpt":{"rendered":"<p>A marzo, massimo aprile, debutter\u00e0 l&#8217;agenda digitale italiana. E&#8217; quanto si legge nella bozza del pacchetto Semplificazioni: il governo adotter\u00e0 entro 60 giorni alcune misure per l&#8217;innovazione in Italia. Dirompente mi sembra una misura, in particolare: le comunicazioni e le trasmissioni tra i Comuni di atti e di documenti saranno fatte \u201cesclusivamente in modalit\u00e0 telematica&#8221;. [&hellip;]<\/p>\n","protected":false},"author":1,"featured_media":0,"comment_status":"open","ping_status":"open","sticky":false,"template":"","format":"standard","meta":{"footnotes":""},"categories":[1],"tags":[70,42],"class_list":["post-1233","post","type-post","status-publish","format-standard","hentry","category-articoli","tag-agenda-digitale","tag-politica"],"yoast_head":"<!-- This site is optimized with the Yoast SEO plugin v27.5 - https:\/\/yoast.com\/product\/yoast-seo-wordpress\/ -->\n<title>A marzo l&#039;agenda digitale italiana - Alessandro Longo<\/title>\n<meta name=\"robots\" content=\"index, follow, max-snippet:-1, max-image-preview:large, max-video-preview:-1\" \/>\n<link rel=\"canonical\" href=\"https:\/\/www.alongo.it\/?p=1233\" \/>\n<meta property=\"og:locale\" content=\"it_IT\" \/>\n<meta property=\"og:type\" content=\"article\" \/>\n<meta property=\"og:title\" content=\"A marzo l&#039;agenda digitale italiana - Alessandro Longo\" \/>\n<meta property=\"og:description\" content=\"A marzo, massimo aprile, debutter\u00e0 l&#8217;agenda digitale italiana. E&#8217; quanto si legge nella bozza del pacchetto Semplificazioni: il governo adotter\u00e0 entro 60 giorni alcune misure per l&#8217;innovazione in Italia. Dirompente mi sembra una misura, in particolare: le comunicazioni e le trasmissioni tra i Comuni di atti e di documenti saranno fatte \u201cesclusivamente in modalit\u00e0 telematica&#8221;. [&hellip;]\" \/>\n<meta property=\"og:url\" content=\"https:\/\/www.alongo.it\/?p=1233\" \/>\n<meta property=\"og:site_name\" content=\"Alessandro Longo\" \/>\n<meta property=\"article:published_time\" content=\"2012-01-23T21:40:33+00:00\" \/>\n<meta name=\"author\" content=\"alex\" \/>\n<meta name=\"twitter:card\" content=\"summary_large_image\" \/>\n<meta name=\"twitter:label1\" content=\"Scritto da\" \/>\n\t<meta name=\"twitter:data1\" content=\"alex\" \/>\n\t<meta name=\"twitter:label2\" content=\"Tempo di lettura stimato\" \/>\n\t<meta name=\"twitter:data2\" content=\"1 minuto\" \/>\n<script type=\"application\/ld+json\" class=\"yoast-schema-graph\">{\"@context\":\"https:\\\/\\\/schema.org\",\"@graph\":[{\"@type\":\"Article\",\"@id\":\"https:\\\/\\\/www.alongo.it\\\/?p=1233#article\",\"isPartOf\":{\"@id\":\"https:\\\/\\\/www.alongo.it\\\/?p=1233\"},\"author\":{\"name\":\"alex\",\"@id\":\"https:\\\/\\\/www.alongo.it\\\/#\\\/schema\\\/person\\\/eb81a41f49bbca65b55a93a8a3f2a8bd\"},\"headline\":\"A marzo l&#8217;agenda digitale italiana\",\"datePublished\":\"2012-01-23T21:40:33+00:00\",\"mainEntityOfPage\":{\"@id\":\"https:\\\/\\\/www.alongo.it\\\/?p=1233\"},\"wordCount\":145,\"commentCount\":1,\"publisher\":{\"@id\":\"https:\\\/\\\/www.alongo.it\\\/#\\\/schema\\\/person\\\/eb81a41f49bbca65b55a93a8a3f2a8bd\"},\"keywords\":[\"agenda digitale\",\"politica\"],\"articleSection\":[\"articoli\"],\"inLanguage\":\"it-IT\",\"potentialAction\":[{\"@type\":\"CommentAction\",\"name\":\"Comment\",\"target\":[\"https:\\\/\\\/www.alongo.it\\\/?p=1233#respond\"]}]},{\"@type\":\"WebPage\",\"@id\":\"https:\\\/\\\/www.alongo.it\\\/?p=1233\",\"url\":\"https:\\\/\\\/www.alongo.it\\\/?p=1233\",\"name\":\"A marzo l'agenda digitale italiana - Alessandro Longo\",\"isPartOf\":{\"@id\":\"https:\\\/\\\/www.alongo.it\\\/#website\"},\"datePublished\":\"2012-01-23T21:40:33+00:00\",\"breadcrumb\":{\"@id\":\"https:\\\/\\\/www.alongo.it\\\/?p=1233#breadcrumb\"},\"inLanguage\":\"it-IT\",\"potentialAction\":[{\"@type\":\"ReadAction\",\"target\":[\"https:\\\/\\\/www.alongo.it\\\/?p=1233\"]}]},{\"@type\":\"BreadcrumbList\",\"@id\":\"https:\\\/\\\/www.alongo.it\\\/?p=1233#breadcrumb\",\"itemListElement\":[{\"@type\":\"ListItem\",\"position\":1,\"name\":\"Home\",\"item\":\"https:\\\/\\\/www.alongo.it\\\/\"},{\"@type\":\"ListItem\",\"position\":2,\"name\":\"A marzo l&#8217;agenda digitale italiana\"}]},{\"@type\":\"WebSite\",\"@id\":\"https:\\\/\\\/www.alongo.it\\\/#website\",\"url\":\"https:\\\/\\\/www.alongo.it\\\/\",\"name\":\"Alessandro Longo\",\"description\":\"Telefonia, hi-tech e giornalismo\",\"publisher\":{\"@id\":\"https:\\\/\\\/www.alongo.it\\\/#\\\/schema\\\/person\\\/eb81a41f49bbca65b55a93a8a3f2a8bd\"},\"potentialAction\":[{\"@type\":\"SearchAction\",\"target\":{\"@type\":\"EntryPoint\",\"urlTemplate\":\"https:\\\/\\\/www.alongo.it\\\/?s={search_term_string}\"},\"query-input\":{\"@type\":\"PropertyValueSpecification\",\"valueRequired\":true,\"valueName\":\"search_term_string\"}}],\"inLanguage\":\"it-IT\"},{\"@type\":[\"Person\",\"Organization\"],\"@id\":\"https:\\\/\\\/www.alongo.it\\\/#\\\/schema\\\/person\\\/eb81a41f49bbca65b55a93a8a3f2a8bd\",\"name\":\"alex\",\"image\":{\"@type\":\"ImageObject\",\"inLanguage\":\"it-IT\",\"@id\":\"https:\\\/\\\/www.alongo.it\\\/wp-content\\\/uploads\\\/2012\\\/10\\\/longo.jpg\",\"url\":\"https:\\\/\\\/www.alongo.it\\\/wp-content\\\/uploads\\\/2012\\\/10\\\/longo.jpg\",\"contentUrl\":\"https:\\\/\\\/www.alongo.it\\\/wp-content\\\/uploads\\\/2012\\\/10\\\/longo.jpg\",\"width\":\"896\",\"height\":\"616\",\"caption\":\"alex\"},\"logo\":{\"@id\":\"https:\\\/\\\/www.alongo.it\\\/wp-content\\\/uploads\\\/2012\\\/10\\\/longo.jpg\"},\"url\":\"https:\\\/\\\/www.alongo.it\\\/?author=1\"}]}<\/script>\n<!-- \/ Yoast SEO plugin. -->","yoast_head_json":{"title":"A marzo l'agenda digitale italiana - Alessandro Longo","robots":{"index":"index","follow":"follow","max-snippet":"max-snippet:-1","max-image-preview":"max-image-preview:large","max-video-preview":"max-video-preview:-1"},"canonical":"https:\/\/www.alongo.it\/?p=1233","og_locale":"it_IT","og_type":"article","og_title":"A marzo l'agenda digitale italiana - Alessandro Longo","og_description":"A marzo, massimo aprile, debutter\u00e0 l&#8217;agenda digitale italiana. E&#8217; quanto si legge nella bozza del pacchetto Semplificazioni: il governo adotter\u00e0 entro 60 giorni alcune misure per l&#8217;innovazione in Italia. Dirompente mi sembra una misura, in particolare: le comunicazioni e le trasmissioni tra i Comuni di atti e di documenti saranno fatte \u201cesclusivamente in modalit\u00e0 telematica&#8221;. [&hellip;]","og_url":"https:\/\/www.alongo.it\/?p=1233","og_site_name":"Alessandro Longo","article_published_time":"2012-01-23T21:40:33+00:00","author":"alex","twitter_card":"summary_large_image","twitter_misc":{"Scritto da":"alex","Tempo di lettura stimato":"1 minuto"},"schema":{"@context":"https:\/\/schema.org","@graph":[{"@type":"Article","@id":"https:\/\/www.alongo.it\/?p=1233#article","isPartOf":{"@id":"https:\/\/www.alongo.it\/?p=1233"},"author":{"name":"alex","@id":"https:\/\/www.alongo.it\/#\/schema\/person\/eb81a41f49bbca65b55a93a8a3f2a8bd"},"headline":"A marzo l&#8217;agenda digitale italiana","datePublished":"2012-01-23T21:40:33+00:00","mainEntityOfPage":{"@id":"https:\/\/www.alongo.it\/?p=1233"},"wordCount":145,"commentCount":1,"publisher":{"@id":"https:\/\/www.alongo.it\/#\/schema\/person\/eb81a41f49bbca65b55a93a8a3f2a8bd"},"keywords":["agenda digitale","politica"],"articleSection":["articoli"],"inLanguage":"it-IT","potentialAction":[{"@type":"CommentAction","name":"Comment","target":["https:\/\/www.alongo.it\/?p=1233#respond"]}]},{"@type":"WebPage","@id":"https:\/\/www.alongo.it\/?p=1233","url":"https:\/\/www.alongo.it\/?p=1233","name":"A marzo l'agenda digitale italiana - Alessandro Longo","isPartOf":{"@id":"https:\/\/www.alongo.it\/#website"},"datePublished":"2012-01-23T21:40:33+00:00","breadcrumb":{"@id":"https:\/\/www.alongo.it\/?p=1233#breadcrumb"},"inLanguage":"it-IT","potentialAction":[{"@type":"ReadAction","target":["https:\/\/www.alongo.it\/?p=1233"]}]},{"@type":"BreadcrumbList","@id":"https:\/\/www.alongo.it\/?p=1233#breadcrumb","itemListElement":[{"@type":"ListItem","position":1,"name":"Home","item":"https:\/\/www.alongo.it\/"},{"@type":"ListItem","position":2,"name":"A marzo l&#8217;agenda digitale italiana"}]},{"@type":"WebSite","@id":"https:\/\/www.alongo.it\/#website","url":"https:\/\/www.alongo.it\/","name":"Alessandro Longo","description":"Telefonia, hi-tech e giornalismo","publisher":{"@id":"https:\/\/www.alongo.it\/#\/schema\/person\/eb81a41f49bbca65b55a93a8a3f2a8bd"},"potentialAction":[{"@type":"SearchAction","target":{"@type":"EntryPoint","urlTemplate":"https:\/\/www.alongo.it\/?s={search_term_string}"},"query-input":{"@type":"PropertyValueSpecification","valueRequired":true,"valueName":"search_term_string"}}],"inLanguage":"it-IT"},{"@type":["Person","Organization"],"@id":"https:\/\/www.alongo.it\/#\/schema\/person\/eb81a41f49bbca65b55a93a8a3f2a8bd","name":"alex","image":{"@type":"ImageObject","inLanguage":"it-IT","@id":"https:\/\/www.alongo.it\/wp-content\/uploads\/2012\/10\/longo.jpg","url":"https:\/\/www.alongo.it\/wp-content\/uploads\/2012\/10\/longo.jpg","contentUrl":"https:\/\/www.alongo.it\/wp-content\/uploads\/2012\/10\/longo.jpg","width":"896","height":"616","caption":"alex"},"logo":{"@id":"https:\/\/www.alongo.it\/wp-content\/uploads\/2012\/10\/longo.jpg"},"url":"https:\/\/www.alongo.it\/?author=1"}]}},"_links":{"self":[{"href":"https:\/\/www.alongo.it\/index.php?rest_route=\/wp\/v2\/posts\/1233","targetHints":{"allow":["GET"]}}],"collection":[{"href":"https:\/\/www.alongo.it\/index.php?rest_route=\/wp\/v2\/posts"}],"about":[{"href":"https:\/\/www.alongo.it\/index.php?rest_route=\/wp\/v2\/types\/post"}],"author":[{"embeddable":true,"href":"https:\/\/www.alongo.it\/index.php?rest_route=\/wp\/v2\/users\/1"}],"replies":[{"embeddable":true,"href":"https:\/\/www.alongo.it\/index.php?rest_route=%2Fwp%2Fv2%2Fcomments&post=1233"}],"version-history":[{"count":1,"href":"https:\/\/www.alongo.it\/index.php?rest_route=\/wp\/v2\/posts\/1233\/revisions"}],"predecessor-version":[{"id":1234,"href":"https:\/\/www.alongo.it\/index.php?rest_route=\/wp\/v2\/posts\/1233\/revisions\/1234"}],"wp:attachment":[{"href":"https:\/\/www.alongo.it\/index.php?rest_route=%2Fwp%2Fv2%2Fmedia&parent=1233"}],"wp:term":[{"taxonomy":"category","embeddable":true,"href":"https:\/\/www.alongo.it\/index.php?rest_route=%2Fwp%2Fv2%2Fcategories&post=1233"},{"taxonomy":"post_tag","embeddable":true,"href":"https:\/\/www.alongo.it\/index.php?rest_route=%2Fwp%2Fv2%2Ftags&post=1233"}],"curies":[{"name":"wp","href":"https:\/\/api.w.org\/{rel}","templated":true}]}}