{"id":1089,"date":"2011-09-09T18:08:30","date_gmt":"2011-09-09T16:08:30","guid":{"rendered":"http:\/\/www.alongo.it\/?p=1089"},"modified":"2011-09-09T18:09:04","modified_gmt":"2011-09-09T16:09:04","slug":"il-governo-si-e-dimentato-delle-tlc-agcom-si-sgola-a-ricordarlo","status":"publish","type":"post","link":"https:\/\/www.alongo.it\/?p=1089","title":{"rendered":"Il governo si \u00e8 dimenticato delle tlc. Agcom si sgola a ricordarlo"},"content":{"rendered":"<p>Il mercato tlc ora non riesce a trovare pace, nei confronti del governo.  Con una mano ne para gli attacchi e con l&#8217;altra spera in un supporto  economico.<\/p>\n<p>Interessante che di questa strategia (o attivit\u00e0 di lobby, se preferite)  si stia facendo portavoce, sempre pi\u00f9 spesso, Agcom (Autorit\u00e0 garante  delle comunicazioni).  In questi stessi giorni, Agcom ha applaudito alla decisione, del  governo, di non estendere pi\u00f9 la Robin Tax alle tlc. In separata sede <a href=\"http:\/\/www.ilsole24ore.com\/art\/economia\/2011-09-09\/agcom-risorse-aggiuntive-asta-064209.shtml?uuid=Aa76Tn2D\" target=\"_blank\">ha chiesto<\/a> di destinare al settore il 100 per cento delle risorse raggranellate  dall&#8217;asta frequenze oltre i 2,4 miliardi (e quindi, probabilmente, sar\u00e0  quasi un miliardo di euro). Al momento, il governo ha stabilito che  destiner\u00e0 solo il 50 per cento dell&#8217;eccedenza.<\/p>\n<p><a href=\"http:\/\/blog.wired.it\/bandastretta\/2011\/09\/09\/piu-soldi-dal-governo-alle-tlc-contro-i-ritardi-dellitalia.html\"><br \/>\nCONTINUA<\/a><\/p>\n<div><div style=\"padding-top:10px;margin-bottom:10px;font-size:10pt;font-family:arial;font-weight:bold;\"><\/div><div class=simplesocial><a href=\"http:\/\/twitter.com\/share\" data-url=\"https:\/\/www.alongo.it\/?p=1089\" data-text=\"Il+governo+si+%C3%A8+dimenticato+delle+tlc.+Agcom+si+sgola+a+ricordarlo\" class=\"twitter-share-button\" data-count=\"horizontal\">Tweet<\/a><script type=\"text\/javascript\" src=\"http:\/\/platform.twitter.com\/widgets.js\"><\/script><\/div><div class=simplesocial><iframe src=\"http:\/\/www.facebook.com\/plugins\/like.php?href=https%3A%2F%2Fwww.alongo.it%2F%3Fp%3D1089&layout=standard&show_faces=false&width=450&action=like&colorscheme=light&height=35\" scrolling=\"no\" frameborder=\"0\" style=\"border:none; overflow:hidden; width:450px; height:25px;\" allowTransparency=\"true\"><\/iframe><\/div><div style=\"clear:both\"><\/div><a class=simplesocial onclick=\"return simplesocial(this,500,400)\" title=\"Share on Facebook\" style=\"background:url(http:\/\/www.alongo.it\/wp-content\/plugins\/simple-social-sharing-widgets-icons\/icons_16\/facebook.png)\" href=\"http:\/\/www.facebook.com\/share.php?u=https%3A%2F%2Fwww.alongo.it%2F%3Fp%3D1089&t=Il+governo+si+%C3%A8+dimenticato+delle+tlc.+Agcom+si+sgola+a+ricordarlo\"><\/a><a class=simplesocial onclick=\"return simplesocial(this,812,420)\" title=\"Share on Twitter\" style=\"background:url(http:\/\/www.alongo.it\/wp-content\/plugins\/simple-social-sharing-widgets-icons\/icons_16\/twitter.png)\" href=\"http:\/\/twitter.com\/home?status=https%3A%2F%2Fwww.alongo.it%2F%3Fp%3D1089\"><\/a><a class=simplesocial onclick=\"return simplesocial(this,435,500)\" title=\"Email a Friend\" style=\"background:url(http:\/\/www.alongo.it\/wp-content\/plugins\/simple-social-sharing-widgets-icons\/icons_16\/email.png)\" href=\"http:\/\/www.freetellafriend.com\/tell\/?heading=Share+This+Article&bg=1&option=email&url=https%3A%2F%2Fwww.alongo.it%2F%3Fp%3D1089\"><\/a><\/div><div style=\"clear:both;margin-bottom:20px\"><\/div>","protected":false},"excerpt":{"rendered":"<p>Il mercato tlc ora non riesce a trovare pace, nei confronti del governo. Con una mano ne para gli attacchi e con l&#8217;altra spera in un supporto economico. Interessante che di questa strategia (o attivit\u00e0 di lobby, se preferite) si stia facendo portavoce, sempre pi\u00f9 spesso, Agcom (Autorit\u00e0 garante delle comunicazioni). In questi stessi giorni, [&hellip;]<\/p>\n","protected":false},"author":1,"featured_media":0,"comment_status":"open","ping_status":"open","sticky":false,"template":"","format":"standard","meta":{"footnotes":""},"categories":[1],"tags":[14,50],"class_list":["post-1089","post","type-post","status-publish","format-standard","hentry","category-articoli","tag-agcom","tag-governo"],"yoast_head":"<!-- This site is optimized with the Yoast SEO plugin v27.5 - https:\/\/yoast.com\/product\/yoast-seo-wordpress\/ -->\n<title>Il governo si \u00e8 dimenticato delle tlc. Agcom si sgola a ricordarlo - Alessandro Longo<\/title>\n<meta name=\"robots\" content=\"index, follow, max-snippet:-1, max-image-preview:large, max-video-preview:-1\" \/>\n<link rel=\"canonical\" href=\"https:\/\/www.alongo.it\/?p=1089\" \/>\n<meta property=\"og:locale\" content=\"it_IT\" \/>\n<meta property=\"og:type\" content=\"article\" \/>\n<meta property=\"og:title\" content=\"Il governo si \u00e8 dimenticato delle tlc. Agcom si sgola a ricordarlo - Alessandro Longo\" \/>\n<meta property=\"og:description\" content=\"Il mercato tlc ora non riesce a trovare pace, nei confronti del governo. Con una mano ne para gli attacchi e con l&#8217;altra spera in un supporto economico. Interessante che di questa strategia (o attivit\u00e0 di lobby, se preferite) si stia facendo portavoce, sempre pi\u00f9 spesso, Agcom (Autorit\u00e0 garante delle comunicazioni). In questi stessi giorni, [&hellip;]\" \/>\n<meta property=\"og:url\" content=\"https:\/\/www.alongo.it\/?p=1089\" \/>\n<meta property=\"og:site_name\" content=\"Alessandro Longo\" \/>\n<meta property=\"article:published_time\" content=\"2011-09-09T16:08:30+00:00\" \/>\n<meta property=\"article:modified_time\" content=\"2011-09-09T16:09:04+00:00\" \/>\n<meta name=\"author\" content=\"alex\" \/>\n<meta name=\"twitter:card\" content=\"summary_large_image\" \/>\n<meta name=\"twitter:label1\" content=\"Scritto da\" \/>\n\t<meta name=\"twitter:data1\" content=\"alex\" \/>\n\t<meta name=\"twitter:label2\" content=\"Tempo di lettura stimato\" \/>\n\t<meta name=\"twitter:data2\" content=\"1 minuto\" \/>\n<script type=\"application\/ld+json\" class=\"yoast-schema-graph\">{\"@context\":\"https:\\\/\\\/schema.org\",\"@graph\":[{\"@type\":\"Article\",\"@id\":\"https:\\\/\\\/www.alongo.it\\\/?p=1089#article\",\"isPartOf\":{\"@id\":\"https:\\\/\\\/www.alongo.it\\\/?p=1089\"},\"author\":{\"name\":\"alex\",\"@id\":\"https:\\\/\\\/www.alongo.it\\\/#\\\/schema\\\/person\\\/eb81a41f49bbca65b55a93a8a3f2a8bd\"},\"headline\":\"Il governo si \u00e8 dimenticato delle tlc. Agcom si sgola a ricordarlo\",\"datePublished\":\"2011-09-09T16:08:30+00:00\",\"dateModified\":\"2011-09-09T16:09:04+00:00\",\"mainEntityOfPage\":{\"@id\":\"https:\\\/\\\/www.alongo.it\\\/?p=1089\"},\"wordCount\":125,\"commentCount\":1,\"publisher\":{\"@id\":\"https:\\\/\\\/www.alongo.it\\\/#\\\/schema\\\/person\\\/eb81a41f49bbca65b55a93a8a3f2a8bd\"},\"keywords\":[\"agcom\",\"governo\"],\"articleSection\":[\"articoli\"],\"inLanguage\":\"it-IT\",\"potentialAction\":[{\"@type\":\"CommentAction\",\"name\":\"Comment\",\"target\":[\"https:\\\/\\\/www.alongo.it\\\/?p=1089#respond\"]}]},{\"@type\":\"WebPage\",\"@id\":\"https:\\\/\\\/www.alongo.it\\\/?p=1089\",\"url\":\"https:\\\/\\\/www.alongo.it\\\/?p=1089\",\"name\":\"Il governo si \u00e8 dimenticato delle tlc. Agcom si sgola a ricordarlo - Alessandro Longo\",\"isPartOf\":{\"@id\":\"https:\\\/\\\/www.alongo.it\\\/#website\"},\"datePublished\":\"2011-09-09T16:08:30+00:00\",\"dateModified\":\"2011-09-09T16:09:04+00:00\",\"breadcrumb\":{\"@id\":\"https:\\\/\\\/www.alongo.it\\\/?p=1089#breadcrumb\"},\"inLanguage\":\"it-IT\",\"potentialAction\":[{\"@type\":\"ReadAction\",\"target\":[\"https:\\\/\\\/www.alongo.it\\\/?p=1089\"]}]},{\"@type\":\"BreadcrumbList\",\"@id\":\"https:\\\/\\\/www.alongo.it\\\/?p=1089#breadcrumb\",\"itemListElement\":[{\"@type\":\"ListItem\",\"position\":1,\"name\":\"Home\",\"item\":\"https:\\\/\\\/www.alongo.it\\\/\"},{\"@type\":\"ListItem\",\"position\":2,\"name\":\"Il governo si \u00e8 dimenticato delle tlc. Agcom si sgola a ricordarlo\"}]},{\"@type\":\"WebSite\",\"@id\":\"https:\\\/\\\/www.alongo.it\\\/#website\",\"url\":\"https:\\\/\\\/www.alongo.it\\\/\",\"name\":\"Alessandro Longo\",\"description\":\"Telefonia, hi-tech e giornalismo\",\"publisher\":{\"@id\":\"https:\\\/\\\/www.alongo.it\\\/#\\\/schema\\\/person\\\/eb81a41f49bbca65b55a93a8a3f2a8bd\"},\"potentialAction\":[{\"@type\":\"SearchAction\",\"target\":{\"@type\":\"EntryPoint\",\"urlTemplate\":\"https:\\\/\\\/www.alongo.it\\\/?s={search_term_string}\"},\"query-input\":{\"@type\":\"PropertyValueSpecification\",\"valueRequired\":true,\"valueName\":\"search_term_string\"}}],\"inLanguage\":\"it-IT\"},{\"@type\":[\"Person\",\"Organization\"],\"@id\":\"https:\\\/\\\/www.alongo.it\\\/#\\\/schema\\\/person\\\/eb81a41f49bbca65b55a93a8a3f2a8bd\",\"name\":\"alex\",\"image\":{\"@type\":\"ImageObject\",\"inLanguage\":\"it-IT\",\"@id\":\"https:\\\/\\\/www.alongo.it\\\/wp-content\\\/uploads\\\/2012\\\/10\\\/longo.jpg\",\"url\":\"https:\\\/\\\/www.alongo.it\\\/wp-content\\\/uploads\\\/2012\\\/10\\\/longo.jpg\",\"contentUrl\":\"https:\\\/\\\/www.alongo.it\\\/wp-content\\\/uploads\\\/2012\\\/10\\\/longo.jpg\",\"width\":\"896\",\"height\":\"616\",\"caption\":\"alex\"},\"logo\":{\"@id\":\"https:\\\/\\\/www.alongo.it\\\/wp-content\\\/uploads\\\/2012\\\/10\\\/longo.jpg\"},\"url\":\"https:\\\/\\\/www.alongo.it\\\/?author=1\"}]}<\/script>\n<!-- \/ Yoast SEO plugin. -->","yoast_head_json":{"title":"Il governo si \u00e8 dimenticato delle tlc. Agcom si sgola a ricordarlo - Alessandro Longo","robots":{"index":"index","follow":"follow","max-snippet":"max-snippet:-1","max-image-preview":"max-image-preview:large","max-video-preview":"max-video-preview:-1"},"canonical":"https:\/\/www.alongo.it\/?p=1089","og_locale":"it_IT","og_type":"article","og_title":"Il governo si \u00e8 dimenticato delle tlc. Agcom si sgola a ricordarlo - Alessandro Longo","og_description":"Il mercato tlc ora non riesce a trovare pace, nei confronti del governo. Con una mano ne para gli attacchi e con l&#8217;altra spera in un supporto economico. Interessante che di questa strategia (o attivit\u00e0 di lobby, se preferite) si stia facendo portavoce, sempre pi\u00f9 spesso, Agcom (Autorit\u00e0 garante delle comunicazioni). In questi stessi giorni, [&hellip;]","og_url":"https:\/\/www.alongo.it\/?p=1089","og_site_name":"Alessandro Longo","article_published_time":"2011-09-09T16:08:30+00:00","article_modified_time":"2011-09-09T16:09:04+00:00","author":"alex","twitter_card":"summary_large_image","twitter_misc":{"Scritto da":"alex","Tempo di lettura stimato":"1 minuto"},"schema":{"@context":"https:\/\/schema.org","@graph":[{"@type":"Article","@id":"https:\/\/www.alongo.it\/?p=1089#article","isPartOf":{"@id":"https:\/\/www.alongo.it\/?p=1089"},"author":{"name":"alex","@id":"https:\/\/www.alongo.it\/#\/schema\/person\/eb81a41f49bbca65b55a93a8a3f2a8bd"},"headline":"Il governo si \u00e8 dimenticato delle tlc. Agcom si sgola a ricordarlo","datePublished":"2011-09-09T16:08:30+00:00","dateModified":"2011-09-09T16:09:04+00:00","mainEntityOfPage":{"@id":"https:\/\/www.alongo.it\/?p=1089"},"wordCount":125,"commentCount":1,"publisher":{"@id":"https:\/\/www.alongo.it\/#\/schema\/person\/eb81a41f49bbca65b55a93a8a3f2a8bd"},"keywords":["agcom","governo"],"articleSection":["articoli"],"inLanguage":"it-IT","potentialAction":[{"@type":"CommentAction","name":"Comment","target":["https:\/\/www.alongo.it\/?p=1089#respond"]}]},{"@type":"WebPage","@id":"https:\/\/www.alongo.it\/?p=1089","url":"https:\/\/www.alongo.it\/?p=1089","name":"Il governo si \u00e8 dimenticato delle tlc. Agcom si sgola a ricordarlo - Alessandro Longo","isPartOf":{"@id":"https:\/\/www.alongo.it\/#website"},"datePublished":"2011-09-09T16:08:30+00:00","dateModified":"2011-09-09T16:09:04+00:00","breadcrumb":{"@id":"https:\/\/www.alongo.it\/?p=1089#breadcrumb"},"inLanguage":"it-IT","potentialAction":[{"@type":"ReadAction","target":["https:\/\/www.alongo.it\/?p=1089"]}]},{"@type":"BreadcrumbList","@id":"https:\/\/www.alongo.it\/?p=1089#breadcrumb","itemListElement":[{"@type":"ListItem","position":1,"name":"Home","item":"https:\/\/www.alongo.it\/"},{"@type":"ListItem","position":2,"name":"Il governo si \u00e8 dimenticato delle tlc. Agcom si sgola a ricordarlo"}]},{"@type":"WebSite","@id":"https:\/\/www.alongo.it\/#website","url":"https:\/\/www.alongo.it\/","name":"Alessandro Longo","description":"Telefonia, hi-tech e giornalismo","publisher":{"@id":"https:\/\/www.alongo.it\/#\/schema\/person\/eb81a41f49bbca65b55a93a8a3f2a8bd"},"potentialAction":[{"@type":"SearchAction","target":{"@type":"EntryPoint","urlTemplate":"https:\/\/www.alongo.it\/?s={search_term_string}"},"query-input":{"@type":"PropertyValueSpecification","valueRequired":true,"valueName":"search_term_string"}}],"inLanguage":"it-IT"},{"@type":["Person","Organization"],"@id":"https:\/\/www.alongo.it\/#\/schema\/person\/eb81a41f49bbca65b55a93a8a3f2a8bd","name":"alex","image":{"@type":"ImageObject","inLanguage":"it-IT","@id":"https:\/\/www.alongo.it\/wp-content\/uploads\/2012\/10\/longo.jpg","url":"https:\/\/www.alongo.it\/wp-content\/uploads\/2012\/10\/longo.jpg","contentUrl":"https:\/\/www.alongo.it\/wp-content\/uploads\/2012\/10\/longo.jpg","width":"896","height":"616","caption":"alex"},"logo":{"@id":"https:\/\/www.alongo.it\/wp-content\/uploads\/2012\/10\/longo.jpg"},"url":"https:\/\/www.alongo.it\/?author=1"}]}},"_links":{"self":[{"href":"https:\/\/www.alongo.it\/index.php?rest_route=\/wp\/v2\/posts\/1089","targetHints":{"allow":["GET"]}}],"collection":[{"href":"https:\/\/www.alongo.it\/index.php?rest_route=\/wp\/v2\/posts"}],"about":[{"href":"https:\/\/www.alongo.it\/index.php?rest_route=\/wp\/v2\/types\/post"}],"author":[{"embeddable":true,"href":"https:\/\/www.alongo.it\/index.php?rest_route=\/wp\/v2\/users\/1"}],"replies":[{"embeddable":true,"href":"https:\/\/www.alongo.it\/index.php?rest_route=%2Fwp%2Fv2%2Fcomments&post=1089"}],"version-history":[{"count":2,"href":"https:\/\/www.alongo.it\/index.php?rest_route=\/wp\/v2\/posts\/1089\/revisions"}],"predecessor-version":[{"id":1091,"href":"https:\/\/www.alongo.it\/index.php?rest_route=\/wp\/v2\/posts\/1089\/revisions\/1091"}],"wp:attachment":[{"href":"https:\/\/www.alongo.it\/index.php?rest_route=%2Fwp%2Fv2%2Fmedia&parent=1089"}],"wp:term":[{"taxonomy":"category","embeddable":true,"href":"https:\/\/www.alongo.it\/index.php?rest_route=%2Fwp%2Fv2%2Fcategories&post=1089"},{"taxonomy":"post_tag","embeddable":true,"href":"https:\/\/www.alongo.it\/index.php?rest_route=%2Fwp%2Fv2%2Ftags&post=1089"}],"curies":[{"name":"wp","href":"https:\/\/api.w.org\/{rel}","templated":true}]}}