{"id":1052,"date":"2011-07-27T10:51:05","date_gmt":"2011-07-27T08:51:05","guid":{"rendered":"http:\/\/www.alongo.it\/?p=1052"},"modified":"2011-07-27T10:53:06","modified_gmt":"2011-07-27T08:53:06","slug":"la-liberta-dei-giornali-usa-vs-la-nostra","status":"publish","type":"post","link":"https:\/\/www.alongo.it\/?p=1052","title":{"rendered":"La libert\u00e0 dei giornali USA vs la nostra"},"content":{"rendered":"<p>&#8220;Verizon loses its mind&#8221;, per un&#8217;offerta commerciale. <a href=\"http:\/\/techland.time.com\/2011\/07\/26\/verizon-loses-its-mind-requires-contract-with-lte-galaxy-tab-10-1\/?utm_source=feedburner&amp;utm_medium=feed&amp;utm_campaign=Feed%3A+timeblogs%2Fnerd_world+%28TIME%3A+Techland%29&amp;utm_content=Netvibes\">Lo scrive il Time<\/a>. Ce li vedo proprio i giornali italiani a scrivere che un Tim, Vodafone o che altro sono fuori di testa per un&#8217;offerta commerciale sballata.<\/p>\n<p>E non \u00e8 che non lo si fa perch\u00e9 siamo marchettari (non tutti, almeno). Non lo si fa perch\u00e9 gli sponsor tengono per i coglioni i nostri giornali. Nel mio piccolo sono considerato un rompiballe solo perch\u00e9 scrivo con pochi filtri, meno esplicitamente del Time, ma comunque troppo per le vedute ristrette nostrane.<\/p>\n<div><div style=\"padding-top:10px;margin-bottom:10px;font-size:10pt;font-family:arial;font-weight:bold;\"><\/div><div class=simplesocial><a href=\"http:\/\/twitter.com\/share\" data-url=\"https:\/\/www.alongo.it\/?p=1052\" data-text=\"La+libert%C3%A0+dei+giornali+USA+vs+la+nostra\" class=\"twitter-share-button\" data-count=\"horizontal\">Tweet<\/a><script type=\"text\/javascript\" src=\"http:\/\/platform.twitter.com\/widgets.js\"><\/script><\/div><div class=simplesocial><iframe src=\"http:\/\/www.facebook.com\/plugins\/like.php?href=https%3A%2F%2Fwww.alongo.it%2F%3Fp%3D1052&layout=standard&show_faces=false&width=450&action=like&colorscheme=light&height=35\" scrolling=\"no\" frameborder=\"0\" style=\"border:none; overflow:hidden; width:450px; height:25px;\" allowTransparency=\"true\"><\/iframe><\/div><div style=\"clear:both\"><\/div><a class=simplesocial onclick=\"return simplesocial(this,500,400)\" title=\"Share on Facebook\" style=\"background:url(http:\/\/www.alongo.it\/wp-content\/plugins\/simple-social-sharing-widgets-icons\/icons_16\/facebook.png)\" href=\"http:\/\/www.facebook.com\/share.php?u=https%3A%2F%2Fwww.alongo.it%2F%3Fp%3D1052&t=La+libert%C3%A0+dei+giornali+USA+vs+la+nostra\"><\/a><a class=simplesocial onclick=\"return simplesocial(this,812,420)\" title=\"Share on Twitter\" style=\"background:url(http:\/\/www.alongo.it\/wp-content\/plugins\/simple-social-sharing-widgets-icons\/icons_16\/twitter.png)\" href=\"http:\/\/twitter.com\/home?status=https%3A%2F%2Fwww.alongo.it%2F%3Fp%3D1052\"><\/a><a class=simplesocial onclick=\"return simplesocial(this,435,500)\" title=\"Email a Friend\" style=\"background:url(http:\/\/www.alongo.it\/wp-content\/plugins\/simple-social-sharing-widgets-icons\/icons_16\/email.png)\" href=\"http:\/\/www.freetellafriend.com\/tell\/?heading=Share+This+Article&bg=1&option=email&url=https%3A%2F%2Fwww.alongo.it%2F%3Fp%3D1052\"><\/a><\/div><div style=\"clear:both;margin-bottom:20px\"><\/div>","protected":false},"excerpt":{"rendered":"<p>&#8220;Verizon loses its mind&#8221;, per un&#8217;offerta commerciale. Lo scrive il Time. Ce li vedo proprio i giornali italiani a scrivere che un Tim, Vodafone o che altro sono fuori di testa per un&#8217;offerta commerciale sballata. E non \u00e8 che non lo si fa perch\u00e9 siamo marchettari (non tutti, almeno). Non lo si fa perch\u00e9 gli [&hellip;]<\/p>\n","protected":false},"author":1,"featured_media":0,"comment_status":"open","ping_status":"open","sticky":false,"template":"","format":"standard","meta":{"footnotes":""},"categories":[1],"tags":[41],"class_list":["post-1052","post","type-post","status-publish","format-standard","hentry","category-articoli","tag-giornalismo"],"yoast_head":"<!-- This site is optimized with the Yoast SEO plugin v27.5 - https:\/\/yoast.com\/product\/yoast-seo-wordpress\/ -->\n<title>La libert\u00e0 dei giornali USA vs la nostra - Alessandro Longo<\/title>\n<meta name=\"robots\" content=\"index, follow, max-snippet:-1, max-image-preview:large, max-video-preview:-1\" \/>\n<link rel=\"canonical\" href=\"https:\/\/www.alongo.it\/?p=1052\" \/>\n<meta property=\"og:locale\" content=\"it_IT\" \/>\n<meta property=\"og:type\" content=\"article\" \/>\n<meta property=\"og:title\" content=\"La libert\u00e0 dei giornali USA vs la nostra - Alessandro Longo\" \/>\n<meta property=\"og:description\" content=\"&#8220;Verizon loses its mind&#8221;, per un&#8217;offerta commerciale. Lo scrive il Time. Ce li vedo proprio i giornali italiani a scrivere che un Tim, Vodafone o che altro sono fuori di testa per un&#8217;offerta commerciale sballata. E non \u00e8 che non lo si fa perch\u00e9 siamo marchettari (non tutti, almeno). Non lo si fa perch\u00e9 gli [&hellip;]\" \/>\n<meta property=\"og:url\" content=\"https:\/\/www.alongo.it\/?p=1052\" \/>\n<meta property=\"og:site_name\" content=\"Alessandro Longo\" \/>\n<meta property=\"article:published_time\" content=\"2011-07-27T08:51:05+00:00\" \/>\n<meta property=\"article:modified_time\" content=\"2011-07-27T08:53:06+00:00\" \/>\n<meta name=\"author\" content=\"alex\" \/>\n<meta name=\"twitter:card\" content=\"summary_large_image\" \/>\n<meta name=\"twitter:label1\" content=\"Scritto da\" \/>\n\t<meta name=\"twitter:data1\" content=\"alex\" \/>\n<script type=\"application\/ld+json\" class=\"yoast-schema-graph\">{\"@context\":\"https:\\\/\\\/schema.org\",\"@graph\":[{\"@type\":\"Article\",\"@id\":\"https:\\\/\\\/www.alongo.it\\\/?p=1052#article\",\"isPartOf\":{\"@id\":\"https:\\\/\\\/www.alongo.it\\\/?p=1052\"},\"author\":{\"name\":\"alex\",\"@id\":\"https:\\\/\\\/www.alongo.it\\\/#\\\/schema\\\/person\\\/eb81a41f49bbca65b55a93a8a3f2a8bd\"},\"headline\":\"La libert\u00e0 dei giornali USA vs la nostra\",\"datePublished\":\"2011-07-27T08:51:05+00:00\",\"dateModified\":\"2011-07-27T08:53:06+00:00\",\"mainEntityOfPage\":{\"@id\":\"https:\\\/\\\/www.alongo.it\\\/?p=1052\"},\"wordCount\":95,\"commentCount\":0,\"publisher\":{\"@id\":\"https:\\\/\\\/www.alongo.it\\\/#\\\/schema\\\/person\\\/eb81a41f49bbca65b55a93a8a3f2a8bd\"},\"keywords\":[\"giornalismo\"],\"articleSection\":[\"articoli\"],\"inLanguage\":\"it-IT\",\"potentialAction\":[{\"@type\":\"CommentAction\",\"name\":\"Comment\",\"target\":[\"https:\\\/\\\/www.alongo.it\\\/?p=1052#respond\"]}]},{\"@type\":\"WebPage\",\"@id\":\"https:\\\/\\\/www.alongo.it\\\/?p=1052\",\"url\":\"https:\\\/\\\/www.alongo.it\\\/?p=1052\",\"name\":\"La libert\u00e0 dei giornali USA vs la nostra - Alessandro Longo\",\"isPartOf\":{\"@id\":\"https:\\\/\\\/www.alongo.it\\\/#website\"},\"datePublished\":\"2011-07-27T08:51:05+00:00\",\"dateModified\":\"2011-07-27T08:53:06+00:00\",\"breadcrumb\":{\"@id\":\"https:\\\/\\\/www.alongo.it\\\/?p=1052#breadcrumb\"},\"inLanguage\":\"it-IT\",\"potentialAction\":[{\"@type\":\"ReadAction\",\"target\":[\"https:\\\/\\\/www.alongo.it\\\/?p=1052\"]}]},{\"@type\":\"BreadcrumbList\",\"@id\":\"https:\\\/\\\/www.alongo.it\\\/?p=1052#breadcrumb\",\"itemListElement\":[{\"@type\":\"ListItem\",\"position\":1,\"name\":\"Home\",\"item\":\"https:\\\/\\\/www.alongo.it\\\/\"},{\"@type\":\"ListItem\",\"position\":2,\"name\":\"La libert\u00e0 dei giornali USA vs la nostra\"}]},{\"@type\":\"WebSite\",\"@id\":\"https:\\\/\\\/www.alongo.it\\\/#website\",\"url\":\"https:\\\/\\\/www.alongo.it\\\/\",\"name\":\"Alessandro Longo\",\"description\":\"Telefonia, hi-tech e giornalismo\",\"publisher\":{\"@id\":\"https:\\\/\\\/www.alongo.it\\\/#\\\/schema\\\/person\\\/eb81a41f49bbca65b55a93a8a3f2a8bd\"},\"potentialAction\":[{\"@type\":\"SearchAction\",\"target\":{\"@type\":\"EntryPoint\",\"urlTemplate\":\"https:\\\/\\\/www.alongo.it\\\/?s={search_term_string}\"},\"query-input\":{\"@type\":\"PropertyValueSpecification\",\"valueRequired\":true,\"valueName\":\"search_term_string\"}}],\"inLanguage\":\"it-IT\"},{\"@type\":[\"Person\",\"Organization\"],\"@id\":\"https:\\\/\\\/www.alongo.it\\\/#\\\/schema\\\/person\\\/eb81a41f49bbca65b55a93a8a3f2a8bd\",\"name\":\"alex\",\"image\":{\"@type\":\"ImageObject\",\"inLanguage\":\"it-IT\",\"@id\":\"https:\\\/\\\/www.alongo.it\\\/wp-content\\\/uploads\\\/2012\\\/10\\\/longo.jpg\",\"url\":\"https:\\\/\\\/www.alongo.it\\\/wp-content\\\/uploads\\\/2012\\\/10\\\/longo.jpg\",\"contentUrl\":\"https:\\\/\\\/www.alongo.it\\\/wp-content\\\/uploads\\\/2012\\\/10\\\/longo.jpg\",\"width\":\"896\",\"height\":\"616\",\"caption\":\"alex\"},\"logo\":{\"@id\":\"https:\\\/\\\/www.alongo.it\\\/wp-content\\\/uploads\\\/2012\\\/10\\\/longo.jpg\"},\"url\":\"https:\\\/\\\/www.alongo.it\\\/?author=1\"}]}<\/script>\n<!-- \/ Yoast SEO plugin. -->","yoast_head_json":{"title":"La libert\u00e0 dei giornali USA vs la nostra - Alessandro Longo","robots":{"index":"index","follow":"follow","max-snippet":"max-snippet:-1","max-image-preview":"max-image-preview:large","max-video-preview":"max-video-preview:-1"},"canonical":"https:\/\/www.alongo.it\/?p=1052","og_locale":"it_IT","og_type":"article","og_title":"La libert\u00e0 dei giornali USA vs la nostra - Alessandro Longo","og_description":"&#8220;Verizon loses its mind&#8221;, per un&#8217;offerta commerciale. Lo scrive il Time. Ce li vedo proprio i giornali italiani a scrivere che un Tim, Vodafone o che altro sono fuori di testa per un&#8217;offerta commerciale sballata. E non \u00e8 che non lo si fa perch\u00e9 siamo marchettari (non tutti, almeno). Non lo si fa perch\u00e9 gli [&hellip;]","og_url":"https:\/\/www.alongo.it\/?p=1052","og_site_name":"Alessandro Longo","article_published_time":"2011-07-27T08:51:05+00:00","article_modified_time":"2011-07-27T08:53:06+00:00","author":"alex","twitter_card":"summary_large_image","twitter_misc":{"Scritto da":"alex"},"schema":{"@context":"https:\/\/schema.org","@graph":[{"@type":"Article","@id":"https:\/\/www.alongo.it\/?p=1052#article","isPartOf":{"@id":"https:\/\/www.alongo.it\/?p=1052"},"author":{"name":"alex","@id":"https:\/\/www.alongo.it\/#\/schema\/person\/eb81a41f49bbca65b55a93a8a3f2a8bd"},"headline":"La libert\u00e0 dei giornali USA vs la nostra","datePublished":"2011-07-27T08:51:05+00:00","dateModified":"2011-07-27T08:53:06+00:00","mainEntityOfPage":{"@id":"https:\/\/www.alongo.it\/?p=1052"},"wordCount":95,"commentCount":0,"publisher":{"@id":"https:\/\/www.alongo.it\/#\/schema\/person\/eb81a41f49bbca65b55a93a8a3f2a8bd"},"keywords":["giornalismo"],"articleSection":["articoli"],"inLanguage":"it-IT","potentialAction":[{"@type":"CommentAction","name":"Comment","target":["https:\/\/www.alongo.it\/?p=1052#respond"]}]},{"@type":"WebPage","@id":"https:\/\/www.alongo.it\/?p=1052","url":"https:\/\/www.alongo.it\/?p=1052","name":"La libert\u00e0 dei giornali USA vs la nostra - Alessandro Longo","isPartOf":{"@id":"https:\/\/www.alongo.it\/#website"},"datePublished":"2011-07-27T08:51:05+00:00","dateModified":"2011-07-27T08:53:06+00:00","breadcrumb":{"@id":"https:\/\/www.alongo.it\/?p=1052#breadcrumb"},"inLanguage":"it-IT","potentialAction":[{"@type":"ReadAction","target":["https:\/\/www.alongo.it\/?p=1052"]}]},{"@type":"BreadcrumbList","@id":"https:\/\/www.alongo.it\/?p=1052#breadcrumb","itemListElement":[{"@type":"ListItem","position":1,"name":"Home","item":"https:\/\/www.alongo.it\/"},{"@type":"ListItem","position":2,"name":"La libert\u00e0 dei giornali USA vs la nostra"}]},{"@type":"WebSite","@id":"https:\/\/www.alongo.it\/#website","url":"https:\/\/www.alongo.it\/","name":"Alessandro Longo","description":"Telefonia, hi-tech e giornalismo","publisher":{"@id":"https:\/\/www.alongo.it\/#\/schema\/person\/eb81a41f49bbca65b55a93a8a3f2a8bd"},"potentialAction":[{"@type":"SearchAction","target":{"@type":"EntryPoint","urlTemplate":"https:\/\/www.alongo.it\/?s={search_term_string}"},"query-input":{"@type":"PropertyValueSpecification","valueRequired":true,"valueName":"search_term_string"}}],"inLanguage":"it-IT"},{"@type":["Person","Organization"],"@id":"https:\/\/www.alongo.it\/#\/schema\/person\/eb81a41f49bbca65b55a93a8a3f2a8bd","name":"alex","image":{"@type":"ImageObject","inLanguage":"it-IT","@id":"https:\/\/www.alongo.it\/wp-content\/uploads\/2012\/10\/longo.jpg","url":"https:\/\/www.alongo.it\/wp-content\/uploads\/2012\/10\/longo.jpg","contentUrl":"https:\/\/www.alongo.it\/wp-content\/uploads\/2012\/10\/longo.jpg","width":"896","height":"616","caption":"alex"},"logo":{"@id":"https:\/\/www.alongo.it\/wp-content\/uploads\/2012\/10\/longo.jpg"},"url":"https:\/\/www.alongo.it\/?author=1"}]}},"_links":{"self":[{"href":"https:\/\/www.alongo.it\/index.php?rest_route=\/wp\/v2\/posts\/1052","targetHints":{"allow":["GET"]}}],"collection":[{"href":"https:\/\/www.alongo.it\/index.php?rest_route=\/wp\/v2\/posts"}],"about":[{"href":"https:\/\/www.alongo.it\/index.php?rest_route=\/wp\/v2\/types\/post"}],"author":[{"embeddable":true,"href":"https:\/\/www.alongo.it\/index.php?rest_route=\/wp\/v2\/users\/1"}],"replies":[{"embeddable":true,"href":"https:\/\/www.alongo.it\/index.php?rest_route=%2Fwp%2Fv2%2Fcomments&post=1052"}],"version-history":[{"count":4,"href":"https:\/\/www.alongo.it\/index.php?rest_route=\/wp\/v2\/posts\/1052\/revisions"}],"predecessor-version":[{"id":1056,"href":"https:\/\/www.alongo.it\/index.php?rest_route=\/wp\/v2\/posts\/1052\/revisions\/1056"}],"wp:attachment":[{"href":"https:\/\/www.alongo.it\/index.php?rest_route=%2Fwp%2Fv2%2Fmedia&parent=1052"}],"wp:term":[{"taxonomy":"category","embeddable":true,"href":"https:\/\/www.alongo.it\/index.php?rest_route=%2Fwp%2Fv2%2Fcategories&post=1052"},{"taxonomy":"post_tag","embeddable":true,"href":"https:\/\/www.alongo.it\/index.php?rest_route=%2Fwp%2Fv2%2Ftags&post=1052"}],"curies":[{"name":"wp","href":"https:\/\/api.w.org\/{rel}","templated":true}]}}