{"id":1048,"date":"2011-07-24T12:39:13","date_gmt":"2011-07-24T10:39:13","guid":{"rendered":"http:\/\/www.alongo.it\/?p=1048"},"modified":"2011-07-24T12:40:09","modified_gmt":"2011-07-24T10:40:09","slug":"tutta-colpa-del-multiculturalismo-il-giornale","status":"publish","type":"post","link":"https:\/\/www.alongo.it\/?p=1048","title":{"rendered":"Tutta colpa del multiculturalismo (Il Giornale)"},"content":{"rendered":"<p>Geniale: la strage di Oslo non \u00e8 colpa della chiusura mentale di chi non accetta il diverso. No, &#8220;\u00e8 l&#8217;altra faccia del multiculturalismo&#8221;. Cos\u00ec <a href=\"http:\/\/www.ilgiornale.it\/esteri\/la_strage_norvegia_il_razzismo_e_laltra_faccia_del_multiculturalismo\/24-07-2011\/articolo-id=536636-page=0-comments=1\">titola il Giornale oggi<\/a>, dopo la <a href=\"http:\/\/www.mantellini.it\/?p=14439\">figuraccia <\/a>di ieri<\/p>\n<p><strong>Il razzismo \u00e8 l\u2019altra faccia del multiculturalismo<\/strong><br \/>\n<em>Dietro all\u2019estremismo dei neonazi o alla jihad la stessa volont\u00e0 di prevaricazione<\/em><br \/>\n<em>Se si vuole fermare l\u2019odio l\u2019Europa deve mettere fine alla politica delle porte aperte<\/em><\/p>\n<p>&#8220;La Norvegia, al pari della Svezia, Gran Bretagna, Olanda e Germania, predica e pratica l\u2019ideologia<br \/>\ndel multiculturalismo, concependo che l\u2019accoglienza degli immigrati e pi\u00f9 in generale il rapporto con il mondo della globalizzazione debbano portare a un cambiamento radicale della nostra civilt\u00e0, fino a vergognarci delle nostre radici giudaico-cristiane, a negare i valori non negoziabili&#8221;<\/p>\n<p>ECC ECC<\/p>\n<p>&#8220;Ammoniamo che il multiculturalism \u00e8 il terreno di coltura di un\u2019ideologia razzista che fa proseliti tra quanti hanno la sensazione di non risiedere pi\u00f9 a casa loro,che presto si ridurranno a essere minoranza e forse a esserne allontanati. Ecco perch\u00e9 multiculturalismo e razzismo<br \/>\nsono di fatto due facce della stessa medaglia. La mia conclusione? Se<br \/>\nvogliamo sconfiggere questo razzismo dobbiamo porre fine al multi culturalismo&#8221;.<\/p>\n<p><strong>La mia conclusione? Aboliamo le minigomme, sono l&#8217;altra faccia degli stupri. <\/strong><\/p>\n<p>Ma che, non ci sono sempre state stragi contro il diverso, anche in societ\u00e0 molto poco multiculturali? Non c&#8217;\u00e8 limite alla chiusura mentale che genera mostri. Non \u00e8 dandole retta che si eviter\u00e0 la violenza. Olte al fatto che sarebbe violenza stessa darle retta. Sono consapevole che l&#8217;integrazione di culture diverse a volte crea problemi e che un iper relativismo \u00e8 pure violento (sarebbe permettere la <a href=\"http:\/\/libero-news.it\/news\/789366\/Pakistana-ha-tentato-il-suicidio-per-non-fare-la-fine-di-Hina.html\">violenza sulle donne<\/a> pachistane in Italia perch\u00e9 &#8220;\u00e8 la loro cultura&#8221;).<\/p>\n<p>Chi ha paura di perdere l&#8217;identit\u00e0 e le radici per colpa dell&#8217;immigrazione, forse non ce le aveva tanto forti e sicure. Da difendere non \u00e8 la nostra identit\u00e0, ch\u00e9 questa ormai \u00e8 destinata a essere fecondamente plurale. Bens\u00ec i valori progressisti, aperti alla differenza e alle minoranze. Questi s\u00ec, tipici dell&#8217;Europa. Paradossalmente, chi attacca il multiculturalismo rema verso lo stesso mondo diviso e incarognito che vorrebbero gli estremisti.<\/p>\n<div><div style=\"padding-top:10px;margin-bottom:10px;font-size:10pt;font-family:arial;font-weight:bold;\"><\/div><div class=simplesocial><a href=\"http:\/\/twitter.com\/share\" data-url=\"https:\/\/www.alongo.it\/?p=1048\" data-text=\"Tutta+colpa+del+multiculturalismo+%28Il+Giornale%29\" class=\"twitter-share-button\" data-count=\"horizontal\">Tweet<\/a><script type=\"text\/javascript\" src=\"http:\/\/platform.twitter.com\/widgets.js\"><\/script><\/div><div class=simplesocial><iframe src=\"http:\/\/www.facebook.com\/plugins\/like.php?href=https%3A%2F%2Fwww.alongo.it%2F%3Fp%3D1048&layout=standard&show_faces=false&width=450&action=like&colorscheme=light&height=35\" scrolling=\"no\" frameborder=\"0\" style=\"border:none; overflow:hidden; width:450px; height:25px;\" allowTransparency=\"true\"><\/iframe><\/div><div style=\"clear:both\"><\/div><a class=simplesocial onclick=\"return simplesocial(this,500,400)\" title=\"Share on Facebook\" style=\"background:url(http:\/\/www.alongo.it\/wp-content\/plugins\/simple-social-sharing-widgets-icons\/icons_16\/facebook.png)\" href=\"http:\/\/www.facebook.com\/share.php?u=https%3A%2F%2Fwww.alongo.it%2F%3Fp%3D1048&t=Tutta+colpa+del+multiculturalismo+%28Il+Giornale%29\"><\/a><a class=simplesocial onclick=\"return simplesocial(this,812,420)\" title=\"Share on Twitter\" style=\"background:url(http:\/\/www.alongo.it\/wp-content\/plugins\/simple-social-sharing-widgets-icons\/icons_16\/twitter.png)\" href=\"http:\/\/twitter.com\/home?status=https%3A%2F%2Fwww.alongo.it%2F%3Fp%3D1048\"><\/a><a class=simplesocial onclick=\"return simplesocial(this,435,500)\" title=\"Email a Friend\" style=\"background:url(http:\/\/www.alongo.it\/wp-content\/plugins\/simple-social-sharing-widgets-icons\/icons_16\/email.png)\" href=\"http:\/\/www.freetellafriend.com\/tell\/?heading=Share+This+Article&bg=1&option=email&url=https%3A%2F%2Fwww.alongo.it%2F%3Fp%3D1048\"><\/a><\/div><div style=\"clear:both;margin-bottom:20px\"><\/div>","protected":false},"excerpt":{"rendered":"<p>Geniale: la strage di Oslo non \u00e8 colpa della chiusura mentale di chi non accetta il diverso. No, &#8220;\u00e8 l&#8217;altra faccia del multiculturalismo&#8221;. Cos\u00ec titola il Giornale oggi, dopo la figuraccia di ieri Il razzismo \u00e8 l\u2019altra faccia del multiculturalismo Dietro all\u2019estremismo dei neonazi o alla jihad la stessa volont\u00e0 di prevaricazione Se si vuole [&hellip;]<\/p>\n","protected":false},"author":1,"featured_media":0,"comment_status":"open","ping_status":"open","sticky":false,"template":"","format":"standard","meta":{"footnotes":""},"categories":[1],"tags":[49],"class_list":["post-1048","post","type-post","status-publish","format-standard","hentry","category-articoli","tag-riflessioni"],"yoast_head":"<!-- This site is optimized with the Yoast SEO plugin v27.5 - https:\/\/yoast.com\/product\/yoast-seo-wordpress\/ -->\n<title>Tutta colpa del multiculturalismo (Il Giornale) - Alessandro Longo<\/title>\n<meta name=\"robots\" content=\"index, follow, max-snippet:-1, max-image-preview:large, max-video-preview:-1\" \/>\n<link rel=\"canonical\" href=\"https:\/\/www.alongo.it\/?p=1048\" \/>\n<meta property=\"og:locale\" content=\"it_IT\" \/>\n<meta property=\"og:type\" content=\"article\" \/>\n<meta property=\"og:title\" content=\"Tutta colpa del multiculturalismo (Il Giornale) - Alessandro Longo\" \/>\n<meta property=\"og:description\" content=\"Geniale: la strage di Oslo non \u00e8 colpa della chiusura mentale di chi non accetta il diverso. No, &#8220;\u00e8 l&#8217;altra faccia del multiculturalismo&#8221;. Cos\u00ec titola il Giornale oggi, dopo la figuraccia di ieri Il razzismo \u00e8 l\u2019altra faccia del multiculturalismo Dietro all\u2019estremismo dei neonazi o alla jihad la stessa volont\u00e0 di prevaricazione Se si vuole [&hellip;]\" \/>\n<meta property=\"og:url\" content=\"https:\/\/www.alongo.it\/?p=1048\" \/>\n<meta property=\"og:site_name\" content=\"Alessandro Longo\" \/>\n<meta property=\"article:published_time\" content=\"2011-07-24T10:39:13+00:00\" \/>\n<meta property=\"article:modified_time\" content=\"2011-07-24T10:40:09+00:00\" \/>\n<meta name=\"author\" content=\"alex\" \/>\n<meta name=\"twitter:card\" content=\"summary_large_image\" \/>\n<meta name=\"twitter:label1\" content=\"Scritto da\" \/>\n\t<meta name=\"twitter:data1\" content=\"alex\" \/>\n\t<meta name=\"twitter:label2\" content=\"Tempo di lettura stimato\" \/>\n\t<meta name=\"twitter:data2\" content=\"2 minuti\" \/>\n<script type=\"application\/ld+json\" class=\"yoast-schema-graph\">{\"@context\":\"https:\\\/\\\/schema.org\",\"@graph\":[{\"@type\":\"Article\",\"@id\":\"https:\\\/\\\/www.alongo.it\\\/?p=1048#article\",\"isPartOf\":{\"@id\":\"https:\\\/\\\/www.alongo.it\\\/?p=1048\"},\"author\":{\"name\":\"alex\",\"@id\":\"https:\\\/\\\/www.alongo.it\\\/#\\\/schema\\\/person\\\/eb81a41f49bbca65b55a93a8a3f2a8bd\"},\"headline\":\"Tutta colpa del multiculturalismo (Il Giornale)\",\"datePublished\":\"2011-07-24T10:39:13+00:00\",\"dateModified\":\"2011-07-24T10:40:09+00:00\",\"mainEntityOfPage\":{\"@id\":\"https:\\\/\\\/www.alongo.it\\\/?p=1048\"},\"wordCount\":349,\"commentCount\":1,\"publisher\":{\"@id\":\"https:\\\/\\\/www.alongo.it\\\/#\\\/schema\\\/person\\\/eb81a41f49bbca65b55a93a8a3f2a8bd\"},\"keywords\":[\"riflessioni\"],\"articleSection\":[\"articoli\"],\"inLanguage\":\"it-IT\",\"potentialAction\":[{\"@type\":\"CommentAction\",\"name\":\"Comment\",\"target\":[\"https:\\\/\\\/www.alongo.it\\\/?p=1048#respond\"]}]},{\"@type\":\"WebPage\",\"@id\":\"https:\\\/\\\/www.alongo.it\\\/?p=1048\",\"url\":\"https:\\\/\\\/www.alongo.it\\\/?p=1048\",\"name\":\"Tutta colpa del multiculturalismo (Il Giornale) - Alessandro Longo\",\"isPartOf\":{\"@id\":\"https:\\\/\\\/www.alongo.it\\\/#website\"},\"datePublished\":\"2011-07-24T10:39:13+00:00\",\"dateModified\":\"2011-07-24T10:40:09+00:00\",\"breadcrumb\":{\"@id\":\"https:\\\/\\\/www.alongo.it\\\/?p=1048#breadcrumb\"},\"inLanguage\":\"it-IT\",\"potentialAction\":[{\"@type\":\"ReadAction\",\"target\":[\"https:\\\/\\\/www.alongo.it\\\/?p=1048\"]}]},{\"@type\":\"BreadcrumbList\",\"@id\":\"https:\\\/\\\/www.alongo.it\\\/?p=1048#breadcrumb\",\"itemListElement\":[{\"@type\":\"ListItem\",\"position\":1,\"name\":\"Home\",\"item\":\"https:\\\/\\\/www.alongo.it\\\/\"},{\"@type\":\"ListItem\",\"position\":2,\"name\":\"Tutta colpa del multiculturalismo (Il Giornale)\"}]},{\"@type\":\"WebSite\",\"@id\":\"https:\\\/\\\/www.alongo.it\\\/#website\",\"url\":\"https:\\\/\\\/www.alongo.it\\\/\",\"name\":\"Alessandro Longo\",\"description\":\"Telefonia, hi-tech e giornalismo\",\"publisher\":{\"@id\":\"https:\\\/\\\/www.alongo.it\\\/#\\\/schema\\\/person\\\/eb81a41f49bbca65b55a93a8a3f2a8bd\"},\"potentialAction\":[{\"@type\":\"SearchAction\",\"target\":{\"@type\":\"EntryPoint\",\"urlTemplate\":\"https:\\\/\\\/www.alongo.it\\\/?s={search_term_string}\"},\"query-input\":{\"@type\":\"PropertyValueSpecification\",\"valueRequired\":true,\"valueName\":\"search_term_string\"}}],\"inLanguage\":\"it-IT\"},{\"@type\":[\"Person\",\"Organization\"],\"@id\":\"https:\\\/\\\/www.alongo.it\\\/#\\\/schema\\\/person\\\/eb81a41f49bbca65b55a93a8a3f2a8bd\",\"name\":\"alex\",\"image\":{\"@type\":\"ImageObject\",\"inLanguage\":\"it-IT\",\"@id\":\"https:\\\/\\\/www.alongo.it\\\/wp-content\\\/uploads\\\/2012\\\/10\\\/longo.jpg\",\"url\":\"https:\\\/\\\/www.alongo.it\\\/wp-content\\\/uploads\\\/2012\\\/10\\\/longo.jpg\",\"contentUrl\":\"https:\\\/\\\/www.alongo.it\\\/wp-content\\\/uploads\\\/2012\\\/10\\\/longo.jpg\",\"width\":\"896\",\"height\":\"616\",\"caption\":\"alex\"},\"logo\":{\"@id\":\"https:\\\/\\\/www.alongo.it\\\/wp-content\\\/uploads\\\/2012\\\/10\\\/longo.jpg\"},\"url\":\"https:\\\/\\\/www.alongo.it\\\/?author=1\"}]}<\/script>\n<!-- \/ Yoast SEO plugin. -->","yoast_head_json":{"title":"Tutta colpa del multiculturalismo (Il Giornale) - Alessandro Longo","robots":{"index":"index","follow":"follow","max-snippet":"max-snippet:-1","max-image-preview":"max-image-preview:large","max-video-preview":"max-video-preview:-1"},"canonical":"https:\/\/www.alongo.it\/?p=1048","og_locale":"it_IT","og_type":"article","og_title":"Tutta colpa del multiculturalismo (Il Giornale) - Alessandro Longo","og_description":"Geniale: la strage di Oslo non \u00e8 colpa della chiusura mentale di chi non accetta il diverso. No, &#8220;\u00e8 l&#8217;altra faccia del multiculturalismo&#8221;. Cos\u00ec titola il Giornale oggi, dopo la figuraccia di ieri Il razzismo \u00e8 l\u2019altra faccia del multiculturalismo Dietro all\u2019estremismo dei neonazi o alla jihad la stessa volont\u00e0 di prevaricazione Se si vuole [&hellip;]","og_url":"https:\/\/www.alongo.it\/?p=1048","og_site_name":"Alessandro Longo","article_published_time":"2011-07-24T10:39:13+00:00","article_modified_time":"2011-07-24T10:40:09+00:00","author":"alex","twitter_card":"summary_large_image","twitter_misc":{"Scritto da":"alex","Tempo di lettura stimato":"2 minuti"},"schema":{"@context":"https:\/\/schema.org","@graph":[{"@type":"Article","@id":"https:\/\/www.alongo.it\/?p=1048#article","isPartOf":{"@id":"https:\/\/www.alongo.it\/?p=1048"},"author":{"name":"alex","@id":"https:\/\/www.alongo.it\/#\/schema\/person\/eb81a41f49bbca65b55a93a8a3f2a8bd"},"headline":"Tutta colpa del multiculturalismo (Il Giornale)","datePublished":"2011-07-24T10:39:13+00:00","dateModified":"2011-07-24T10:40:09+00:00","mainEntityOfPage":{"@id":"https:\/\/www.alongo.it\/?p=1048"},"wordCount":349,"commentCount":1,"publisher":{"@id":"https:\/\/www.alongo.it\/#\/schema\/person\/eb81a41f49bbca65b55a93a8a3f2a8bd"},"keywords":["riflessioni"],"articleSection":["articoli"],"inLanguage":"it-IT","potentialAction":[{"@type":"CommentAction","name":"Comment","target":["https:\/\/www.alongo.it\/?p=1048#respond"]}]},{"@type":"WebPage","@id":"https:\/\/www.alongo.it\/?p=1048","url":"https:\/\/www.alongo.it\/?p=1048","name":"Tutta colpa del multiculturalismo (Il Giornale) - Alessandro Longo","isPartOf":{"@id":"https:\/\/www.alongo.it\/#website"},"datePublished":"2011-07-24T10:39:13+00:00","dateModified":"2011-07-24T10:40:09+00:00","breadcrumb":{"@id":"https:\/\/www.alongo.it\/?p=1048#breadcrumb"},"inLanguage":"it-IT","potentialAction":[{"@type":"ReadAction","target":["https:\/\/www.alongo.it\/?p=1048"]}]},{"@type":"BreadcrumbList","@id":"https:\/\/www.alongo.it\/?p=1048#breadcrumb","itemListElement":[{"@type":"ListItem","position":1,"name":"Home","item":"https:\/\/www.alongo.it\/"},{"@type":"ListItem","position":2,"name":"Tutta colpa del multiculturalismo (Il Giornale)"}]},{"@type":"WebSite","@id":"https:\/\/www.alongo.it\/#website","url":"https:\/\/www.alongo.it\/","name":"Alessandro Longo","description":"Telefonia, hi-tech e giornalismo","publisher":{"@id":"https:\/\/www.alongo.it\/#\/schema\/person\/eb81a41f49bbca65b55a93a8a3f2a8bd"},"potentialAction":[{"@type":"SearchAction","target":{"@type":"EntryPoint","urlTemplate":"https:\/\/www.alongo.it\/?s={search_term_string}"},"query-input":{"@type":"PropertyValueSpecification","valueRequired":true,"valueName":"search_term_string"}}],"inLanguage":"it-IT"},{"@type":["Person","Organization"],"@id":"https:\/\/www.alongo.it\/#\/schema\/person\/eb81a41f49bbca65b55a93a8a3f2a8bd","name":"alex","image":{"@type":"ImageObject","inLanguage":"it-IT","@id":"https:\/\/www.alongo.it\/wp-content\/uploads\/2012\/10\/longo.jpg","url":"https:\/\/www.alongo.it\/wp-content\/uploads\/2012\/10\/longo.jpg","contentUrl":"https:\/\/www.alongo.it\/wp-content\/uploads\/2012\/10\/longo.jpg","width":"896","height":"616","caption":"alex"},"logo":{"@id":"https:\/\/www.alongo.it\/wp-content\/uploads\/2012\/10\/longo.jpg"},"url":"https:\/\/www.alongo.it\/?author=1"}]}},"_links":{"self":[{"href":"https:\/\/www.alongo.it\/index.php?rest_route=\/wp\/v2\/posts\/1048","targetHints":{"allow":["GET"]}}],"collection":[{"href":"https:\/\/www.alongo.it\/index.php?rest_route=\/wp\/v2\/posts"}],"about":[{"href":"https:\/\/www.alongo.it\/index.php?rest_route=\/wp\/v2\/types\/post"}],"author":[{"embeddable":true,"href":"https:\/\/www.alongo.it\/index.php?rest_route=\/wp\/v2\/users\/1"}],"replies":[{"embeddable":true,"href":"https:\/\/www.alongo.it\/index.php?rest_route=%2Fwp%2Fv2%2Fcomments&post=1048"}],"version-history":[{"count":3,"href":"https:\/\/www.alongo.it\/index.php?rest_route=\/wp\/v2\/posts\/1048\/revisions"}],"predecessor-version":[{"id":1051,"href":"https:\/\/www.alongo.it\/index.php?rest_route=\/wp\/v2\/posts\/1048\/revisions\/1051"}],"wp:attachment":[{"href":"https:\/\/www.alongo.it\/index.php?rest_route=%2Fwp%2Fv2%2Fmedia&parent=1048"}],"wp:term":[{"taxonomy":"category","embeddable":true,"href":"https:\/\/www.alongo.it\/index.php?rest_route=%2Fwp%2Fv2%2Fcategories&post=1048"},{"taxonomy":"post_tag","embeddable":true,"href":"https:\/\/www.alongo.it\/index.php?rest_route=%2Fwp%2Fv2%2Ftags&post=1048"}],"curies":[{"name":"wp","href":"https:\/\/api.w.org\/{rel}","templated":true}]}}