{"id":1023,"date":"2011-07-08T23:19:24","date_gmt":"2011-07-08T21:19:24","guid":{"rendered":"http:\/\/www.alongo.it\/?p=1023"},"modified":"2011-07-08T23:20:44","modified_gmt":"2011-07-08T21:20:44","slug":"da-agcom-nessuna-minaccia-alla-liberta-di-internet-per-ora","status":"publish","type":"post","link":"https:\/\/www.alongo.it\/?p=1023","title":{"rendered":"Da Agcom nessuna minaccia alla libert\u00e0 di internet (per ora)"},"content":{"rendered":"<p>Ci ho riflettuto, ho discusso, ho rielaborato. Sono arrivato a questa  conclusione e mi scuso se non \u00e8 abbastanza sensazionalistica: il testo  attuale non \u00e8 una minaccia alcuna alla libert\u00e0 di espressione. La  consultazione pubblica e il dibattito dei prossimi due mesi devono  servire soprattutto a evitare modifiche negative e chiarire alcuni  aspetti (in che misura Facebook e Youtube sono impattati? Rientrano nei  siti italiani o in quelli esteri?).<\/p>\n<p>Ad oggi, con le  esclusioni per il fair use (siti non a scopo di lucro, pubblicazioni  solo sporadiche e di piccole parti di opere&#8230;) e le eccezioni per i  siti esteri, quali sono infatti i due scenari che subiranno l&#8217;impatto  della delibera (stante l&#8217;attuale testo)?<\/p>\n<p>A)I siti italiani con pubblicit\u00e0 e che sistematicamente pubblicano contenuti giudicati illeciti da Agcom&#8230;quindi ci lucrano.<\/p>\n<p>B)Blog italiani che hanno pubblicit\u00e0 e che pubblicano video tratti illecitamente dalla tv, interi film e canzoni.<\/p>\n<p>I primi avranno vita meno facile perch\u00e9 ora oltre a essere inseguiti  dai detentori di copyright e dalla magistratura dovranno rispondere  anche ad Agcom&#8230;o andare all&#8217;estero. I secondi dovranno stare attenti  per rientrare nell&#8217;esclusione del fair use. Quindi limitare quelle  pubblicazioni per quantit\u00e0, durata o frequenza. Io sinceramente non ci  vedo una restrizione della libert\u00e0 su internet. A meno di non far  coincidere questa con la possibilit\u00e0 di usare contentui pirata conditi  da pubblicit\u00e0. La delibera non colpisce gli utenti che condividono, i  siti gratuiti; non oscura nessun sito o trasmissione (questo s\u00ec sarebbe  censura).<\/p>\n<p>S\u00ec, d\u00e0 solo 48 ore ai siti (sempre nei casi come A e B) per  esprimere le proprie ragioni&#8230;dopo per\u00f2 una fase di dibattito tra sito  e dententore di diritto d&#8217;autore. Possiamo spingere per ampliare questo  termine, cos\u00ec da evitare casi frettolosi di siti colpiti da Agcom anche  se rientrano nel fair use. Ma per il resto, ragazzi, \u00e8 una vittoria.  Per ora.<\/p>\n<div><div style=\"padding-top:10px;margin-bottom:10px;font-size:10pt;font-family:arial;font-weight:bold;\"><\/div><div class=simplesocial><a href=\"http:\/\/twitter.com\/share\" data-url=\"https:\/\/www.alongo.it\/?p=1023\" data-text=\"Da+Agcom+nessuna+minaccia+alla+libert%C3%A0+di+internet+%28per+ora%29\" class=\"twitter-share-button\" data-count=\"horizontal\">Tweet<\/a><script type=\"text\/javascript\" src=\"http:\/\/platform.twitter.com\/widgets.js\"><\/script><\/div><div class=simplesocial><iframe src=\"http:\/\/www.facebook.com\/plugins\/like.php?href=https%3A%2F%2Fwww.alongo.it%2F%3Fp%3D1023&layout=standard&show_faces=false&width=450&action=like&colorscheme=light&height=35\" scrolling=\"no\" frameborder=\"0\" style=\"border:none; overflow:hidden; width:450px; height:25px;\" allowTransparency=\"true\"><\/iframe><\/div><div style=\"clear:both\"><\/div><a class=simplesocial onclick=\"return simplesocial(this,500,400)\" title=\"Share on Facebook\" style=\"background:url(http:\/\/www.alongo.it\/wp-content\/plugins\/simple-social-sharing-widgets-icons\/icons_16\/facebook.png)\" href=\"http:\/\/www.facebook.com\/share.php?u=https%3A%2F%2Fwww.alongo.it%2F%3Fp%3D1023&t=Da+Agcom+nessuna+minaccia+alla+libert%C3%A0+di+internet+%28per+ora%29\"><\/a><a class=simplesocial onclick=\"return simplesocial(this,812,420)\" title=\"Share on Twitter\" style=\"background:url(http:\/\/www.alongo.it\/wp-content\/plugins\/simple-social-sharing-widgets-icons\/icons_16\/twitter.png)\" href=\"http:\/\/twitter.com\/home?status=https%3A%2F%2Fwww.alongo.it%2F%3Fp%3D1023\"><\/a><a class=simplesocial onclick=\"return simplesocial(this,435,500)\" title=\"Email a Friend\" style=\"background:url(http:\/\/www.alongo.it\/wp-content\/plugins\/simple-social-sharing-widgets-icons\/icons_16\/email.png)\" href=\"http:\/\/www.freetellafriend.com\/tell\/?heading=Share+This+Article&bg=1&option=email&url=https%3A%2F%2Fwww.alongo.it%2F%3Fp%3D1023\"><\/a><\/div><div style=\"clear:both;margin-bottom:20px\"><\/div>","protected":false},"excerpt":{"rendered":"<p>Ci ho riflettuto, ho discusso, ho rielaborato. Sono arrivato a questa conclusione e mi scuso se non \u00e8 abbastanza sensazionalistica: il testo attuale non \u00e8 una minaccia alcuna alla libert\u00e0 di espressione. La consultazione pubblica e il dibattito dei prossimi due mesi devono servire soprattutto a evitare modifiche negative e chiarire alcuni aspetti (in che [&hellip;]<\/p>\n","protected":false},"author":1,"featured_media":0,"comment_status":"open","ping_status":"open","sticky":false,"template":"","format":"standard","meta":{"footnotes":""},"categories":[1],"tags":[],"class_list":["post-1023","post","type-post","status-publish","format-standard","hentry","category-articoli"],"yoast_head":"<!-- This site is optimized with the Yoast SEO plugin v27.5 - https:\/\/yoast.com\/product\/yoast-seo-wordpress\/ -->\n<title>Da Agcom nessuna minaccia alla libert\u00e0 di internet (per ora) - Alessandro Longo<\/title>\n<meta name=\"robots\" content=\"index, follow, max-snippet:-1, max-image-preview:large, max-video-preview:-1\" \/>\n<link rel=\"canonical\" href=\"https:\/\/www.alongo.it\/?p=1023\" \/>\n<meta property=\"og:locale\" content=\"it_IT\" \/>\n<meta property=\"og:type\" content=\"article\" \/>\n<meta property=\"og:title\" content=\"Da Agcom nessuna minaccia alla libert\u00e0 di internet (per ora) - Alessandro Longo\" \/>\n<meta property=\"og:description\" content=\"Ci ho riflettuto, ho discusso, ho rielaborato. Sono arrivato a questa conclusione e mi scuso se non \u00e8 abbastanza sensazionalistica: il testo attuale non \u00e8 una minaccia alcuna alla libert\u00e0 di espressione. La consultazione pubblica e il dibattito dei prossimi due mesi devono servire soprattutto a evitare modifiche negative e chiarire alcuni aspetti (in che [&hellip;]\" \/>\n<meta property=\"og:url\" content=\"https:\/\/www.alongo.it\/?p=1023\" \/>\n<meta property=\"og:site_name\" content=\"Alessandro Longo\" \/>\n<meta property=\"article:published_time\" content=\"2011-07-08T21:19:24+00:00\" \/>\n<meta property=\"article:modified_time\" content=\"2011-07-08T21:20:44+00:00\" \/>\n<meta name=\"author\" content=\"alex\" \/>\n<meta name=\"twitter:card\" content=\"summary_large_image\" \/>\n<meta name=\"twitter:label1\" content=\"Scritto da\" \/>\n\t<meta name=\"twitter:data1\" content=\"alex\" \/>\n\t<meta name=\"twitter:label2\" content=\"Tempo di lettura stimato\" \/>\n\t<meta name=\"twitter:data2\" content=\"2 minuti\" \/>\n<script type=\"application\/ld+json\" class=\"yoast-schema-graph\">{\"@context\":\"https:\\\/\\\/schema.org\",\"@graph\":[{\"@type\":\"Article\",\"@id\":\"https:\\\/\\\/www.alongo.it\\\/?p=1023#article\",\"isPartOf\":{\"@id\":\"https:\\\/\\\/www.alongo.it\\\/?p=1023\"},\"author\":{\"name\":\"alex\",\"@id\":\"https:\\\/\\\/www.alongo.it\\\/#\\\/schema\\\/person\\\/eb81a41f49bbca65b55a93a8a3f2a8bd\"},\"headline\":\"Da Agcom nessuna minaccia alla libert\u00e0 di internet (per ora)\",\"datePublished\":\"2011-07-08T21:19:24+00:00\",\"dateModified\":\"2011-07-08T21:20:44+00:00\",\"mainEntityOfPage\":{\"@id\":\"https:\\\/\\\/www.alongo.it\\\/?p=1023\"},\"wordCount\":316,\"commentCount\":0,\"publisher\":{\"@id\":\"https:\\\/\\\/www.alongo.it\\\/#\\\/schema\\\/person\\\/eb81a41f49bbca65b55a93a8a3f2a8bd\"},\"articleSection\":[\"articoli\"],\"inLanguage\":\"it-IT\",\"potentialAction\":[{\"@type\":\"CommentAction\",\"name\":\"Comment\",\"target\":[\"https:\\\/\\\/www.alongo.it\\\/?p=1023#respond\"]}]},{\"@type\":\"WebPage\",\"@id\":\"https:\\\/\\\/www.alongo.it\\\/?p=1023\",\"url\":\"https:\\\/\\\/www.alongo.it\\\/?p=1023\",\"name\":\"Da Agcom nessuna minaccia alla libert\u00e0 di internet (per ora) - Alessandro Longo\",\"isPartOf\":{\"@id\":\"https:\\\/\\\/www.alongo.it\\\/#website\"},\"datePublished\":\"2011-07-08T21:19:24+00:00\",\"dateModified\":\"2011-07-08T21:20:44+00:00\",\"breadcrumb\":{\"@id\":\"https:\\\/\\\/www.alongo.it\\\/?p=1023#breadcrumb\"},\"inLanguage\":\"it-IT\",\"potentialAction\":[{\"@type\":\"ReadAction\",\"target\":[\"https:\\\/\\\/www.alongo.it\\\/?p=1023\"]}]},{\"@type\":\"BreadcrumbList\",\"@id\":\"https:\\\/\\\/www.alongo.it\\\/?p=1023#breadcrumb\",\"itemListElement\":[{\"@type\":\"ListItem\",\"position\":1,\"name\":\"Home\",\"item\":\"https:\\\/\\\/www.alongo.it\\\/\"},{\"@type\":\"ListItem\",\"position\":2,\"name\":\"Da Agcom nessuna minaccia alla libert\u00e0 di internet (per ora)\"}]},{\"@type\":\"WebSite\",\"@id\":\"https:\\\/\\\/www.alongo.it\\\/#website\",\"url\":\"https:\\\/\\\/www.alongo.it\\\/\",\"name\":\"Alessandro Longo\",\"description\":\"Telefonia, hi-tech e giornalismo\",\"publisher\":{\"@id\":\"https:\\\/\\\/www.alongo.it\\\/#\\\/schema\\\/person\\\/eb81a41f49bbca65b55a93a8a3f2a8bd\"},\"potentialAction\":[{\"@type\":\"SearchAction\",\"target\":{\"@type\":\"EntryPoint\",\"urlTemplate\":\"https:\\\/\\\/www.alongo.it\\\/?s={search_term_string}\"},\"query-input\":{\"@type\":\"PropertyValueSpecification\",\"valueRequired\":true,\"valueName\":\"search_term_string\"}}],\"inLanguage\":\"it-IT\"},{\"@type\":[\"Person\",\"Organization\"],\"@id\":\"https:\\\/\\\/www.alongo.it\\\/#\\\/schema\\\/person\\\/eb81a41f49bbca65b55a93a8a3f2a8bd\",\"name\":\"alex\",\"image\":{\"@type\":\"ImageObject\",\"inLanguage\":\"it-IT\",\"@id\":\"https:\\\/\\\/www.alongo.it\\\/wp-content\\\/uploads\\\/2012\\\/10\\\/longo.jpg\",\"url\":\"https:\\\/\\\/www.alongo.it\\\/wp-content\\\/uploads\\\/2012\\\/10\\\/longo.jpg\",\"contentUrl\":\"https:\\\/\\\/www.alongo.it\\\/wp-content\\\/uploads\\\/2012\\\/10\\\/longo.jpg\",\"width\":\"896\",\"height\":\"616\",\"caption\":\"alex\"},\"logo\":{\"@id\":\"https:\\\/\\\/www.alongo.it\\\/wp-content\\\/uploads\\\/2012\\\/10\\\/longo.jpg\"},\"url\":\"https:\\\/\\\/www.alongo.it\\\/?author=1\"}]}<\/script>\n<!-- \/ Yoast SEO plugin. -->","yoast_head_json":{"title":"Da Agcom nessuna minaccia alla libert\u00e0 di internet (per ora) - Alessandro Longo","robots":{"index":"index","follow":"follow","max-snippet":"max-snippet:-1","max-image-preview":"max-image-preview:large","max-video-preview":"max-video-preview:-1"},"canonical":"https:\/\/www.alongo.it\/?p=1023","og_locale":"it_IT","og_type":"article","og_title":"Da Agcom nessuna minaccia alla libert\u00e0 di internet (per ora) - Alessandro Longo","og_description":"Ci ho riflettuto, ho discusso, ho rielaborato. Sono arrivato a questa conclusione e mi scuso se non \u00e8 abbastanza sensazionalistica: il testo attuale non \u00e8 una minaccia alcuna alla libert\u00e0 di espressione. La consultazione pubblica e il dibattito dei prossimi due mesi devono servire soprattutto a evitare modifiche negative e chiarire alcuni aspetti (in che [&hellip;]","og_url":"https:\/\/www.alongo.it\/?p=1023","og_site_name":"Alessandro Longo","article_published_time":"2011-07-08T21:19:24+00:00","article_modified_time":"2011-07-08T21:20:44+00:00","author":"alex","twitter_card":"summary_large_image","twitter_misc":{"Scritto da":"alex","Tempo di lettura stimato":"2 minuti"},"schema":{"@context":"https:\/\/schema.org","@graph":[{"@type":"Article","@id":"https:\/\/www.alongo.it\/?p=1023#article","isPartOf":{"@id":"https:\/\/www.alongo.it\/?p=1023"},"author":{"name":"alex","@id":"https:\/\/www.alongo.it\/#\/schema\/person\/eb81a41f49bbca65b55a93a8a3f2a8bd"},"headline":"Da Agcom nessuna minaccia alla libert\u00e0 di internet (per ora)","datePublished":"2011-07-08T21:19:24+00:00","dateModified":"2011-07-08T21:20:44+00:00","mainEntityOfPage":{"@id":"https:\/\/www.alongo.it\/?p=1023"},"wordCount":316,"commentCount":0,"publisher":{"@id":"https:\/\/www.alongo.it\/#\/schema\/person\/eb81a41f49bbca65b55a93a8a3f2a8bd"},"articleSection":["articoli"],"inLanguage":"it-IT","potentialAction":[{"@type":"CommentAction","name":"Comment","target":["https:\/\/www.alongo.it\/?p=1023#respond"]}]},{"@type":"WebPage","@id":"https:\/\/www.alongo.it\/?p=1023","url":"https:\/\/www.alongo.it\/?p=1023","name":"Da Agcom nessuna minaccia alla libert\u00e0 di internet (per ora) - Alessandro Longo","isPartOf":{"@id":"https:\/\/www.alongo.it\/#website"},"datePublished":"2011-07-08T21:19:24+00:00","dateModified":"2011-07-08T21:20:44+00:00","breadcrumb":{"@id":"https:\/\/www.alongo.it\/?p=1023#breadcrumb"},"inLanguage":"it-IT","potentialAction":[{"@type":"ReadAction","target":["https:\/\/www.alongo.it\/?p=1023"]}]},{"@type":"BreadcrumbList","@id":"https:\/\/www.alongo.it\/?p=1023#breadcrumb","itemListElement":[{"@type":"ListItem","position":1,"name":"Home","item":"https:\/\/www.alongo.it\/"},{"@type":"ListItem","position":2,"name":"Da Agcom nessuna minaccia alla libert\u00e0 di internet (per ora)"}]},{"@type":"WebSite","@id":"https:\/\/www.alongo.it\/#website","url":"https:\/\/www.alongo.it\/","name":"Alessandro Longo","description":"Telefonia, hi-tech e giornalismo","publisher":{"@id":"https:\/\/www.alongo.it\/#\/schema\/person\/eb81a41f49bbca65b55a93a8a3f2a8bd"},"potentialAction":[{"@type":"SearchAction","target":{"@type":"EntryPoint","urlTemplate":"https:\/\/www.alongo.it\/?s={search_term_string}"},"query-input":{"@type":"PropertyValueSpecification","valueRequired":true,"valueName":"search_term_string"}}],"inLanguage":"it-IT"},{"@type":["Person","Organization"],"@id":"https:\/\/www.alongo.it\/#\/schema\/person\/eb81a41f49bbca65b55a93a8a3f2a8bd","name":"alex","image":{"@type":"ImageObject","inLanguage":"it-IT","@id":"https:\/\/www.alongo.it\/wp-content\/uploads\/2012\/10\/longo.jpg","url":"https:\/\/www.alongo.it\/wp-content\/uploads\/2012\/10\/longo.jpg","contentUrl":"https:\/\/www.alongo.it\/wp-content\/uploads\/2012\/10\/longo.jpg","width":"896","height":"616","caption":"alex"},"logo":{"@id":"https:\/\/www.alongo.it\/wp-content\/uploads\/2012\/10\/longo.jpg"},"url":"https:\/\/www.alongo.it\/?author=1"}]}},"_links":{"self":[{"href":"https:\/\/www.alongo.it\/index.php?rest_route=\/wp\/v2\/posts\/1023","targetHints":{"allow":["GET"]}}],"collection":[{"href":"https:\/\/www.alongo.it\/index.php?rest_route=\/wp\/v2\/posts"}],"about":[{"href":"https:\/\/www.alongo.it\/index.php?rest_route=\/wp\/v2\/types\/post"}],"author":[{"embeddable":true,"href":"https:\/\/www.alongo.it\/index.php?rest_route=\/wp\/v2\/users\/1"}],"replies":[{"embeddable":true,"href":"https:\/\/www.alongo.it\/index.php?rest_route=%2Fwp%2Fv2%2Fcomments&post=1023"}],"version-history":[{"count":2,"href":"https:\/\/www.alongo.it\/index.php?rest_route=\/wp\/v2\/posts\/1023\/revisions"}],"predecessor-version":[{"id":1026,"href":"https:\/\/www.alongo.it\/index.php?rest_route=\/wp\/v2\/posts\/1023\/revisions\/1026"}],"wp:attachment":[{"href":"https:\/\/www.alongo.it\/index.php?rest_route=%2Fwp%2Fv2%2Fmedia&parent=1023"}],"wp:term":[{"taxonomy":"category","embeddable":true,"href":"https:\/\/www.alongo.it\/index.php?rest_route=%2Fwp%2Fv2%2Fcategories&post=1023"},{"taxonomy":"post_tag","embeddable":true,"href":"https:\/\/www.alongo.it\/index.php?rest_route=%2Fwp%2Fv2%2Ftags&post=1023"}],"curies":[{"name":"wp","href":"https:\/\/api.w.org\/{rel}","templated":true}]}}